{"id":248838,"date":"2017-04-14T11:49:36","date_gmt":"2017-04-14T08:49:36","guid":{"rendered":"http:\/\/www.nationalturk.com\/?p=248838"},"modified":"2017-04-14T11:49:36","modified_gmt":"2017-04-14T08:49:36","slug":"castan-fenerbahceye-ret","status":"publish","type":"post","link":"https:\/\/www.nationalturk.com\/tr\/castan-fenerbahceye-ret\/","title":{"rendered":"CAS&#8217;tan Fenerbah\u00e7e&#8217;ye ret!"},"content":{"rendered":"<h2>Trabzonspor Kul\u00fcb\u00fc avukatlar\u0131ndan Nusret Y\u0131lmaz, Fenerbah\u00e7e&#8217;nin, Trabzonspor hakk\u0131nda yapt\u0131\u011f\u0131 \u015fikayetin CAS taraf\u0131ndan da reddedildi\u011fini duyurdu.<\/h2>\n<p>Trabzonspor Kul\u00fcb\u00fc avukatlar\u0131ndan Nusret Y\u0131lmaz, Fenerbah\u00e7e&#8217;nin, Trabzonspor hakk\u0131nda yapt\u0131\u011f\u0131 \u015fikayetin UEFA Kontrol Etik ve Disiplin Kurulu ile UEFA Temyiz Kurulundan sonra Uluslararas\u0131 Spor Tahkim Mahkemesi (CAS) taraf\u0131ndan da reddedildi\u011fini a\u00e7\u0131klad\u0131.<\/p>\n<p>Y\u0131lmaz, Twitter hesab\u0131ndan yapt\u0131\u011f\u0131 a\u00e7\u0131klamada, &#8220;Fenerbah\u00e7e&#8217;nin, &#8216;kumpas&#8217; dedi\u011fi dosyay\u0131 esas alarak Trabzonspor hakk\u0131nda yapt\u0131\u011f\u0131 \u015fikayet, UEFA Kontrol Etik ve Disiplin Kurulu ile UEFA Temyiz Kurulundan sonra CAS taraf\u0131ndan da reddedilmi\u015ftir.&#8221; ifadelerini kulland\u0131.<\/p>\n<!-- Error, Advert is not available at this time due to schedule\/geolocation restrictions! -->\n","protected":false},"excerpt":{"rendered":"<p>Trabzonspor Kul\u00fcb\u00fc avukatlar\u0131ndan Nusret Y\u0131lmaz, Fenerbah\u00e7e&#8217;nin, Trabzonspor hakk\u0131nda yapt\u0131\u011f\u0131 \u015fikayetin CAS taraf\u0131ndan da reddedildi\u011fini duyurdu. Trabzonspor Kul\u00fcb\u00fc avukatlar\u0131ndan Nusret Y\u0131lmaz, Fenerbah\u00e7e&#8217;nin, Trabzonspor hakk\u0131nda yapt\u0131\u011f\u0131 \u015fikayetin UEFA Kontrol Etik ve Disiplin Kurulu ile UEFA Temyiz Kurulundan sonra Uluslararas\u0131 Spor Tahkim Mahkemesi (CAS) taraf\u0131ndan da reddedildi\u011fini a\u00e7\u0131klad\u0131. Y\u0131lmaz, Twitter hesab\u0131ndan yapt\u0131\u011f\u0131 a\u00e7\u0131klamada, &#8220;Fenerbah\u00e7e&#8217;nin, &#8216;kumpas&#8217; dedi\u011fi dosyay\u0131 esas &hellip;<\/p>\n","protected":false},"author":4,"featured_media":248839,"comment_status":"open","ping_status":"open","sticky":false,"template":"","format":"standard","meta":{"_acf_changed":false,"footnotes":""},"categories":[6774,5005,349,6194],"tags":[],"class_list":["post-248838","post","type-post","status-publish","format-standard","has-post-thumbnail","hentry","category-futbol","category-manset","category-son-dakika","category-spor"],"acf":[],"_links":{"self":[{"href":"https:\/\/www.nationalturk.com\/tr\/wp-json\/wp\/v2\/posts\/248838","targetHints":{"allow":["GET"]}}],"collection":[{"href":"https:\/\/www.nationalturk.com\/tr\/wp-json\/wp\/v2\/posts"}],"about":[{"href":"https:\/\/www.nationalturk.com\/tr\/wp-json\/wp\/v2\/types\/post"}],"author":[{"embeddable":true,"href":"https:\/\/www.nationalturk.com\/tr\/wp-json\/wp\/v2\/users\/4"}],"replies":[{"embeddable":true,"href":"https:\/\/www.nationalturk.com\/tr\/wp-json\/wp\/v2\/comments?post=248838"}],"version-history":[{"count":0,"href":"https:\/\/www.nationalturk.com\/tr\/wp-json\/wp\/v2\/posts\/248838\/revisions"}],"wp:featuredmedia":[{"embeddable":true,"href":"https:\/\/www.nationalturk.com\/tr\/wp-json\/wp\/v2\/media\/248839"}],"wp:attachment":[{"href":"https:\/\/www.nationalturk.com\/tr\/wp-json\/wp\/v2\/media?parent=248838"}],"wp:term":[{"taxonomy":"category","embeddable":true,"href":"https:\/\/www.nationalturk.com\/tr\/wp-json\/wp\/v2\/categories?post=248838"},{"taxonomy":"post_tag","embeddable":true,"href":"https:\/\/www.nationalturk.com\/tr\/wp-json\/wp\/v2\/tags?post=248838"}],"curies":[{"name":"wp","href":"https:\/\/api.w.org\/{rel}","templated":true}]}}