{"id":248877,"date":"2017-04-15T11:13:14","date_gmt":"2017-04-15T08:13:14","guid":{"rendered":"http:\/\/www.nationalturk.com\/?p=248877"},"modified":"2017-04-15T11:13:14","modified_gmt":"2017-04-15T08:13:14","slug":"hindistanda-9-yasindaki-bir-kiz-cocugu-hukumete-dava-acti","status":"publish","type":"post","link":"https:\/\/www.nationalturk.com\/tr\/hindistanda-9-yasindaki-bir-kiz-cocugu-hukumete-dava-acti\/","title":{"rendered":"Hindistan\u2019da 9 Ya\u015f\u0131ndaki Bir K\u0131z \u00c7ocu\u011fu H\u00fck\u00fcmete Dava A\u00e7t\u0131"},"content":{"rendered":"<h2>Hindistan\u2019da, 9 ya\u015f\u0131ndaki bir k\u0131z \u00e7ocu\u011fu h\u00fckumete iklim de\u011fi\u015fikli\u011fine kar\u015f\u0131 duyars\u0131z kalmaktan dolay\u0131 dava a\u00e7t\u0131.<\/h2>\n<p>Ridhima Pandey isimli 9 ya\u015f\u0131ndaki minik k\u0131z, \u00e7evreyle alakal\u0131 davalar\u0131n g\u00f6r\u00fcld\u00fc\u011f\u00fc \u00f6zel bir mahkeme olan National Green Tribunal&#8217;a verdi\u011fi dilek\u00e7ede, Hindistan h\u00fck\u00fcmetinin \u00e7evre kanunlar\u0131n\u0131 uygulamakta ba\u015far\u0131s\u0131z oldu\u011funu belirtti.<\/p>\n<p>K\u00fc\u00e7\u00fck k\u0131z\u0131n ya\u015fad\u0131\u011f\u0131 Uttarakhand eyaletinde s\u0131kl\u0131kla ya\u015fanan sel ve toprak kaymalar\u0131nda y\u00fczlerce ki\u015fi ya\u015fam\u0131n\u0131 kaybediyor.<\/p>\n<figure id=\"attachment_248879\" aria-describedby=\"caption-attachment-248879\" style=\"width: 685px\" class=\"wp-caption alignnone\"><img loading=\"lazy\" decoding=\"async\" class=\" wp-image-248879\" src=\"http:\/\/www.nationalturk.com\/tr\/wp-content\/uploads\/2017\/04\/hindistan-iklim.jpg\" alt=\"Hindistan\u2019da 9 Ya\u015f\u0131ndaki Bir K\u0131z \u00c7ocu\u011fu H\u00fck\u00fcmete Dava A\u00e7t\u0131\" width=\"685\" height=\"471\" title=\"\" srcset=\"https:\/\/www.nationalturk.com\/tr\/wp-content\/uploads\/2017\/04\/hindistan-iklim.jpg 740w, https:\/\/www.nationalturk.com\/tr\/wp-content\/uploads\/2017\/04\/hindistan-iklim-727x500.jpg 727w\" sizes=\"auto, (max-width: 685px) 100vw, 685px\" \/><figcaption id=\"caption-attachment-248879\" class=\"wp-caption-text\">Hindistan k\u00fck\u00fcmetine tek ba\u015f\u0131na dava a\u00e7an 9 ya\u015f\u0131ndaki Ridhima Pandey<\/figcaption><\/figure>\n<p>H\u00fck\u00fcmetin, iklim de\u011fi\u015fikli\u011fi i\u00e7in yeterince \u00f6nlem almad\u0131\u011f\u0131n\u0131 d\u00fc\u015f\u00fcnen 9 ya\u015f\u0131ndaki Ridhima Pandey, h\u00fck\u00fcmete farkl\u0131 bir \u015fekilde sesini duyurarak tek ba\u015f\u0131na dava a\u00e7t\u0131.<\/p>\n<h3>Ridhima Pandey \u0130lk De\u011fil<\/h3>\n<p>Ge\u00e7ti\u011fimiz y\u0131l da 6 gen\u00e7 bir araya gelerek Yeni Delhi\u2019deki hava kirlili\u011fi konusunda h\u00fckumete dava a\u00e7m\u0131\u015ft\u0131. Dava sonras\u0131 harekete ge\u00e7en Hindistan h\u00fck\u00fcmeti, yap\u0131lan anla\u015fmalara g\u00f6re 2030 y\u0131l\u0131na kadar \u00fclkede \u00fcretilen elektri\u011fin en az y\u00fczde 40\u2019\u0131n\u0131 fosil olmayan yak\u0131tlardan elde etme karar\u0131 alm\u0131\u015ft\u0131.<\/p>\n<!-- Error, Advert is not available at this time due to schedule\/geolocation restrictions! -->\n","protected":false},"excerpt":{"rendered":"<p>Hindistan\u2019da, 9 ya\u015f\u0131ndaki bir k\u0131z \u00e7ocu\u011fu h\u00fckumete iklim de\u011fi\u015fikli\u011fine kar\u015f\u0131 duyars\u0131z kalmaktan dolay\u0131 dava a\u00e7t\u0131.<\/p>\n","protected":false},"author":3,"featured_media":248882,"comment_status":"open","ping_status":"open","sticky":false,"template":"","format":"standard","meta":{"_acf_changed":false,"footnotes":""},"categories":[6665,6662],"tags":[181625,1380],"class_list":["post-248877","post","type-post","status-publish","format-standard","has-post-thumbnail","hentry","category-dunya","category-yasam","tag-hava-kirliligi","tag-hindistan"],"acf":[],"_links":{"self":[{"href":"https:\/\/www.nationalturk.com\/tr\/wp-json\/wp\/v2\/posts\/248877","targetHints":{"allow":["GET"]}}],"collection":[{"href":"https:\/\/www.nationalturk.com\/tr\/wp-json\/wp\/v2\/posts"}],"about":[{"href":"https:\/\/www.nationalturk.com\/tr\/wp-json\/wp\/v2\/types\/post"}],"author":[{"embeddable":true,"href":"https:\/\/www.nationalturk.com\/tr\/wp-json\/wp\/v2\/users\/3"}],"replies":[{"embeddable":true,"href":"https:\/\/www.nationalturk.com\/tr\/wp-json\/wp\/v2\/comments?post=248877"}],"version-history":[{"count":0,"href":"https:\/\/www.nationalturk.com\/tr\/wp-json\/wp\/v2\/posts\/248877\/revisions"}],"wp:featuredmedia":[{"embeddable":true,"href":"https:\/\/www.nationalturk.com\/tr\/wp-json\/wp\/v2\/media\/248882"}],"wp:attachment":[{"href":"https:\/\/www.nationalturk.com\/tr\/wp-json\/wp\/v2\/media?parent=248877"}],"wp:term":[{"taxonomy":"category","embeddable":true,"href":"https:\/\/www.nationalturk.com\/tr\/wp-json\/wp\/v2\/categories?post=248877"},{"taxonomy":"post_tag","embeddable":true,"href":"https:\/\/www.nationalturk.com\/tr\/wp-json\/wp\/v2\/tags?post=248877"}],"curies":[{"name":"wp","href":"https:\/\/api.w.org\/{rel}","templated":true}]}}