{"id":249180,"date":"2017-04-20T14:42:38","date_gmt":"2017-04-20T11:42:38","guid":{"rendered":"http:\/\/www.nationalturk.com\/?p=249180"},"modified":"2017-04-20T14:45:11","modified_gmt":"2017-04-20T11:45:11","slug":"son-dakika-derbinin-hakemi-aciklandi-3","status":"publish","type":"post","link":"https:\/\/www.nationalturk.com\/tr\/son-dakika-derbinin-hakemi-aciklandi-3\/","title":{"rendered":"Son Dakika: Derbinin hakemi a\u00e7\u0131kland\u0131"},"content":{"rendered":"<h2>Spor Toto S\u00fcper Lig&#8217;in 28. haftas\u0131ndaki Galatasaray-Fenerbah\u00e7e derbisini, hakem F\u0131rat Ayd\u0131nus&#8217;un y\u00f6netece\u011fi bildirildi.<\/h2>\n<p>T\u00fcrkiye Futbol Federasyonu Merkez Hakem Kurulundan yap\u0131lan a\u00e7\u0131klamaya g\u00f6re, 23 Nisan Pazar g\u00fcn\u00fc T\u00fcrk Telekom Arena&#8217;da oynanacak derbi ma\u00e7ta F\u0131rat Ayd\u0131nus d\u00fcd\u00fck \u00e7alacak.<\/p>\n<p>Ayd\u0131nus&#8217;un yard\u0131mc\u0131l\u0131klar\u0131n\u0131 Serkan Ok ve Aleks Ta\u015f\u00e7\u0131o\u011flu yapacak. Kar\u015f\u0131la\u015fman\u0131n d\u00f6rd\u00fcnc\u00fc hakemlik g\u00f6revini Arda Karde\u015fler \u00fcstlenecek.<\/p>\n<p>28. hafta m\u00fcsabakalar\u0131nda d\u00fcd\u00fck \u00e7alacak hakemler \u015funlar:<\/p>\n<p>Yar\u0131n:<\/p>\n<p>20.00 Atiker Konyaspor-Gaziantepspor: C\u00fcneyt \u00c7ak\u0131r<\/p>\n<p>20.00 Kardemir Karab\u00fckspor-Kas\u0131mpa\u015fa: Alper Ulusoy<\/p>\n<p>22 Nisan Cumartesi:<\/p>\n<p>13.30 \u00c7aykur Rizespor-Medipol Ba\u015fak\u015fehir: B\u00fclent Y\u0131ld\u0131r\u0131m<\/p>\n<p>16.00 Aytemiz Alanyaspor-Osmanl\u0131spor: \u00d6zg\u00fcr Yankaya<\/p>\n<p>19.00 Antalyaspor-Trabzonspor: Ya\u015far Kemal U\u011furlu<\/p>\n<p>19.00 Gen\u00e7lerbirli\u011fi-Kayserispor: Halis \u00d6zkahya<\/p>\n<p>23 Nisan Pazar:<\/p>\n<p>13.30 Akhisar Belediyespor-Bursaspor: Serkan \u00c7\u0131nar<\/p>\n<p>19.00 Galatasaray-Fenerbah\u00e7e: F\u0131rat Ayd\u0131nus<\/p>\n<p>24 Nisan Pazartesi:<\/p>\n<p>20.00 Be\u015fikta\u015f-Adanaspor: Halil Umut Meler<\/p>\n<p>S\u00fcper Lig&#8217;de 2003-04 sezonundan bu yana d\u00fcd\u00fck \u00e7alan F\u0131rat Ayd\u0131nus, bir ba\u015fka Galatasaray-Fenerbah\u00e7e ma\u00e7\u0131yla yeniden derbi y\u00f6netecek.<\/p>\n<p>\u0130stanbul b\u00f6lgesi hakemi Ayd\u0131nus, son olarak 25 Ekim 2015&#8217;te Fenerbah\u00e7e ile Galatasaray aras\u0131ndaki derbide g\u00f6rev yapt\u0131.<\/p>\n<p>Kad\u0131k\u00f6y&#8217;de oynanan kar\u015f\u0131la\u015fma Diego Ribas ve Olcan Ad\u0131n&#8217;\u0131n kar\u015f\u0131l\u0131kl\u0131 golleriyle 1-1 berabere bitti.<\/p>\n<p>9. Galatasaray-Fenerbah\u00e7e derbisi<br \/>\nF\u0131rat Ayd\u0131nus, kariyerinde biri T\u00fcrkiye Kupas\u0131 olmak \u00fczere 8 kez Fenerbah\u00e7e-Galatasaray kar\u015f\u0131la\u015fmas\u0131nda d\u00fcd\u00fck \u00e7ald\u0131.<\/p>\n<p>Ayd\u0131nus&#8217;un g\u00f6rev ald\u0131\u011f\u0131 ma\u00e7larda Fenerbah\u00e7e 3, Galatasaray 2 kez sahadan galibiyetle ayr\u0131ld\u0131, 3 kar\u015f\u0131la\u015fma da berabere tamamland\u0131.<\/p>\n<p>7 k\u0131rm\u0131z\u0131, 40 sar\u0131 kart<br \/>\nAyd\u0131nus, y\u00f6netti\u011fi Fenerbah\u00e7e-Galatasaray ma\u00e7lar\u0131nda 7 kez k\u0131rm\u0131z\u0131, 40 kez de sar\u0131 kart\u0131na ba\u015fvurdu.<\/p>\n<p>Tecr\u00fcbeli hakem, Fenerbah\u00e7eli futbolculara 4 kez k\u0131rm\u0131z\u0131, 19 kez de sar\u0131 kart\u0131n\u0131 g\u00f6sterdi. Ayd\u0131nus, sar\u0131-k\u0131rm\u0131z\u0131l\u0131 oyuncular\u0131 da 3 k\u0131rm\u0131z\u0131, 21 sar\u0131 kartla cezaland\u0131rd\u0131.<\/p>\n<!-- Error, Advert is not available at this time due to schedule\/geolocation restrictions! -->\n","protected":false},"excerpt":{"rendered":"<p>Spor Toto S\u00fcper Lig&#8217;in 28. haftas\u0131ndaki Galatasaray-Fenerbah\u00e7e derbisini, hakem F\u0131rat Ayd\u0131nus&#8217;un y\u00f6netece\u011fi bildirildi. T\u00fcrkiye Futbol Federasyonu Merkez Hakem Kurulundan yap\u0131lan a\u00e7\u0131klamaya g\u00f6re, 23 Nisan Pazar g\u00fcn\u00fc T\u00fcrk Telekom Arena&#8217;da oynanacak derbi ma\u00e7ta F\u0131rat Ayd\u0131nus d\u00fcd\u00fck \u00e7alacak. Ayd\u0131nus&#8217;un yard\u0131mc\u0131l\u0131klar\u0131n\u0131 Serkan Ok ve Aleks Ta\u015f\u00e7\u0131o\u011flu yapacak. Kar\u015f\u0131la\u015fman\u0131n d\u00f6rd\u00fcnc\u00fc hakemlik g\u00f6revini Arda Karde\u015fler \u00fcstlenecek. 28. hafta m\u00fcsabakalar\u0131nda d\u00fcd\u00fck &hellip;<\/p>\n","protected":false},"author":4,"featured_media":249181,"comment_status":"open","ping_status":"open","sticky":false,"template":"","format":"standard","meta":{"_acf_changed":false,"footnotes":""},"categories":[6774,5005,349,6194],"tags":[849,9305,4114,27382],"class_list":["post-249180","post","type-post","status-publish","format-standard","has-post-thumbnail","hentry","category-futbol","category-manset","category-son-dakika","category-spor","tag-fenerbahce","tag-firat-aydinus","tag-galatasaray","tag-son-dakika"],"acf":[],"_links":{"self":[{"href":"https:\/\/www.nationalturk.com\/tr\/wp-json\/wp\/v2\/posts\/249180","targetHints":{"allow":["GET"]}}],"collection":[{"href":"https:\/\/www.nationalturk.com\/tr\/wp-json\/wp\/v2\/posts"}],"about":[{"href":"https:\/\/www.nationalturk.com\/tr\/wp-json\/wp\/v2\/types\/post"}],"author":[{"embeddable":true,"href":"https:\/\/www.nationalturk.com\/tr\/wp-json\/wp\/v2\/users\/4"}],"replies":[{"embeddable":true,"href":"https:\/\/www.nationalturk.com\/tr\/wp-json\/wp\/v2\/comments?post=249180"}],"version-history":[{"count":0,"href":"https:\/\/www.nationalturk.com\/tr\/wp-json\/wp\/v2\/posts\/249180\/revisions"}],"wp:featuredmedia":[{"embeddable":true,"href":"https:\/\/www.nationalturk.com\/tr\/wp-json\/wp\/v2\/media\/249181"}],"wp:attachment":[{"href":"https:\/\/www.nationalturk.com\/tr\/wp-json\/wp\/v2\/media?parent=249180"}],"wp:term":[{"taxonomy":"category","embeddable":true,"href":"https:\/\/www.nationalturk.com\/tr\/wp-json\/wp\/v2\/categories?post=249180"},{"taxonomy":"post_tag","embeddable":true,"href":"https:\/\/www.nationalturk.com\/tr\/wp-json\/wp\/v2\/tags?post=249180"}],"curies":[{"name":"wp","href":"https:\/\/api.w.org\/{rel}","templated":true}]}}