{"id":249256,"date":"2017-04-22T17:30:55","date_gmt":"2017-04-22T14:30:55","guid":{"rendered":"http:\/\/www.nationalturk.com\/?p=249256"},"modified":"2022-09-11T13:36:50","modified_gmt":"2022-09-11T10:36:50","slug":"6-terorist-kolorduya-girip-140-askeri-oldurdu","status":"publish","type":"post","link":"https:\/\/www.nationalturk.com\/tr\/6-terorist-kolorduya-girip-140-askeri-oldurdu\/","title":{"rendered":"6 ter\u00f6rist kolorduya girip 140 askeri \u00f6ld\u00fcrd\u00fc!"},"content":{"rendered":"<h2>Afganistan&#8217;\u0131n kuzeyindeki Belh vilayetinde bulunan 209. \u015eahin Kolordu Komutanl\u0131\u011f\u0131&#8217;na d\u00fczenlen silahl\u0131 sald\u0131r\u0131da 140 g\u00fcvenlik g\u00f6revlisi hayat\u0131n\u0131 kaybetti.<\/h2>\n<p>Belh \u0130l \u015eura Vekili \u015eucauddin \u015euca, AA muhabirine yapt\u0131\u011f\u0131 a\u00e7\u0131klamada, sald\u0131r\u0131da 140 g\u00fcvenlik g\u00fcc\u00fcn\u00fcn ya\u015fam\u0131n\u0131 yitirdi\u011fini, yakla\u015f\u0131k 150&#8217;sinin yaraland\u0131\u011f\u0131n\u0131 a\u00e7\u0131klad\u0131.<\/p>\n<p>\u015euca, \u00f6l\u00fc say\u0131s\u0131n\u0131n artmas\u0131ndan endi\u015fe edildi\u011fini belirtirken, Belh \u0130l Sa\u011fl\u0131k M\u00fcd\u00fcr\u00fc Mirvais Rabi, yaral\u0131lardan baz\u0131lar\u0131n\u0131n durumunun a\u011f\u0131r oldu\u011funu s\u00f6yledi.<\/p>\n<!-- Error, Advert is not available at this time due to schedule\/geolocation restrictions! -->\n<p>Kolordu komutanl\u0131\u011f\u0131n\u0131n s\u00f6zc\u00fc yard\u0131mc\u0131s\u0131 Nasratullah Cam\u015fidi, AA muhabirine yapt\u0131\u011f\u0131 a\u00e7\u0131klamada, askeri \u00fcniformal\u0131 6 sald\u0131rgan\u0131n, kolordunun i\u00e7ine girerek ate\u015f a\u00e7t\u0131\u011f\u0131n\u0131 s\u00f6yledi.<\/p>\n<p>Yakla\u015f\u0131k 5 saat s\u00fcren \u00e7at\u0131\u015fman\u0131n ard\u0131ndan 5 sald\u0131rgan\u0131n \u00f6ld\u00fcr\u00fcld\u00fc\u011f\u00fcn\u00fc ifade eden Cem\u015fidi, bir sald\u0131rgan\u0131n sa\u011f ele ge\u00e7irildi\u011fini belirtti.<\/p>\n<p>Cem\u015fidi, sald\u0131r\u0131da hayat\u0131n\u0131 kaybeden g\u00fcvenlik g\u00f6revlilerinin say\u0131s\u0131n\u0131n hen\u00fcz netle\u015fmedi\u011fini kaydetti.<\/p>\n<p>Afganistan Devlet Ba\u015fkan\u0131 E\u015fref Gani sald\u0131r\u0131y\u0131 k\u0131nad\u0131.<\/p>\n<p>Sald\u0131r\u0131y\u0131 \u00fcstlenen Taliban&#8217;\u0131n s\u00f6zc\u00fcs\u00fc Zabihullah M\u00fccahit, aralar\u0131nda baz\u0131 komutanlar\u0131n da bulundu\u011fu 500 ki\u015finin \u00f6ld\u00fc\u011f\u00fcn\u00fc veya yaraland\u0131\u011f\u0131n\u0131 \u00f6ne s\u00fcrd\u00fc.<\/p>\n<p>ABD Merkez Kuvvetler Komutanl\u0131\u011f\u0131 (CENTCOM), Taliban&#8217;\u0131n, Afganistan&#8217;\u0131n Mezar-\u0131 \u015eerif \u015fehri yak\u0131nlar\u0131ndaki Afgan ordusunda ait bir kampa sald\u0131r\u0131 d\u00fczenleyip aralar\u0131nda Afgan askerleri ve sivillerin bulundu\u011fu 50&#8217;den fazla ki\u015fiyi \u00f6ld\u00fcrd\u00fc\u011f\u00fcn\u00fc a\u00e7\u0131klad\u0131.<\/p>\n<p>Konuyla ilgili a\u00e7\u0131klama yapan CENTCOM S\u00f6zc\u00fcs\u00fc Albay John Thomas, sald\u0131r\u0131n\u0131n Belh iline ba\u011fl\u0131 Mezar-\u0131 \u015eerif \u015fehrine yak\u0131n \u015eahin Kamp\u0131&#8217;na y\u00f6nelik oldu\u011funu s\u00f6yledi.<\/p>\n<p>Sald\u0131r\u0131da 50&#8217;den fazla can kayb\u0131n\u0131n ya\u015fand\u0131\u011f\u0131n\u0131 ifade eden Thomas, &#8220;G\u00f6r\u00fcn\u00fc\u015fe g\u00f6re sald\u0131r\u0131, i\u00e7inde Afgan askerlerinin ve muhtemelen sivillerin de oldu\u011fu bir cami ve yemekhaneye y\u00f6nelikti.&#8221; dedi.<\/p>\n<p>Sald\u0131r\u0131 ile ilgili bilgilerin gelmeye devam etti\u011fini ifade eden John Thomas, s\u00f6z konusu sald\u0131r\u0131da hi\u00e7 bir ABD ve koalisyon askerinin hayat\u0131n\u0131 kaybetmedi\u011fini ve yaralanmad\u0131\u011f\u0131n\u0131 kaydetti.<\/p>\n<p>Taliban sald\u0131r\u0131s\u0131na kar\u015f\u0131l\u0131k veren Afgan askerlerinin de Taliban mensubu bir ka\u00e7 ki\u015fiyi \u00f6ld\u00fcrd\u00fc\u011f\u00fcn\u00fc ifade eden Thomas, ABD&#8217;nin b\u00f6lgeye askeri destek yapmaya ba\u015flad\u0131\u011f\u0131n\u0131 da belirtti.<\/p>\n<!-- Error, Advert is not available at this time due to schedule\/geolocation restrictions! -->\n","protected":false},"excerpt":{"rendered":"<p>Afganistan&#8217;\u0131n kuzeyindeki Belh vilayetinde bulunan 209. \u015eahin Kolordu Komutanl\u0131\u011f\u0131&#8217;na d\u00fczenlen silahl\u0131 sald\u0131r\u0131da 140 g\u00fcvenlik g\u00f6revlisi hayat\u0131n\u0131 kaybetti. Belh \u0130l \u015eura Vekili \u015eucauddin \u015euca, AA muhabirine yapt\u0131\u011f\u0131 a\u00e7\u0131klamada, sald\u0131r\u0131da 140 g\u00fcvenlik g\u00fcc\u00fcn\u00fcn ya\u015fam\u0131n\u0131 yitirdi\u011fini, yakla\u015f\u0131k 150&#8217;sinin yaraland\u0131\u011f\u0131n\u0131 a\u00e7\u0131klad\u0131. \u015euca, \u00f6l\u00fc say\u0131s\u0131n\u0131n artmas\u0131ndan endi\u015fe edildi\u011fini belirtirken, Belh \u0130l Sa\u011fl\u0131k M\u00fcd\u00fcr\u00fc Mirvais Rabi, yaral\u0131lardan baz\u0131lar\u0131n\u0131n durumunun a\u011f\u0131r oldu\u011funu &hellip;<\/p>\n","protected":false},"author":4,"featured_media":249257,"comment_status":"open","ping_status":"open","sticky":false,"template":"","format":"standard","meta":{"_acf_changed":false,"footnotes":""},"categories":[6769,763,6772],"tags":[6628,21305],"class_list":["post-249256","post","type-post","status-publish","format-standard","has-post-thumbnail","hentry","category-asya","category-gunun-olayi","category-ortadogu","tag-afganistan","tag-taliban"],"acf":[],"_links":{"self":[{"href":"https:\/\/www.nationalturk.com\/tr\/wp-json\/wp\/v2\/posts\/249256","targetHints":{"allow":["GET"]}}],"collection":[{"href":"https:\/\/www.nationalturk.com\/tr\/wp-json\/wp\/v2\/posts"}],"about":[{"href":"https:\/\/www.nationalturk.com\/tr\/wp-json\/wp\/v2\/types\/post"}],"author":[{"embeddable":true,"href":"https:\/\/www.nationalturk.com\/tr\/wp-json\/wp\/v2\/users\/4"}],"replies":[{"embeddable":true,"href":"https:\/\/www.nationalturk.com\/tr\/wp-json\/wp\/v2\/comments?post=249256"}],"version-history":[{"count":0,"href":"https:\/\/www.nationalturk.com\/tr\/wp-json\/wp\/v2\/posts\/249256\/revisions"}],"wp:featuredmedia":[{"embeddable":true,"href":"https:\/\/www.nationalturk.com\/tr\/wp-json\/wp\/v2\/media\/249257"}],"wp:attachment":[{"href":"https:\/\/www.nationalturk.com\/tr\/wp-json\/wp\/v2\/media?parent=249256"}],"wp:term":[{"taxonomy":"category","embeddable":true,"href":"https:\/\/www.nationalturk.com\/tr\/wp-json\/wp\/v2\/categories?post=249256"},{"taxonomy":"post_tag","embeddable":true,"href":"https:\/\/www.nationalturk.com\/tr\/wp-json\/wp\/v2\/tags?post=249256"}],"curies":[{"name":"wp","href":"https:\/\/api.w.org\/{rel}","templated":true}]}}