{"id":249281,"date":"2017-04-24T11:16:33","date_gmt":"2017-04-24T08:16:33","guid":{"rendered":"http:\/\/www.nationalturk.com\/?p=249281"},"modified":"2017-04-24T11:16:33","modified_gmt":"2017-04-24T08:16:33","slug":"erdogandan-defargesa-suc-duyurusu","status":"publish","type":"post","link":"https:\/\/www.nationalturk.com\/tr\/erdogandan-defargesa-suc-duyurusu\/","title":{"rendered":"Erdo\u011fan&#8217;dan Defarges&#8217;a su\u00e7 duyurusu"},"content":{"rendered":"<h2>Cumhurba\u015fkan\u0131 Recep Tayyip Erdo\u011fan, Frans\u0131z siyaset bilimci Philippe Moreau Defarges hakk\u0131nda, televizyon program\u0131nda kendisine y\u00f6nelik ifadeleri nedeniyle &#8220;Cumhurba\u015fkan\u0131&#8217;na suikaste azmettirmek&#8221;ten su\u00e7 duyurusunda bulundu.<\/h2>\n<p>Cumhurba\u015fkan\u0131 Erdo\u011fan&#8217;\u0131n avukat\u0131 H\u00fcseyin Ayd\u0131n, m\u00fcvekkili Erdo\u011fan ad\u0131na Ankara Cumhuriyet Ba\u015fsavc\u0131l\u0131\u011f\u0131na d\u00f6rt sayfal\u0131k su\u00e7 duyurusu dilek\u00e7esi verdi.<\/p>\n<p>Dilek\u00e7ede Frans\u0131z siyaset bilimci Defarges&#8217;in, Cumhurba\u015fkan\u0131 Erdo\u011fan hakk\u0131nda televizyon kanal\u0131nda sarf etti\u011fi &#8220;&#8230; G\u00f6rd\u00fc\u011f\u00fcm\u00fcz kadar\u0131yla hukuki yol kapand\u0131, ya i\u00e7 sava\u015f ya da s\u00f6ylenmesi zor bir hipotez, Erdo\u011fan&#8217;\u0131n \u00f6ld\u00fcr\u00fclmesidir. B\u00f6yle bir ortamda suikast\u0131 unutmayal\u0131m.&#8221; s\u00f6zlerine yer verildi.<\/p>\n<p>Defarges&#8217;in a\u00e7\u0131klamalar\u0131n\u0131n, Bat\u0131&#8217;da art\u0131k psikiyatrik rahats\u0131zl\u0131\u011fa d\u00f6n\u00fc\u015fen Erdo\u011fan d\u00fc\u015fmanl\u0131\u011f\u0131n\u0131n geldi\u011fi nokta itibar\u0131yla ibret verici oldu\u011fu belirtilen dilek\u00e7ede, Defarges&#8217;in, alenen Erdo\u011fan&#8217;a suikaste azmettirmesinin sadece hukuk\u00e7ular\u0131n de\u011fil, ruh sa\u011fl\u0131\u011f\u0131yla ilgilenen doktorlar\u0131n da ilgi alan\u0131na girdi\u011fi kaydedildi.<\/p>\n<p>Frans\u0131z siyaset bilimci Defarges&#8217;in eylemiyle 5237 say\u0131l\u0131 T\u00fcrk Ceza Kanunu&#8217;nun 310. maddesinde d\u00fczenlenen &#8220;Cumhurba\u015fkan\u0131&#8217;na suikast ve fiili sald\u0131r\u0131&#8221; su\u00e7unu i\u015fledi\u011fi bildirilen dilek\u00e7ede, &#8220;Daha \u00f6nce Avrupa&#8217;n\u0131n de\u011fi\u015fik ba\u015fkentlerinde Cumhurba\u015fkan\u0131m\u0131za suikast su\u00e7una davet niteli\u011findeki eylemler ve Avrupa&#8217;n\u0131n bir\u00e7ok \u00fclkesinde a\u00e7\u0131k\u00e7a himaye g\u00f6ren ter\u00f6r \u00f6rg\u00fctleri de dikkate al\u0131nd\u0131\u011f\u0131nda, \u015f\u00fcphelinin a\u00e7\u0131klamalar\u0131n\u0131n basit bir d\u00fc\u015f\u00fcnce a\u00e7\u0131klamas\u0131 niteli\u011finde olmad\u0131\u011f\u0131 ve belirtilen su\u00e7a azmettirme niteli\u011finde oldu\u011fu a\u00e7\u0131kt\u0131r. \u015e\u00fcpheli hakk\u0131nda isnat edilen su\u00e7tan dolay\u0131 T\u00fcrkiye&#8217;de soru\u015fturma ve kovu\u015fturma yap\u0131lmas\u0131 hukuken m\u00fcmk\u00fcnd\u00fcr.&#8221; de\u011ferlendirmesinde bulunuldu.<\/p>\n<!-- Error, Advert is not available at this time due to schedule\/geolocation restrictions! -->\n<p>Dilek\u00e7ede, &#8220;Cumhurba\u015fkan\u0131&#8217;na suikast ve fiili sald\u0131r\u0131&#8221; su\u00e7undan soru\u015fturma ve kovu\u015fturma a\u00e7\u0131lmas\u0131 i\u00e7in failin T\u00fcrkiye&#8217;de bulunmas\u0131na gerek olmad\u0131\u011f\u0131, Adalet Bakanl\u0131\u011f\u0131n\u0131n da talebine gerek kalmadan fail hakk\u0131nda herhangi bir ko\u015fula ba\u011fl\u0131 olmaks\u0131z\u0131n do\u011frudan soru\u015fturma a\u00e7\u0131lmas\u0131n\u0131n hukuken m\u00fcmk\u00fcn oldu\u011fu belirtildi.<\/p>\n<p>Defarges&#8217;e \u00fczerine at\u0131l\u0131 su\u00e7tan soru\u015fturma a\u00e7\u0131lmas\u0131 talep edilen dilek\u00e7ede, T\u00fcrkiye&#8217;ye gelmesi veya T\u00fcrkiye&#8217;ye iadesi halinde Defarges&#8217;in ak\u0131l sa\u011fl\u0131\u011f\u0131n\u0131n yerinde olup olmad\u0131\u011f\u0131 konusunda sa\u011fl\u0131k kurulunca g\u00f6zlem alt\u0131na al\u0131nmas\u0131 istendi.<\/p>\n<p>Ak\u0131l sa\u011fl\u0131\u011f\u0131n\u0131n yerinde oldu\u011funun tespiti halinde Defarges&#8217;in PKK ve FET\u00d6 ba\u015fta olmak \u00fczere ter\u00f6r \u00f6rg\u00fctleriyle ili\u015fkisi ve suikast talimat\u0131n\u0131 kimlere verdi\u011finin ara\u015ft\u0131r\u0131lmas\u0131 istenen dilek\u00e7ede, soru\u015fturma sonucunda elde edilen delillere g\u00f6re Defarges ve ba\u011flant\u0131l\u0131 ki\u015filer hakk\u0131nda kamu davas\u0131 a\u00e7\u0131lmas\u0131 talebinde bulunuldu.<\/p>\n<h3>Defarges ne dedi?<\/h3>\n<p>Frans\u0131z siyaset bilimci Philippe Moreau Defarges, ekonomi kanal\u0131 BFM Business&#8217;de kat\u0131ld\u0131\u011f\u0131 bir programda, Cumhurba\u015fkan\u0131 Recep Tayyip Erdo\u011fan hakk\u0131ndaki s\u00f6zleri nedeniyle b\u00fcy\u00fck tepki toplad\u0131.<\/p>\n<p>Frans\u0131z haber ve ekonomi kanal\u0131 BFM Business taraf\u0131ndan yay\u0131nlanan &#8220;D\u00fcnyada 7 G\u00fcn&#8221; isimli programa konuk olan Fransa Uluslararas\u0131 \u0130li\u015fkiler Enstit\u00fcs\u00fc (IFRI) siyaset bilimi uzman\u0131 Philippe Moreau Defarges, T\u00fcrkiye&#8217;nin Avrupa Birli\u011fi (AB) \u00fcyeli\u011finin m\u00fcmk\u00fcn olmayaca\u011f\u0131n\u0131, \u00fcyelikle ilgili bir anla\u015fma imzalansa bile 27 \u00fcye \u00fclkeden her birinin bunu onaylamas\u0131 gerekti\u011fini s\u00f6yledi.<\/p>\n<p>Defarges, T\u00fcrkiye&#8217;deki halk oylamas\u0131 hakk\u0131nda da referandum sonu\u00e7lar\u0131na itiraz edilmesi i\u00e7in hukuki yollar\u0131n kapand\u0131\u011f\u0131n\u0131 savunarak itirazlar\u0131n sonu\u00e7suz kalaca\u011f\u0131n\u0131 ifade etti. T\u00fcrkiye&#8217;de bir t\u0131kan\u0131kl\u0131\u011f\u0131n oldu\u011funu iddia eden Defarges, &#8220;O zaman geriye ya i\u00e7 sava\u015f ya da bunu s\u00f6ylemek zor ama onun (Erdo\u011fan) \u00f6ld\u00fcr\u00fclmesi kal\u0131yor&#8221; dedi.<\/p>\n<p>Sunucunun &#8220;Bir cinayeti me\u015fru g\u00f6steremezsiniz.&#8221; \u015feklindeki itiraz\u0131na Defarges, bu y\u00f6ntemin ve tart\u0131\u015fmalar\u0131n\u0131n y\u00fczy\u0131llardan beri s\u00fcrd\u00fc\u011f\u00fcn\u00fc, b\u00fcy\u00fck dinlerde bile bu y\u00f6nde tart\u0131\u015fmalar\u0131n ya\u015fand\u0131\u011f\u0131n\u0131 savundu.<\/p>\n<p>Vatanda\u015flardan b\u00fcy\u00fck tepki<br \/>\nProgram bittikten sonra sosyal medyada Defarges&#8217;e ve BFM Business kanal\u0131na tepki g\u00f6steren vatanda\u015flar, televizyon ekranlar\u0131ndan cinayet \u00e7a\u011fr\u0131s\u0131 yap\u0131ld\u0131\u011f\u0131n\u0131 dile getirdi.<\/p>\n<p>Fransa&#8217;da ya\u015fayan \u00e7ok say\u0131da T\u00fcrk, Cumhurba\u015fkan\u0131 Erdo\u011fan&#8217;a y\u00f6nelik bu t\u00fcr s\u00f6zlerin kabul edilemez oldu\u011funu vurgulayarak sosyal medyada bu konuda k\u0131sa mesajlar payla\u015farak Fransa Televizyon ve Radyo Yay\u0131nlar\u0131n\u0131 Denetleme Y\u00fcksek Konseyine (CSA) \u015fikayette bulunduklar\u0131n\u0131 ifade etti.<\/p>\n<p>Fransa&#8217;da ter\u00f6r sald\u0131r\u0131lar\u0131 nedeniyle ola\u011fan\u00fcst\u00fc hal uygulamas\u0131n\u0131n devam etti\u011fini, ter\u00f6re \u00f6vg\u00fc ve ter\u00f6r \u00e7a\u011fr\u0131s\u0131 yapma gibi su\u00e7lar\u0131n yasalara eklendi\u011fini hat\u0131rlatan vatanda\u015flar, televizyon ekranlar\u0131ndan bu y\u00f6nde bir ifadenin kullan\u0131lmas\u0131n\u0131 k\u0131nad\u0131. \u00c7ok say\u0131da vatanda\u015f da Defarges hakk\u0131nda su\u00e7 duyurusunda bulunaca\u011f\u0131n\u0131 payla\u015ft\u0131.<\/p>\n<p>Vatanda\u015flar ayr\u0131ca Defarges&#8217;in uzman olarak g\u00f6rev yapt\u0131\u011f\u0131 IFRI ve BFM Business kanal\u0131n\u0131 da a\u00e7\u0131klama yaparak \u00f6z\u00fcr dilemeye \u00e7a\u011f\u0131rd\u0131.<\/p>\n<!-- Error, Advert is not available at this time due to schedule\/geolocation restrictions! -->\n","protected":false},"excerpt":{"rendered":"<p>Cumhurba\u015fkan\u0131 Recep Tayyip Erdo\u011fan, Frans\u0131z siyaset bilimci Philippe Moreau Defarges hakk\u0131nda, televizyon program\u0131nda kendisine y\u00f6nelik ifadeleri nedeniyle &#8220;Cumhurba\u015fkan\u0131&#8217;na suikaste azmettirmek&#8221;ten su\u00e7 duyurusunda bulundu. Cumhurba\u015fkan\u0131 Erdo\u011fan&#8217;\u0131n avukat\u0131 H\u00fcseyin Ayd\u0131n, m\u00fcvekkili Erdo\u011fan ad\u0131na Ankara Cumhuriyet Ba\u015fsavc\u0131l\u0131\u011f\u0131na d\u00f6rt sayfal\u0131k su\u00e7 duyurusu dilek\u00e7esi verdi. Dilek\u00e7ede Frans\u0131z siyaset bilimci Defarges&#8217;in, Cumhurba\u015fkan\u0131 Erdo\u011fan hakk\u0131nda televizyon kanal\u0131nda sarf etti\u011fi &#8220;&#8230; G\u00f6rd\u00fc\u011f\u00fcm\u00fcz kadar\u0131yla &hellip;<\/p>\n","protected":false},"author":4,"featured_media":249283,"comment_status":"open","ping_status":"open","sticky":false,"template":"","format":"standard","meta":{"_acf_changed":false,"footnotes":""},"categories":[6155,5005,6202,349],"tags":[17,75388,787],"class_list":["post-249281","post","type-post","status-publish","format-standard","has-post-thumbnail","hentry","category-gundem","category-manset","category-politika","category-son-dakika","tag-fransa","tag-huseyin-aydin","tag-recep-tayyip-erdogan"],"acf":[],"_links":{"self":[{"href":"https:\/\/www.nationalturk.com\/tr\/wp-json\/wp\/v2\/posts\/249281","targetHints":{"allow":["GET"]}}],"collection":[{"href":"https:\/\/www.nationalturk.com\/tr\/wp-json\/wp\/v2\/posts"}],"about":[{"href":"https:\/\/www.nationalturk.com\/tr\/wp-json\/wp\/v2\/types\/post"}],"author":[{"embeddable":true,"href":"https:\/\/www.nationalturk.com\/tr\/wp-json\/wp\/v2\/users\/4"}],"replies":[{"embeddable":true,"href":"https:\/\/www.nationalturk.com\/tr\/wp-json\/wp\/v2\/comments?post=249281"}],"version-history":[{"count":0,"href":"https:\/\/www.nationalturk.com\/tr\/wp-json\/wp\/v2\/posts\/249281\/revisions"}],"wp:featuredmedia":[{"embeddable":true,"href":"https:\/\/www.nationalturk.com\/tr\/wp-json\/wp\/v2\/media\/249283"}],"wp:attachment":[{"href":"https:\/\/www.nationalturk.com\/tr\/wp-json\/wp\/v2\/media?parent=249281"}],"wp:term":[{"taxonomy":"category","embeddable":true,"href":"https:\/\/www.nationalturk.com\/tr\/wp-json\/wp\/v2\/categories?post=249281"},{"taxonomy":"post_tag","embeddable":true,"href":"https:\/\/www.nationalturk.com\/tr\/wp-json\/wp\/v2\/tags?post=249281"}],"curies":[{"name":"wp","href":"https:\/\/api.w.org\/{rel}","templated":true}]}}