{"id":249346,"date":"2017-04-25T15:29:19","date_gmt":"2017-04-25T12:29:19","guid":{"rendered":"http:\/\/www.nationalturk.com\/?p=249346"},"modified":"2024-09-10T11:51:00","modified_gmt":"2024-09-10T08:51:00","slug":"sirnak-ve-karstan-aci-haber-4-sehit","status":"publish","type":"post","link":"https:\/\/www.nationalturk.com\/tr\/sirnak-ve-karstan-aci-haber-4-sehit\/","title":{"rendered":"\u015e\u0131rnak ve Kars&#8217;tan Ac\u0131 Haber: 4 \u015eehit"},"content":{"rendered":"<h2>\u015e\u0131rnak ve Kars&#8217;tan ac\u0131 haber! \u00a0Uludere ve Ka\u011f\u0131zman il\u00e7elerinde tuzaklanan bombalar\u0131n infilak etmesi sonucu 4 askerimiz \u015fehit oldu.<\/h2>\n<p>\u015e\u0131rnak&#8217;\u0131n Uludere il\u00e7esinde el yap\u0131m\u0131 patlay\u0131c\u0131n\u0131n infilak etmesi sonucu 2 asker, Kars&#8217;\u0131n Ka\u011f\u0131zman il\u00e7esinde tuzaklanan bir patlay\u0131c\u0131n\u0131n infilak etmesi sonucu 2 asker \u015fehit oldu.<\/p>\n<p>G\u00fcvenlik kaynaklar\u0131ndan al\u0131nan bilgiye g\u00f6re, Anda\u00e7 K\u00f6y\u00fc Nezirk\u0131na k\u0131rsal\u0131nda g\u00fcvenlik g\u00fc\u00e7lerinin arazi arama tarama faaliyeti s\u0131ras\u0131nda PKK&#8217;l\u0131 ter\u00f6ristlerce \u00f6nceden tuzaklanm\u0131\u015f el yap\u0131m\u0131 patlay\u0131c\u0131 infilak etti.<\/p>\n<!-- Error, Advert is not available at this time due to schedule\/geolocation restrictions! -->\n<p>Patlamada 2 asker a\u011f\u0131r yaraland\u0131. Helikopterle \u015e\u0131rnak Devlet Hastanesine kald\u0131r\u0131lan askerler, kurtar\u0131lamad\u0131. B\u00f6lgede hava destekli operasyon s\u00fcr\u00fcyor.<\/p>\n<h3>Kars&#8217;ta 2 \u015fehit<\/h3>\n<p>Kars&#8217;\u0131n Ka\u011f\u0131zman il\u00e7esinde, g\u00fcvenlik g\u00fc\u00e7lerinin arazi arama tarama faaliyeti s\u0131ras\u0131nda tuzaklanan bir patlay\u0131c\u0131n\u0131n infilak etmesi sonucu, ilk belirlemelere g\u00f6re 2 asker \u015fehit oldu, bir asker yaraland\u0131.<\/p>\n<p>Al\u0131nan bilgiye g\u00f6re, jandarma \u00f6zel harekat (J\u00d6H) timlerince, T\u00fcrkiye&#8217;de ter\u00f6r a\u00e7\u0131s\u0131ndan kritik noktalar aras\u0131nda g\u00f6sterilen \u00c7em\u00e7e &#8211; Madur b\u00f6lgesinde y\u00fcr\u00fct\u00fclen arazi arama tarama faaliyeti s\u0131ras\u0131nda, tuzaklanan bir patlay\u0131c\u0131 infilak etti.<\/p>\n<p>Olayda ilk belirlemelere g\u00f6re 2 asker \u015fehit oldu, bir asker yaraland\u0131. B\u00f6lgeye \u00e7ok say\u0131da ambulans ve takviye g\u00fcvenlik g\u00fc\u00e7leri sevk edildi. Ter\u00f6ristlerin etkisiz hale getirilmesine y\u00f6nelik operasyon ise s\u00fcr\u00fcyor.<\/p>\n<!-- Error, Advert is not available at this time due to schedule\/geolocation restrictions! -->\n","protected":false},"excerpt":{"rendered":"<p>\u015e\u0131rnak ve Kars&#8217;tan ac\u0131 haber!  Uludere ve Ka\u011f\u0131zman il\u00e7elerinde tuzaklanan bombalar\u0131n infilak etmesi sonucu 4 askerimiz \u015fehit oldu.<\/p>\n","protected":false},"author":3,"featured_media":249351,"comment_status":"open","ping_status":"open","sticky":false,"template":"","format":"standard","meta":{"_acf_changed":false,"footnotes":""},"categories":[6155,5005,349,6805],"tags":[14616,58513,31650,32771,11502],"class_list":["post-249346","post","type-post","status-publish","format-standard","has-post-thumbnail","hentry","category-gundem","category-manset","category-son-dakika","category-turkiye","tag-kars","tag-patlama","tag-sehit","tag-sehit-cenazesi","tag-sirnak"],"acf":[],"_links":{"self":[{"href":"https:\/\/www.nationalturk.com\/tr\/wp-json\/wp\/v2\/posts\/249346","targetHints":{"allow":["GET"]}}],"collection":[{"href":"https:\/\/www.nationalturk.com\/tr\/wp-json\/wp\/v2\/posts"}],"about":[{"href":"https:\/\/www.nationalturk.com\/tr\/wp-json\/wp\/v2\/types\/post"}],"author":[{"embeddable":true,"href":"https:\/\/www.nationalturk.com\/tr\/wp-json\/wp\/v2\/users\/3"}],"replies":[{"embeddable":true,"href":"https:\/\/www.nationalturk.com\/tr\/wp-json\/wp\/v2\/comments?post=249346"}],"version-history":[{"count":0,"href":"https:\/\/www.nationalturk.com\/tr\/wp-json\/wp\/v2\/posts\/249346\/revisions"}],"wp:featuredmedia":[{"embeddable":true,"href":"https:\/\/www.nationalturk.com\/tr\/wp-json\/wp\/v2\/media\/249351"}],"wp:attachment":[{"href":"https:\/\/www.nationalturk.com\/tr\/wp-json\/wp\/v2\/media?parent=249346"}],"wp:term":[{"taxonomy":"category","embeddable":true,"href":"https:\/\/www.nationalturk.com\/tr\/wp-json\/wp\/v2\/categories?post=249346"},{"taxonomy":"post_tag","embeddable":true,"href":"https:\/\/www.nationalturk.com\/tr\/wp-json\/wp\/v2\/tags?post=249346"}],"curies":[{"name":"wp","href":"https:\/\/api.w.org\/{rel}","templated":true}]}}