{"id":249770,"date":"2017-05-05T10:49:48","date_gmt":"2017-05-05T07:49:48","guid":{"rendered":"http:\/\/www.nationalturk.com\/?p=249770"},"modified":"2017-05-05T10:49:48","modified_gmt":"2017-05-05T07:49:48","slug":"kilicdarogludan-pasif-kaldi-elestirilerine-carpici-yanit-karsi-taraf-silahliydi","status":"publish","type":"post","link":"https:\/\/www.nationalturk.com\/tr\/kilicdarogludan-pasif-kaldi-elestirilerine-carpici-yanit-karsi-taraf-silahliydi\/","title":{"rendered":"K\u0131l\u0131\u00e7daro\u011flu&#8217;dan &#8220;Pasif kald\u0131&#8221; ele\u015ftirilerine \u00e7arp\u0131c\u0131 yan\u0131t: Kar\u015f\u0131 taraf silahl\u0131yd\u0131"},"content":{"rendered":"<h2>CHP Genel Ba\u015fkan\u0131 Kemal K\u0131l\u0131\u00e7daro\u011flu, referandum gecesi halk\u0131 soka\u011fa \u00e7a\u011f\u0131rmad\u0131\u011f\u0131 ve pasif kald\u0131\u011f\u0131 y\u00f6n\u00fcndeki ele\u015ftirileri yan\u0131tlad\u0131.<\/h2>\n<p>\u201cReferandum ve Sonu\u00e7lar\u0131n\u0131n T\u00fcrk Demokrasisine Etkisi\u201d ba\u015fl\u0131kl\u0131 130. Bab-\u0131 Ali Toplant\u0131lar\u0131nda konu\u015fan Kemal K\u0131l\u0131\u00e7daro\u011flu \u00f6nemli a\u00e7\u0131klamalarda bulundu. K\u0131l\u0131\u00e7daro\u011flu, YSK&#8217;n\u0131n m\u00fch\u00fcrs\u00fcz zarf ve pusula karar\u0131n\u0131 protesto i\u00e7in neden CHP&#8217;lilerle birlikte YSK&#8217;n\u0131n kap\u0131s\u0131na gitmedi\u011fini, &#8220;sokaklarla sopal\u0131, hatta silahl\u0131 ki\u015filerin olaca\u011f\u0131na ili\u015fkin \u00e7ok ciddi duyumlar vard\u0131&#8221; diyerek a\u00e7\u0131klad\u0131.<\/p>\n<p>K\u0131l\u0131\u00e7daro\u011flu\u2019nun Bab-\u0131 Ali Toplant\u0131s\u0131\u2019ndaki konu\u015fmas\u0131n\u0131n ard\u0131ndan, gazeteci Zafer Arapkirli CHP Lideri\u2019ne, \u2018Se\u00e7im sonu\u00e7lar\u0131na ilk gece yap\u0131lan itirazlarla birlikte neden vatanda\u015flar\u0131 protestoya \u00e7a\u011f\u0131rmad\u0131n\u0131z? Neden sokak eylemleri olmad\u0131? Hakk\u0131n\u0131zda bu konuda pasif kald\u0131\u011f\u0131n\u0131z y\u00f6n\u00fcnde s\u00f6ylemler var\u2019 \u015feklinde bir soru y\u00f6neltti.<\/p>\n<p>K\u0131l\u0131\u00e7daro\u011flu, Arapkirli\u2019ye \u015f\u00f6yle yan\u0131t verdi;<\/p>\n<p>\u201cKar\u015f\u0131 taraf silahl\u0131yd\u0131. Bu t\u00fcr duyumlar ald\u0131k. Partideki arkada\u015flarla o gece (referandum gecesi) bunu tart\u0131\u015ft\u0131k. Ve s\u00fcrekli eylem, protesto g\u00f6sterileri i\u00e7in vatanda\u015flar\u0131m\u0131za \u2018soka\u011fa \u00e7\u0131k\u0131n\u2019 \u00e7a\u011fr\u0131s\u0131nda bulunmad\u0131k. \u00c7ok vahim olaylar \u00e7\u0131kabilece\u011fi endi\u015fesi nedeniyle, bu sorumlulu\u011fu almamaya karar verdik.\u201d<\/p>\n<!-- Error, Advert is not available at this time due to schedule\/geolocation restrictions! -->\n<p>K\u0131l\u0131\u00e7daro\u011flu, CHP\u2019nin referandum s\u00fcrecindeki tutumu hakk\u0131nda tart\u0131\u015fma a\u00e7an partililer hakk\u0131nda grup toplant\u0131s\u0131nda s\u00f6yledi\u011fi \u201cpartinin kap\u0131s\u0131n\u0131n \u00f6n\u00fcne koyar\u0131m\u201d s\u00f6z\u00fcn\u00fc de yumu\u015fatt\u0131. CHP Lideri, \u201co ifade biraz a\u011f\u0131r olmu\u015f olabilir\u201d diye konu\u015ftu.<\/p>\n<p>\u0130\u015fte CHP Lideri\u2019nin toplant\u0131da yapt\u0131\u011f\u0131 konu\u015fmadan notlar;<\/p>\n<p>Referandumun amac\u0131na uygun olmas\u0131 i\u00e7in gereken ko\u015fullar\u0131, \u201c\u00f6zg\u00fcrl\u00fck\u00e7\u00fc bir ortam\u201d, \u201chalk\u0131n s\u00fcre\u00e7 \u00f6ncesinde ve s\u00fcre\u00e7 i\u00e7inde bilgilendirilmesi\u201d ve \u201cevet ve hay\u0131r oyu kullan\u0131m\u0131 i\u00e7in e\u015fit ko\u015fullar\u0131n sa\u011flanmas\u0131\u201d \u015feklinde s\u0131ralayan K\u0131l\u0131\u00e7daro\u011flu, 16 Nisan referandum s\u00fcrecine de\u011finerek, \u015funlar\u0131 s\u00f6yledi:<br \/>\n\u201c\u00d6zg\u00fcrl\u00fck\u00e7\u00fc bir ortamda yapt\u0131k m\u0131? Hay\u0131r. Bunu, d\u00fcnyada bilmeyen hi\u00e7 kimse yok, herkes bu referandumun e\u015fit ko\u015fullarda yap\u0131lmad\u0131\u011f\u0131n\u0131 gayet iyi biliyor. Devletin b\u00fct\u00fcn imkanlar\u0131n\u0131n kullan\u0131lmas\u0131, \u00f6zg\u00fcrl\u00fck\u00e7\u00fc bir ortamda olmamas\u0131, KHK&#8217;lar, OHAL uygulamalar\u0131\u2026 B\u00fct\u00fcn bunlar referandumun \u00fczerinde bir g\u00f6lge olarak durdu. S\u00fcre\u00e7 \u00f6ncesinde ve s\u00fcre\u00e7 s\u0131ras\u0131nda yeterli bilgilendirme oldu mu? Hay\u0131r. Parlamentodaki g\u00f6r\u00fc\u015fmeler kamuoyuna yeteri kadar yans\u0131mad\u0131, televizyonlar yeteri kadar bunlar\u0131 vermedi. Tek boyutlu tart\u0131\u015fma programlar\u0131 geni\u015f bir medyada yer ald\u0131. Dolay\u0131s\u0131yla yap\u0131lan d\u00fczenlemelerin T\u00fcrkiye i\u00e7in ne kadar m\u00fckemmel d\u00fczenlemeler oldu\u011fu ama aksi g\u00f6r\u00fc\u015f\u00fc savunanlar\u0131n geriye itildi\u011fi bir s\u00fcrece hep beraber tan\u0131k olduk. Bilgilendirme yeteri kadar ve sa\u011fl\u0131kl\u0131 olmad\u0131. E\u015fit ko\u015fullarda da gidilmedi. Bunu da herkes biliyor zaten. B\u00fct\u00fcn bunlara ra\u011fmen ortaya bir sonu\u00e7 \u00e7\u0131kt\u0131. Ortaya \u00e7\u0131kan sonu\u00e7, y\u00fczde 100 inand\u0131\u011f\u0131m bir \u015feyi ifade edeyim, &#8216;hay\u0131r&#8217;\u0131n y\u00fcksek oldu\u011fu bir sonu\u00e7 \u00e7\u0131kt\u0131 ortaya. Sand\u0131\u011fa gidip oy kullanan b\u00fct\u00fcn vatanda\u015flar benim i\u00e7in \u00e7ok de\u011ferli. Onlara y\u00fcrekten te\u015fekk\u00fcr etmemiz laz\u0131m. Bu kadar bask\u0131ya, \u015fantaja ra\u011fmen, &#8216;Acaba oyumu a\u00e7\u0131klarsam ba\u015f\u0131ma bir bela gelir mi?&#8217; kayg\u0131s\u0131na ra\u011fmen gittiler, oylar\u0131n\u0131 kulland\u0131lar. YSK&#8217;n\u0131n son anda ald\u0131\u011f\u0131 bir karar olay\u0131 tamamen de\u011fi\u015ftirdi, bu referandum s\u00fcrecinin me\u015fruiyetine g\u00f6lge d\u00fc\u015f\u00fcrd\u00fc. Yasaya a\u00e7\u0131k\u00e7a ayk\u0131r\u0131 bir karar almaktan \u00e7ekinmediler.\u201d<\/p>\n<p>K\u0131l\u0131\u00e7daro\u011flu, YSK i\u00e7in son kulland\u0131\u011f\u0131 deyimin \u201c\u00e7ete\u201d oldu\u011funu hat\u0131rlatarak, \u201cBir yarg\u0131 \u00e7etesi var orada. &#8216;Neden \u00e7ete diyorsunuz?&#8217; diye ele\u015ftirdiler. Yasaya uygun davranmayan insanlar\u0131n bir araya gelip karar ald\u0131klar\u0131 s\u00fcre\u00e7 \u00e7ete s\u00fcrecidir zaten. Burada bir yasa var ve hi\u00e7bir yoruma yer vermeyecek kadar a\u00e7\u0131k. &#8216;M\u00fch\u00fcrs\u00fcz oy pusulalar\u0131 ge\u00e7ersizdir&#8217; diyor yasa. Peki siz nas\u0131l &#8216;Ge\u00e7erlidir&#8217; dersiniz? Do\u011fru bir tan\u0131mlama de\u011fil ama b\u00fct\u00fcn bunlar\u0131n tamam\u0131 yap\u0131ld\u0131.\u201d \u015feklinde konu\u015ftu.<\/p>\n<p>Kemal K\u0131l\u0131\u00e7dardo\u011fu, \u201ctek adam rejimi\u201dnin gelece\u011fini belirterek, \u201cHer t\u00fcrl\u00fc yetkiye sahip. Zaten bunu biliyoruz. Fiili durum da b\u00f6yleydi, Say\u0131n Bah\u00e7eli&#8217;nin tan\u0131m\u0131na g\u00f6re. Bir s\u00f6ylemiyle savc\u0131lar harekete ge\u00e7er, bir s\u00f6ylemiyle insanlar hapse at\u0131l\u0131r, bir s\u00f6ylemiyle hapistekiler \u00e7\u0131kar\u0131l\u0131r, bir ba\u015fka s\u00f6ylemiyle de parlamento harekete ge\u00e7er. Bu s\u00fcrecin demokrasiye getirdi\u011fi en b\u00fcy\u00fck sak\u0131nca, parlamentonun yetkilerinin \u00f6nemli bir k\u0131sm\u0131n\u0131n bir ki\u015fiye devredilmi\u015f olmas\u0131d\u0131r. Meclis, Gazi Meclis, Ulusal Kurtulu\u015f Sava\u015f\u0131&#8217;n\u0131 y\u00f6neten, milli iradeyi temsil eden bir meclis ama bu meclisinin yetkilerinin \u00f6nemli bir k\u0131sm\u0131 elinden al\u0131nd\u0131 ve bir ki\u015fiye verildi. Dolay\u0131s\u0131yla bu meclisin gazili\u011fi de tart\u0131\u015f\u0131l\u0131r art\u0131k. Meclis, kendi iradesine sahip \u00e7\u0131kamayan bir meclis konumuna geldi.\u201d ifadelerini kulland\u0131.<\/p>\n<p>\u201c\u0130kiy\u00fczl\u00fc bir hukukun\u201d ortaya \u00e7\u0131kt\u0131\u011f\u0131n\u0131 s\u00f6yleyen K\u0131l\u0131\u00e7daro\u011flu, \u201cD\u00fc\u015f\u00fcn\u00fcn cumhurba\u015fkan\u0131 se\u00e7iyorsunuz, tarafs\u0131z olmas\u0131 laz\u0131m ama tarafl\u0131, bir partinin genel ba\u015fkan\u0131 olacak. Ayn\u0131 cumhurba\u015fkan\u0131, Anayasa&#8217;n\u0131n 103. maddesine g\u00f6re &#8216;Ben tarafs\u0131z davranaca\u011f\u0131m. Tarafs\u0131zl\u0131\u011f\u0131m \u00fczerine namusum ve \u015ferefim \u00fczerine b\u00fcy\u00fck T\u00fcrk milleti \u00f6n\u00fcnde, tarihin huzurunda yemin ediyorum.&#8217; diyecek. Tam bir ikiy\u00fczl\u00fcl\u00fck. Nerede? Anayasa&#8217;da. Bir \u00fclkenin anayasas\u0131 ikiy\u00fczl\u00fc olabilir mi? Maalesef ikiy\u00fczl\u00fc. Ahlaki kurallar\u0131n yerlerde s\u00fcr\u00fcnd\u00fc\u011f\u00fc bir s\u00fcre\u00e7te ahlak\u0131 kurals\u0131zl\u0131\u011f\u0131 anayasaya getirdik koyduk. Bunun demokrasiyle ne ilgisi var? Hangi demokrasiden s\u00f6z ediyoruz?\u201d dedi.<\/p>\n<p>K\u0131l\u0131\u00e7daro\u011flu, bir yasan\u0131n y\u00fcr\u00fckl\u00fckte olmas\u0131yla me\u015fru olmas\u0131n\u0131n farkl\u0131 oldu\u011funu belirterek, \u201cBir yasa y\u00fcr\u00fcrl\u00fckte olabilir ama me\u015frulu\u011fu tart\u0131\u015f\u0131labilir. 1982 Anayasas\u0131 y\u00fczde 90&#8217;\u0131n \u00fczerinde kabul g\u00f6rd\u00fc ama b\u00fct\u00fcn siyasal partiler 1982&#8217;den bu yana bu anayasan\u0131n me\u015frulu\u011funu tart\u0131\u015ft\u0131lar. Yap\u0131lan bu de\u011fi\u015fiklikler y\u00fcr\u00fcrl\u00fcktedir ama me\u015fru de\u011fildir, siyasal, hukuki, ahlaki a\u00e7\u0131dan me\u015fru de\u011fildir. G\u00f6receksiniz uzun s\u00fcre bu tart\u0131\u015f\u0131lacakt\u0131r, de\u011fi\u015finceye kadar.\u201d \u015feklinde konu\u015ftu.<\/p>\n<p>CHP Genel Ba\u015fkan\u0131 Kemal K\u0131l\u0131\u00e7daro\u011flu, konu\u015fmas\u0131n\u0131 \u015f\u00f6yle s\u00fcrd\u00fcrd\u00fc:<\/p>\n<p>\u201cBu referandum bize yaln\u0131z olmad\u0131\u011f\u0131m\u0131z\u0131 g\u00f6sterdi. De\u011fi\u015fik renklerde, de\u011fi\u015fik seslerde onbinlerin demokrasi paydas\u0131nda bulu\u015ftu\u011funu g\u00f6sterdi, \u00fclk\u00fcc\u00fcs\u00fcnden tutun sosyalistine kadar, milliyet\u00e7isinden tutun m\u00fctedeyyinine kadar, liberalinden tutun kom\u00fcnistine kadar. Demokrasi paydas\u0131 m\u00fckemmel bir \u015fey \u00f6\u011fretti bize, demokrasiyi savunan en az y\u00fczde 50 var. Bu, ola\u011fan\u00fcst\u00fc bir f\u0131rsat penceresi sunuyor. Resmi rakamlara g\u00f6re y\u00fczde 49, her t\u00fcrl\u00fc bask\u0131ya, \u015fiddete, \u015fantaja ve imkans\u0131zl\u0131\u011fa ra\u011fmen sand\u0131\u011fa gidip oyunu kullanan en az y\u00fczde 50. 12 Eyl\u00fcl ko\u015fullar\u0131nda bir referandum ger\u00e7ekle\u015fti. 12 Eyl\u00fcl ko\u015fullar\u0131ndaki referandumda y\u00fczde 90&#8217;\u0131n \u00fczerinde &#8216;evet&#8217; vard\u0131. Bug\u00fcn ayn\u0131 ko\u015fullarda en az y\u00fczde 50&#8217;nin \u00fczerinde &#8216;hay\u0131r&#8217; var. Bu ola\u011fan\u00fcst\u00fc bir \u015feydir. En az y\u00fczde 50, e\u011fitimli ve d\u00fcnyay\u0131 sorgulayan bir kesim. Dolay\u0131s\u0131yla &#8216;evet&#8217; oyunu kullananlara demokrasiyi en iyi \u015fekilde anlatacak bir kesim. Onlar i\u00e7in de demokrasinin ne kadar \u00f6nemli oldu\u011funu anlatacak bir kesim. Bu, bizim i\u00e7in ola\u011fan\u00fcst\u00fc bir f\u0131rsatt\u0131r.\u201d<br \/>\nFarkl\u0131 renklerin, farkl\u0131 seslerin bir araya gelerek, demokrasi paydas\u0131nda bulu\u015ftu\u011funu ve bu payday\u0131 b\u00fcy\u00fctmek gerekti\u011fini belirten K\u0131l\u0131\u00e7daro\u011flu, olu\u015fan bu alan\u0131n k\u0131s\u0131r \u00e7eki\u015fmelere ve k\u0131s\u0131r tart\u0131\u015fmalara hapsedilmemesi gerekti\u011fini s\u00f6yledi.<\/p>\n<p>K\u0131l\u0131\u00e7daro\u011flu, CHP&#8217;nin, sorunu, bir \u00fclke sorunu olarak g\u00f6rd\u00fc\u011f\u00fc i\u00e7in referandum s\u00fcrecinde dominant olarak \u00f6ne \u00e7\u0131kmad\u0131\u011f\u0131n\u0131, toplumun her kesimini kucaklayan bir dil kulland\u0131\u011f\u0131n\u0131 dile getirerek, \u201cBenim i\u00e7in demokrasi \u00e7ok \u00f6nemli, benim gibi d\u00fc\u015f\u00fcnmeyen i\u00e7in de demokrasi \u00e7ok \u00f6nemli. O da d\u00fc\u015f\u00fcncelerini \u00f6zg\u00fcrce ifade edebilmeli, onun da can ve mal g\u00fcvenli\u011fi olmal\u0131, o da din ve vicdan \u00f6zg\u00fcrl\u00fc\u011f\u00fcne sahip olabilmeli. Bask\u0131dan ben de kurtulmal\u0131y\u0131m o da kurtulabilmeli. Biz, bunu anlatt\u0131\u011f\u0131m\u0131z \u00f6l\u00e7\u00fcde ba\u015far\u0131ya ula\u015ft\u0131k. Gitti\u011fimiz her yerde kap\u0131lar a\u00e7\u0131ld\u0131. Bir siyasal kimlikle de\u011fil, bir yurtsever kimli\u011fiyle gidip, &#8216;\u00dclkemizin, \u00e7ocuklar\u0131m\u0131z\u0131n gelece\u011fi i\u00e7in daha g\u00fczel bir T\u00fcrkiye in\u015fa etmeliyiz&#8217;i anlatt\u0131k. Sadece biz de\u011fil, ortak paydan\u0131n b\u00fct\u00fcn bile\u015fenleri bunu anlatmaya \u00e7al\u0131\u015ft\u0131.\u201d diye konu\u015ftu.<\/p>\n<p>Referandumun ard\u0131ndan \u00e7al\u0131\u015fmalar\u0131n\u0131 s\u00fcrd\u00fcrd\u00fcklerini ifade eden K\u0131l\u0131\u00e7daro\u011flu, \u201c\u00d6rg\u00fctlerimizin tamam\u0131na talimat verdik. \u00d6n\u00fcm\u00fczdeki 2 ay i\u00e7inde &#8216;evet&#8217; veya &#8216;hay\u0131r&#8217; hangi oyu kullanm\u0131\u015f olursa olsun, gitti\u011fimiz her yere yeniden gidece\u011fiz ve te\u015fekk\u00fcr edece\u011fiz. Bir espri yapay\u0131m. Adalet ve Kalk\u0131nma Partisi de bir te\u015fekk\u00fcr ziyaretinde bulunacakm\u0131\u015f ama onlar YSK&#8217;y\u0131 ziyaretle ba\u015flam\u0131\u015flar.\u201d dedi.<\/p>\n<p>K\u0131l\u0131\u00e7daro\u011flu, se\u00e7im meydanlar\u0131nda \u201cevet oyu kullan\u0131n\u201d diyenlerin tek konusunun kendisi oldu\u011funa de\u011finerek, \u015f\u00f6yle konu\u015ftu:<\/p>\n<p>\u201cSabah, \u00f6\u011fle, ak\u015fam beni g\u00fcndemlerine alarak bir referandum kampanyas\u0131 ge\u00e7irdiler. Benim do\u011frular\u0131 s\u00f6ylemedi\u011fimi s\u00f6ylediler ama bug\u00fcn do\u011frular a\u011f\u0131r a\u011f\u0131r \u00e7\u0131k\u0131yor ortaya. Tarafs\u0131zl\u0131\u011f\u0131 Anayasa&#8217;da, yemin metninde yer alan bir ki\u015fi, gitti bir partiye kaydoldu. \u015eimdi bu partinin genel ba\u015fkan\u0131 mahkemelere hakim tayin edecek. \u0130nanm\u0131yorlard\u0131, &#8216;B\u00f6yle bir \u015fey olmaz&#8217; diyorlard\u0131. \u015eimdi onun oldu\u011funu g\u00f6recekler. \u00d6n\u00fcm\u00fczdeki s\u00fcre\u00e7 i\u00e7inde bir karabasan gibi farkl\u0131 bir tablonun T\u00fcrkiye&#8217;nin \u00f6n\u00fcnde oldu\u011funu g\u00f6recekler. Biz, \u0131srarla ve b\u00fcy\u00fck bir kararl\u0131l\u0131kla yine toplumun her kesimini kucaklayarak do\u011frular\u0131 s\u00f6ylemeye devam edece\u011fiz. Biz, bunlar\u0131 anlat\u0131rken, direnme hakk\u0131m\u0131zla, yani bu anayasal de\u011fi\u015fikli\u011fe asla me\u015fruiyet kazand\u0131rmayacak s\u00f6ylem ve eylemlerle yolumuza devam edece\u011fiz. Direnme hakk\u0131 derken, \u00f6yle top t\u00fcfek kullanarak direnme hakk\u0131 de\u011fil, her yerde, her ortamda, her eylemde d\u00fc\u015f\u00fcncelerimizi toplumun her kesimine anlatarak\u2026 Biz e\u011fer bunlar\u0131 anlatabilirsek, resmi rakamlara g\u00f6re y\u00fczde 49&#8217;la elde etti\u011fimiz bir ba\u015far\u0131y\u0131 \u00f6n\u00fcm\u00fczdeki s\u00fcre\u00e7te \u00e7ok daha b\u00fcy\u00fck bir paydaya ta\u015f\u0131yabiliriz.\u201d<\/p>\n<p>Anayasalar\u0131n toplumsal uzla\u015fma belgesi oldu\u011funu vurgulayan K\u0131l\u0131\u00e7daro\u011flu, \u201cBu de\u011fi\u015fiklik toplumu ikiye b\u00f6ld\u00fc. Bir uzla\u015fma belgesi de\u011fil, toplumu ayr\u0131\u015ft\u0131rma belgesi olarak ortaya \u00e7\u0131kt\u0131. Bu belge T\u00fcrkiye&#8217;nin a\u011f\u0131rl\u0131\u011f\u0131n\u0131 ta\u015f\u0131yamaz. Bu terazi bu y\u00fck\u00fc ta\u015f\u0131yamaz. Bunlar da bu \u00fclkeyi sa\u011fl\u0131kl\u0131 y\u00f6netemezler. Y\u00f6netme g\u00fc\u00e7leri de yoktur, birikimleri de yoktur, bilgileri de yoktur. Kaba kuvvetle, kinle, \u00f6fkeyle devlet y\u00f6netilmez, y\u00f6netilmemelidir de zaten. \u00d6n\u00fcm\u00fczdeki s\u00fcre\u00e7 bunlara gebe. Bizim sorumlulu\u011fumuz as\u0131l \u015fimdi ba\u015fl\u0131yor. Biz bunun gere\u011fini yapaca\u011f\u0131z, her t\u00fcrl\u00fc m\u00fccadeleyi verece\u011fiz. Asla ve asla bu Anayasa de\u011fi\u015fikli\u011fine me\u015fruiyet kazand\u0131rmayaca\u011f\u0131z. Gayrime\u015fru bir d\u00fczenlemeyi, demokrasiye ayk\u0131r\u0131 bir d\u00fczenlemeyi, T\u00fcrkiye&#8217;nin gelece\u011fini tehlikeye atan bir d\u00fczenlemeyi kabul etmeyece\u011fiz. Hele hele tam kanunsuzluk halini me\u015fru kabul etmek gibi bir tuza\u011f\u0131n i\u00e7ine asla d\u00fc\u015fmeyece\u011fiz. Y\u00fcr\u00fcrl\u00fckteki kurallara g\u00f6re hem me\u015fruiyetini tart\u0131\u015faca\u011f\u0131z hem de o kurallar i\u00e7inde de\u011fi\u015fimi sa\u011flayaca\u011f\u0131z. \u00d6n\u00fcm\u00fczdeki s\u00fcre\u00e7 i\u00e7erisinde &#8216;hay\u0131r&#8217;\u0131n paydas\u0131n\u0131 b\u00fcy\u00fct\u00fcrsek, demokrasiyi \u00e7ok iyi anlat\u0131rsak, bunun gereklerini yerine getirirsek sonu\u00e7 almamak m\u00fcmk\u00fcn de\u011fil.\u201d g\u00f6r\u00fc\u015flerini dile getirdi.<\/p>\n<!-- Error, Advert is not available at this time due to schedule\/geolocation restrictions! -->\n","protected":false},"excerpt":{"rendered":"<p>CHP Genel Ba\u015fkan\u0131 Kemal K\u0131l\u0131\u00e7daro\u011flu, referandum gecesi halk\u0131 soka\u011fa \u00e7a\u011f\u0131rmad\u0131\u011f\u0131 ve pasif kald\u0131\u011f\u0131 y\u00f6n\u00fcndeki ele\u015ftirileri yan\u0131tlad\u0131. \u201cReferandum ve Sonu\u00e7lar\u0131n\u0131n T\u00fcrk Demokrasisine Etkisi\u201d ba\u015fl\u0131kl\u0131 130. Bab-\u0131 Ali Toplant\u0131lar\u0131nda konu\u015fan Kemal K\u0131l\u0131\u00e7daro\u011flu \u00f6nemli a\u00e7\u0131klamalarda bulundu. K\u0131l\u0131\u00e7daro\u011flu, YSK&#8217;n\u0131n m\u00fch\u00fcrs\u00fcz zarf ve pusula karar\u0131n\u0131 protesto i\u00e7in neden CHP&#8217;lilerle birlikte YSK&#8217;n\u0131n kap\u0131s\u0131na gitmedi\u011fini, &#8220;sokaklarla sopal\u0131, hatta silahl\u0131 ki\u015filerin olaca\u011f\u0131na ili\u015fkin &hellip;<\/p>\n","protected":false},"author":4,"featured_media":249772,"comment_status":"open","ping_status":"open","sticky":false,"template":"","format":"standard","meta":{"_acf_changed":false,"footnotes":""},"categories":[6155,5005,6202,349],"tags":[5115,24218],"class_list":["post-249770","post","type-post","status-publish","format-standard","has-post-thumbnail","hentry","category-gundem","category-manset","category-politika","category-son-dakika","tag-kemal-kilicdaroglu","tag-referandum"],"acf":[],"_links":{"self":[{"href":"https:\/\/www.nationalturk.com\/tr\/wp-json\/wp\/v2\/posts\/249770","targetHints":{"allow":["GET"]}}],"collection":[{"href":"https:\/\/www.nationalturk.com\/tr\/wp-json\/wp\/v2\/posts"}],"about":[{"href":"https:\/\/www.nationalturk.com\/tr\/wp-json\/wp\/v2\/types\/post"}],"author":[{"embeddable":true,"href":"https:\/\/www.nationalturk.com\/tr\/wp-json\/wp\/v2\/users\/4"}],"replies":[{"embeddable":true,"href":"https:\/\/www.nationalturk.com\/tr\/wp-json\/wp\/v2\/comments?post=249770"}],"version-history":[{"count":0,"href":"https:\/\/www.nationalturk.com\/tr\/wp-json\/wp\/v2\/posts\/249770\/revisions"}],"wp:featuredmedia":[{"embeddable":true,"href":"https:\/\/www.nationalturk.com\/tr\/wp-json\/wp\/v2\/media\/249772"}],"wp:attachment":[{"href":"https:\/\/www.nationalturk.com\/tr\/wp-json\/wp\/v2\/media?parent=249770"}],"wp:term":[{"taxonomy":"category","embeddable":true,"href":"https:\/\/www.nationalturk.com\/tr\/wp-json\/wp\/v2\/categories?post=249770"},{"taxonomy":"post_tag","embeddable":true,"href":"https:\/\/www.nationalturk.com\/tr\/wp-json\/wp\/v2\/tags?post=249770"}],"curies":[{"name":"wp","href":"https:\/\/api.w.org\/{rel}","templated":true}]}}