{"id":249789,"date":"2017-05-05T13:27:49","date_gmt":"2017-05-05T10:27:49","guid":{"rendered":"http:\/\/www.nationalturk.com\/?p=249789"},"modified":"2017-05-05T13:27:49","modified_gmt":"2017-05-05T10:27:49","slug":"iste-emlakta-kdv-istisnasinin-detaylari","status":"publish","type":"post","link":"https:\/\/www.nationalturk.com\/tr\/iste-emlakta-kdv-istisnasinin-detaylari\/","title":{"rendered":"\u0130\u015fte emlakta KDV istisnas\u0131n\u0131n detaylar\u0131"},"content":{"rendered":"<h2>Ge\u00e7en ay y\u00fcr\u00fcrl\u00fc\u011fe giren konut ve i\u015fyeri al\u0131mlar\u0131nda KDV istisnas\u0131na ili\u015fkin Kanunun KDV tebli\u011fiyle de uygulamaya ili\u015fkin detaylar\u0131, Resmi Gazete&#8217;nin bug\u00fcnk\u00fc yay\u0131mlanan say\u0131s\u0131nda belirlendi.<\/h2>\n<p>Maliye Bakan\u0131 Naci A\u011fbal, AA muhabirine yapt\u0131\u011f\u0131 a\u00e7\u0131klamada, konut ve i\u015fyeri al\u0131mlar\u0131nda KDV istisnas\u0131na ili\u015fkin Kanunun ge\u00e7en ay y\u00fcr\u00fcrl\u00fc\u011fe girdi\u011fini, Resmi Gazete&#8217;nin bug\u00fcnk\u00fc say\u0131s\u0131nda yay\u0131mlanan KDV tebli\u011fiyle de uygulamaya ili\u015fkin detaylar\u0131n belirlendi\u011fini s\u00f6yledi.<\/p>\n<p>Bakan A\u011fbal, istisnadan yurt d\u0131\u015f\u0131nda ya\u015fayan T\u00fcrk vatanda\u015flar\u0131 ve yurt d\u0131\u015f\u0131nda yerle\u015fmi\u015f ger\u00e7ek ki\u015filer ile kanuni merkezi ve i\u015f merkezi T\u00fcrkiye&#8217;de olmayan kurumlar\u0131n yararlanabilece\u011fini ifade etti.<\/p>\n<p>&#8220;\u00dclkemize d\u00f6viz giri\u015fi artacak&#8221;<br \/>\nS\u00f6z konusu ki\u015fi ve kurumlar\u0131n T\u00fcrkiye&#8217;den alacaklar\u0131 konut veya i\u015fyerlerinin KDV&#8217;den istisna olaca\u011f\u0131n\u0131 belirten A\u011fbal, \u015funlar\u0131 kaydetti:<\/p>\n<p>&#8220;Uygulamadan yararlanacaklar, sat\u0131\u015f bedelinin en az yar\u0131s\u0131n\u0131 sat\u0131\u015f i\u015fleminden \u00f6nce d\u00f6viz olarak \u00fclkeye getirmek zorunda. Kalan k\u0131sm\u0131 da 1 y\u0131l i\u00e7inde yine d\u00f6viz olarak getirecekler. D\u00f6vizin \u00fclkemize banka yoluyla ya da g\u00fcmr\u00fcklerde beyan edilmek suretiyle getirilmesi gerekiyor. \u0130stisna uygulamas\u0131ndan yararlananlar\u0131n, KDV&#8217;siz ald\u0131klar\u0131 konut ve i\u015f yerlerini en az 1 y\u0131l s\u00fcreyle satmamalar\u0131 \u015fart\u0131 var. Aksi halde istisna sa\u011flad\u0131\u011f\u0131m\u0131z KDV&#8217;yi \u00f6demeleri gerekiyor. Uygulamadan yararlanacaklara sat\u0131\u015f yapacak in\u015faat sekt\u00f6r\u00fcnde faaliyette bulunan m\u00fckelleflerimizin de sat\u0131\u015ftan \u00f6nce tebli\u011fde \u00f6ng\u00f6rd\u00fc\u011f\u00fcm\u00fcz belgeleri istemeleri gerekli. \u0130n\u015fallah, bu d\u00fczenleme in\u015faat sekt\u00f6r\u00fc ba\u015fta olmak \u00fczere ekonomiye \u00e7ok ciddi hareketlilik getirecek, \u00fclkemize d\u00f6viz giri\u015fi artacak.&#8221;<\/p>\n<!-- Error, Advert is not available at this time due to schedule\/geolocation restrictions! -->\n","protected":false},"excerpt":{"rendered":"<p>Ge\u00e7en ay y\u00fcr\u00fcrl\u00fc\u011fe giren konut ve i\u015fyeri al\u0131mlar\u0131nda KDV istisnas\u0131na ili\u015fkin Kanunun KDV tebli\u011fiyle de uygulamaya ili\u015fkin detaylar\u0131, Resmi Gazete&#8217;nin bug\u00fcnk\u00fc yay\u0131mlanan say\u0131s\u0131nda belirlendi. Maliye Bakan\u0131 Naci A\u011fbal, AA muhabirine yapt\u0131\u011f\u0131 a\u00e7\u0131klamada, konut ve i\u015fyeri al\u0131mlar\u0131nda KDV istisnas\u0131na ili\u015fkin Kanunun ge\u00e7en ay y\u00fcr\u00fcrl\u00fc\u011fe girdi\u011fini, Resmi Gazete&#8217;nin bug\u00fcnk\u00fc say\u0131s\u0131nda yay\u0131mlanan KDV tebli\u011fiyle de uygulamaya ili\u015fkin detaylar\u0131n &hellip;<\/p>\n","protected":false},"author":4,"featured_media":249790,"comment_status":"open","ping_status":"open","sticky":false,"template":"","format":"standard","meta":{"_acf_changed":false,"footnotes":""},"categories":[202904,6155,5005,6805],"tags":[95322,207193,37948],"class_list":["post-249789","post","type-post","status-publish","format-standard","has-post-thumbnail","hentry","category-emlak","category-gundem","category-manset","category-turkiye","tag-kdv","tag-konut","tag-resmi-gazete"],"acf":[],"_links":{"self":[{"href":"https:\/\/www.nationalturk.com\/tr\/wp-json\/wp\/v2\/posts\/249789","targetHints":{"allow":["GET"]}}],"collection":[{"href":"https:\/\/www.nationalturk.com\/tr\/wp-json\/wp\/v2\/posts"}],"about":[{"href":"https:\/\/www.nationalturk.com\/tr\/wp-json\/wp\/v2\/types\/post"}],"author":[{"embeddable":true,"href":"https:\/\/www.nationalturk.com\/tr\/wp-json\/wp\/v2\/users\/4"}],"replies":[{"embeddable":true,"href":"https:\/\/www.nationalturk.com\/tr\/wp-json\/wp\/v2\/comments?post=249789"}],"version-history":[{"count":0,"href":"https:\/\/www.nationalturk.com\/tr\/wp-json\/wp\/v2\/posts\/249789\/revisions"}],"wp:featuredmedia":[{"embeddable":true,"href":"https:\/\/www.nationalturk.com\/tr\/wp-json\/wp\/v2\/media\/249790"}],"wp:attachment":[{"href":"https:\/\/www.nationalturk.com\/tr\/wp-json\/wp\/v2\/media?parent=249789"}],"wp:term":[{"taxonomy":"category","embeddable":true,"href":"https:\/\/www.nationalturk.com\/tr\/wp-json\/wp\/v2\/categories?post=249789"},{"taxonomy":"post_tag","embeddable":true,"href":"https:\/\/www.nationalturk.com\/tr\/wp-json\/wp\/v2\/tags?post=249789"}],"curies":[{"name":"wp","href":"https:\/\/api.w.org\/{rel}","templated":true}]}}