{"id":249892,"date":"2017-05-08T12:24:10","date_gmt":"2017-05-08T09:24:10","guid":{"rendered":"http:\/\/www.nationalturk.com\/?p=249892"},"modified":"2017-05-08T12:24:10","modified_gmt":"2017-05-08T09:24:10","slug":"kusadasindaki-deprem-korkuttu","status":"publish","type":"post","link":"https:\/\/www.nationalturk.com\/tr\/kusadasindaki-deprem-korkuttu\/","title":{"rendered":"Ku\u015fadas\u0131&#8217;ndaki deprem korkuttu"},"content":{"rendered":"<h2>Ayd\u0131n&#8217;\u0131n Ku\u015fadas\u0131 il\u00e7esinde 4.2 b\u00fcy\u00fckl\u00fc\u011f\u00fcnde bir deprem meydana geldi. Deprem \u0130zmir, Manisa gibi \u00e7evre illerden de hissedildi.<\/h2>\n<p>Ku\u015fadas\u0131 K\u00f6rfezi\u2019nde bug\u00fcn saat 11.47\u2019de Richter \u00d6l\u00e7e\u011fi\u2019ne g\u00f6re 4.2 b\u00fcy\u00fckl\u00fc\u011f\u00fcnde deprem meydana geldi. Ba\u015fbakanl\u0131k Afet ve Acil Durum Y\u00f6netimi Ba\u015fkanl\u0131\u011f\u0131 (AFAD) Deprem Dairesi taraf\u0131ndan yap\u0131lan a\u00e7\u0131klamaya g\u00f6re, merkez \u00fcss\u00fc Ayd\u0131n\u2019\u0131n Ku\u015fadas\u0131 K\u00f6rfezi a\u00e7\u0131klar\u0131 olan 4.2 b\u00fcy\u00fckl\u00fc\u011f\u00fcndeki deprem, saat 11.47\u2019de, yerin 7.19 kilometre alt\u0131nda meydana geldi. \u0130zmir\u2019de de hissedilen depremin, herhangi bir hasara neden olmad\u0131\u011f\u0131 bildirildi.<\/p>\n<!-- Error, Advert is not available at this time due to schedule\/geolocation restrictions! -->\n","protected":false},"excerpt":{"rendered":"<p>Ayd\u0131n&#8217;\u0131n Ku\u015fadas\u0131 il\u00e7esinde 4.2 b\u00fcy\u00fckl\u00fc\u011f\u00fcnde bir deprem meydana geldi. Deprem \u0130zmir, Manisa gibi \u00e7evre illerden de hissedildi. Ku\u015fadas\u0131 K\u00f6rfezi\u2019nde bug\u00fcn saat 11.47\u2019de Richter \u00d6l\u00e7e\u011fi\u2019ne g\u00f6re 4.2 b\u00fcy\u00fckl\u00fc\u011f\u00fcnde deprem meydana geldi. Ba\u015fbakanl\u0131k Afet ve Acil Durum Y\u00f6netimi Ba\u015fkanl\u0131\u011f\u0131 (AFAD) Deprem Dairesi taraf\u0131ndan yap\u0131lan a\u00e7\u0131klamaya g\u00f6re, merkez \u00fcss\u00fc Ayd\u0131n\u2019\u0131n Ku\u015fadas\u0131 K\u00f6rfezi a\u00e7\u0131klar\u0131 olan 4.2 b\u00fcy\u00fckl\u00fc\u011f\u00fcndeki deprem, saat &hellip;<\/p>\n","protected":false},"author":4,"featured_media":249893,"comment_status":"open","ping_status":"open","sticky":false,"template":"","format":"standard","meta":{"_acf_changed":false,"footnotes":""},"categories":[6155,5005,349,6805],"tags":[1681,1375,54242,3144],"class_list":["post-249892","post","type-post","status-publish","format-standard","has-post-thumbnail","hentry","category-gundem","category-manset","category-son-dakika","category-turkiye","tag-izmir","tag-kusadasi","tag-kusadasi-deprem","tag-manisa"],"acf":[],"_links":{"self":[{"href":"https:\/\/www.nationalturk.com\/tr\/wp-json\/wp\/v2\/posts\/249892","targetHints":{"allow":["GET"]}}],"collection":[{"href":"https:\/\/www.nationalturk.com\/tr\/wp-json\/wp\/v2\/posts"}],"about":[{"href":"https:\/\/www.nationalturk.com\/tr\/wp-json\/wp\/v2\/types\/post"}],"author":[{"embeddable":true,"href":"https:\/\/www.nationalturk.com\/tr\/wp-json\/wp\/v2\/users\/4"}],"replies":[{"embeddable":true,"href":"https:\/\/www.nationalturk.com\/tr\/wp-json\/wp\/v2\/comments?post=249892"}],"version-history":[{"count":0,"href":"https:\/\/www.nationalturk.com\/tr\/wp-json\/wp\/v2\/posts\/249892\/revisions"}],"wp:featuredmedia":[{"embeddable":true,"href":"https:\/\/www.nationalturk.com\/tr\/wp-json\/wp\/v2\/media\/249893"}],"wp:attachment":[{"href":"https:\/\/www.nationalturk.com\/tr\/wp-json\/wp\/v2\/media?parent=249892"}],"wp:term":[{"taxonomy":"category","embeddable":true,"href":"https:\/\/www.nationalturk.com\/tr\/wp-json\/wp\/v2\/categories?post=249892"},{"taxonomy":"post_tag","embeddable":true,"href":"https:\/\/www.nationalturk.com\/tr\/wp-json\/wp\/v2\/tags?post=249892"}],"curies":[{"name":"wp","href":"https:\/\/api.w.org\/{rel}","templated":true}]}}