{"id":249945,"date":"2017-05-09T13:26:03","date_gmt":"2017-05-09T10:26:03","guid":{"rendered":"http:\/\/www.nationalturk.com\/?p=249945"},"modified":"2022-09-12T13:13:19","modified_gmt":"2022-09-12T10:13:19","slug":"arda-turan-beklentileri-karsilayamadi-ve-barcelona-onu-satmak-istiyor","status":"publish","type":"post","link":"https:\/\/www.nationalturk.com\/tr\/arda-turan-beklentileri-karsilayamadi-ve-barcelona-onu-satmak-istiyor\/","title":{"rendered":"&#8220;Arda Turan beklentileri kar\u015f\u0131layamad\u0131 ve Barcelona onu satmak istiyor&#8221;"},"content":{"rendered":"<h2>\u0130spanyol spor bas\u0131n\u0131, milli oyuncu Arda Turan&#8217;\u0131n 6 sezondur forma giydi\u011fi \u0130spanya La Liga&#8217;ya yaz transfer d\u00f6neminde veda edece\u011fi y\u00f6n\u00fcndeki iddialar\u0131n\u0131 yo\u011funla\u015ft\u0131rd\u0131.<\/h2>\n<p>Barcelona Kul\u00fcb\u00fcn\u00fc yak\u0131ndan takip eden El Mundo Deportivo gazetesi, Arda Turan&#8217;\u0131n sezon sonunda tak\u0131mdan ayr\u0131lmas\u0131n\u0131n b\u00fcy\u00fck olas\u0131l\u0131k oldu\u011funu savunup, T\u00fcrk futbolcunun yerine d\u00fc\u015f\u00fcn\u00fclen oyuncularla ilgili iddias\u0131n\u0131 man\u015fetine \u00e7\u0131kard\u0131. &#8220;Arda&#8217;n\u0131n yedek par\u00e7alar\u0131&#8221; ba\u015fl\u0131\u011f\u0131 alt\u0131nda verilen haberde, &#8220;Barcelona, T\u00fcrk futbolcuyu en az 25 milyon avroya satmak istiyor. Bar\u00e7a, Arda&#8217;n\u0131n yerine kaliteli ve \u00e7ok nitelikli bir orta saha oyuncusu ar\u0131yor. \u0130lk adaylar, Paris Saint-Germain&#8217;den Angel Di Maria, Borussia Dortmund&#8217;dan Reus ve Sevilla&#8217;dan Vitolo.&#8221; ifadeleri kullan\u0131ld\u0131.<\/p>\n<p>Arda Turan&#8217;\u0131n Barcelona&#8217;da ge\u00e7irdi\u011fi iki sezonda &#8220;b\u00fcy\u00fck beklentileri kar\u015f\u0131layamad\u0131\u011f\u0131n\u0131&#8221; \u00f6ne s\u00fcren Katalan spor gazetesi, &#8220;Arda&#8217;dan Iniesta ve Neymar kalitesinde bir futbol bekleniyordu ama bunu kar\u015f\u0131layamad\u0131. \u00d6nemli ma\u00e7larda belirleyici olamad\u0131. Ayr\u0131ca onun en b\u00fcy\u00fck destek\u00e7isi teknik direkt\u00f6r Luis Enrique de sezon sonunda gidiyor. Arda, \u00f6nemli transfer teklifleri ald\u0131 ve kul\u00fcp onu satmak istiyor.&#8221; diye yazd\u0131.<\/p>\n<p>Milli futbolcunun \u00c7in&#8217;den gelen sezon ba\u015f\u0131na net 18 milyon avroluk teklifi reddetti\u011fini savunan El Mundo Deportivo, &#8220;\u00c7in kul\u00fcplerinden gelen teklifler ge\u00e7erlili\u011fini koruyor. Ayr\u0131ca Arda&#8217;n\u0131n menajeri, Arsenal ve Inter kul\u00fcpleriyle de g\u00f6r\u00fc\u015fmeler yap\u0131yor. Arda Turan&#8217;a yak\u0131n kaynaklar T\u00fcrk futbolcunun gelecek sezon Premier Lig&#8217;de forma giyme olas\u0131l\u0131\u011f\u0131n\u0131 daha y\u00fcksek g\u00f6steriyor.&#8221; iddias\u0131nda bulundu.<\/p>\n<!-- Error, Advert is not available at this time due to schedule\/geolocation restrictions! -->\n","protected":false},"excerpt":{"rendered":"<p>\u0130spanyol spor bas\u0131n\u0131, milli oyuncu Arda Turan&#8217;\u0131n 6 sezondur forma giydi\u011fi \u0130spanya La Liga&#8217;ya yaz transfer d\u00f6neminde veda edece\u011fi y\u00f6n\u00fcndeki iddialar\u0131n\u0131 yo\u011funla\u015ft\u0131rd\u0131. Barcelona Kul\u00fcb\u00fcn\u00fc yak\u0131ndan takip eden El Mundo Deportivo gazetesi, Arda Turan&#8217;\u0131n sezon sonunda tak\u0131mdan ayr\u0131lmas\u0131n\u0131n b\u00fcy\u00fck olas\u0131l\u0131k oldu\u011funu savunup, T\u00fcrk futbolcunun yerine d\u00fc\u015f\u00fcn\u00fclen oyuncularla ilgili iddias\u0131n\u0131 man\u015fetine \u00e7\u0131kard\u0131. &#8220;Arda&#8217;n\u0131n yedek par\u00e7alar\u0131&#8221; ba\u015fl\u0131\u011f\u0131 alt\u0131nda &hellip;<\/p>\n","protected":false},"author":4,"featured_media":249946,"comment_status":"open","ping_status":"open","sticky":false,"template":"","format":"standard","meta":{"_acf_changed":false,"footnotes":""},"categories":[6774,5005,6194],"tags":[6335,1038,711,15,21931,21033],"class_list":["post-249945","post","type-post","status-publish","format-standard","has-post-thumbnail","hentry","category-futbol","category-manset","category-spor","tag-arda-turan","tag-barcelona","tag-cin","tag-ispanya","tag-ispanyol-basini","tag-la-liga"],"acf":[],"_links":{"self":[{"href":"https:\/\/www.nationalturk.com\/tr\/wp-json\/wp\/v2\/posts\/249945","targetHints":{"allow":["GET"]}}],"collection":[{"href":"https:\/\/www.nationalturk.com\/tr\/wp-json\/wp\/v2\/posts"}],"about":[{"href":"https:\/\/www.nationalturk.com\/tr\/wp-json\/wp\/v2\/types\/post"}],"author":[{"embeddable":true,"href":"https:\/\/www.nationalturk.com\/tr\/wp-json\/wp\/v2\/users\/4"}],"replies":[{"embeddable":true,"href":"https:\/\/www.nationalturk.com\/tr\/wp-json\/wp\/v2\/comments?post=249945"}],"version-history":[{"count":0,"href":"https:\/\/www.nationalturk.com\/tr\/wp-json\/wp\/v2\/posts\/249945\/revisions"}],"wp:featuredmedia":[{"embeddable":true,"href":"https:\/\/www.nationalturk.com\/tr\/wp-json\/wp\/v2\/media\/249946"}],"wp:attachment":[{"href":"https:\/\/www.nationalturk.com\/tr\/wp-json\/wp\/v2\/media?parent=249945"}],"wp:term":[{"taxonomy":"category","embeddable":true,"href":"https:\/\/www.nationalturk.com\/tr\/wp-json\/wp\/v2\/categories?post=249945"},{"taxonomy":"post_tag","embeddable":true,"href":"https:\/\/www.nationalturk.com\/tr\/wp-json\/wp\/v2\/tags?post=249945"}],"curies":[{"name":"wp","href":"https:\/\/api.w.org\/{rel}","templated":true}]}}