{"id":249977,"date":"2017-05-09T18:12:23","date_gmt":"2017-05-09T15:12:23","guid":{"rendered":"http:\/\/www.nationalturk.com\/?p=249977"},"modified":"2017-05-09T18:12:23","modified_gmt":"2017-05-09T15:12:23","slug":"kizil-meydanda-10-bin-askerle-zafer-kutlamasi","status":"publish","type":"post","link":"https:\/\/www.nationalturk.com\/tr\/kizil-meydanda-10-bin-askerle-zafer-kutlamasi\/","title":{"rendered":"K\u0131z\u0131l Meydan&#8217;da 10 bin askerle zafer kutlamas\u0131"},"content":{"rendered":"<h2>Sovyetler Birli\u011fi&#8217;nin 2. D\u00fcnya Sava\u015f\u0131&#8217;nda d\u00f6nemin Nazi Almanyas\u0131&#8217;n\u0131 ma\u011flup etmesinin 72. y\u0131l d\u00f6n\u00fcm\u00fc dolay\u0131s\u0131yla K\u0131z\u0131l Meydan&#8217;da yakla\u015f\u0131k 10 bin askerin kat\u0131ld\u0131\u011f\u0131 ge\u00e7it t\u00f6reni d\u00fczenlendi.<\/h2>\n<p>Rusya&#8217;n\u0131n ba\u015fkenti Moskova&#8217;da, Sovyetler Birli\u011fi&#8217;nin, 2. D\u00fcnya Sava\u015f\u0131&#8217;nda d\u00f6nemin Nazi Almanyas\u0131&#8217;n\u0131 ma\u011flup etmesinin 72. y\u0131l d\u00f6n\u00fcm\u00fc nedeniyle askeri ge\u00e7it t\u00f6reni yap\u0131ld\u0131.<\/p>\n<p>K\u0131z\u0131l Meydan&#8217;da d\u00fczenlenen ge\u00e7it t\u00f6reninde yakla\u015f\u0131k 10 bin asker ile 114 z\u0131rhl\u0131 ara\u00e7 ve te\u00e7hizat yer ald\u0131. S-400 hava savunma sistemleri ve \u0130skender f\u00fczelerinin de g\u00f6sterildi\u011fi t\u00f6rende, Rusya&#8217;n\u0131n Arktik b\u00f6lgesinde konu\u015fland\u0131rd\u0131\u011f\u0131 Pantsir-s1 ve Tor f\u00fcze sistemleri ilk kez t\u00f6renlere dahil edildi.<\/p>\n<p>Helikopter ve u\u00e7aklar\u0131n g\u00f6steri u\u00e7u\u015flar\u0131 Moskova&#8217;daki elveri\u015fsiz hava ko\u015fullar\u0131 nedeniyle yap\u0131lamad\u0131. K\u0131z\u0131l Meydan&#8217;daki t\u00f6reni Rusya Devlet Ba\u015fkan\u0131 Vladimir Putin ve Ba\u015fbakan Dmitriy Medvedev de takip etti.<\/p>\n<p>Putin, 2. D\u00fcnya Sava\u015f\u0131&#8217;n\u0131n milyonlarca insan\u0131n hayat\u0131na mal oldu\u011funu an\u0131msatt\u0131\u011f\u0131 konu\u015fmas\u0131nda, &#8220;Bu sava\u015ftan ald\u0131\u011f\u0131m\u0131z dersler, bize uyan\u0131k olmam\u0131z gerekti\u011fini g\u00f6steriyor. Rusya Silahl\u0131 Kuvvetleri bug\u00fcn, her t\u00fcrl\u00fc potansiyel tehdide kar\u015f\u0131 koyacak g\u00fcce sahip&#8221; dedi. Bug\u00fcnk\u00fc hayat \u015fartlar\u0131n\u0131n savunma potansiyelini artt\u0131rmay\u0131 gerekti\u011fini belirten Putin, &#8220;Ancak ter\u00f6rizm ve di\u011fer tehlikelere kar\u015f\u0131 uluslararas\u0131 toplumun birle\u015fmesi gerekiyor. Biz b\u00f6yle bir i\u015fbirli\u011fine a\u00e7\u0131\u011f\u0131z. Rusya her zaman bar\u0131\u015f\u0131n taraf\u0131nda ve e\u015fit ortakl\u0131k yolunu se\u00e7erek sava\u015f\u0131 reddedenlerle birlikte olacakt\u0131r.&#8221; dedi.<\/p>\n<p>Putin, daha sonra K\u0131z\u0131l Meydan&#8217;\u0131n yan\u0131ndaki Me\u00e7hul Asker An\u0131t\u0131&#8217;na karanfil b\u0131rakt\u0131. 9 May\u0131s Zafer G\u00fcn\u00fc kutlamalar\u0131 kapsam\u0131nda, Moskova ba\u015fta olmak \u00fczere bir\u00e7ok \u015fehirde &#8220;\u00f6l\u00fcms\u00fcz alay&#8221; anma y\u00fcr\u00fcy\u00fc\u015f\u00fc organize ediliyor.<\/p>\n<!-- Error, Advert is not available at this time due to schedule\/geolocation restrictions! -->\n","protected":false},"excerpt":{"rendered":"<p>Sovyetler Birli\u011fi&#8217;nin 2. D\u00fcnya Sava\u015f\u0131&#8217;nda d\u00f6nemin Nazi Almanyas\u0131&#8217;n\u0131 ma\u011flup etmesinin 72. y\u0131l d\u00f6n\u00fcm\u00fc dolay\u0131s\u0131yla K\u0131z\u0131l Meydan&#8217;da yakla\u015f\u0131k 10 bin askerin kat\u0131ld\u0131\u011f\u0131 ge\u00e7it t\u00f6reni d\u00fczenlendi. Rusya&#8217;n\u0131n ba\u015fkenti Moskova&#8217;da, Sovyetler Birli\u011fi&#8217;nin, 2. D\u00fcnya Sava\u015f\u0131&#8217;nda d\u00f6nemin Nazi Almanyas\u0131&#8217;n\u0131 ma\u011flup etmesinin 72. y\u0131l d\u00f6n\u00fcm\u00fc nedeniyle askeri ge\u00e7it t\u00f6reni yap\u0131ld\u0131. K\u0131z\u0131l Meydan&#8217;da d\u00fczenlenen ge\u00e7it t\u00f6reninde yakla\u015f\u0131k 10 bin asker ile &hellip;<\/p>\n","protected":false},"author":4,"featured_media":249979,"comment_status":"open","ping_status":"open","sticky":false,"template":"","format":"standard","meta":{"_acf_changed":false,"footnotes":""},"categories":[6770,6665,6155,5005],"tags":[56456,161101,2174,99999,721,1530],"class_list":["post-249977","post","type-post","status-publish","format-standard","has-post-thumbnail","hentry","category-avrupa","category-dunya","category-gundem","category-manset","tag-2-dunya-savasi","tag-9-mayis","tag-almanya","tag-kizil-meydan","tag-rusya","tag-vladimir-putin"],"acf":[],"_links":{"self":[{"href":"https:\/\/www.nationalturk.com\/tr\/wp-json\/wp\/v2\/posts\/249977","targetHints":{"allow":["GET"]}}],"collection":[{"href":"https:\/\/www.nationalturk.com\/tr\/wp-json\/wp\/v2\/posts"}],"about":[{"href":"https:\/\/www.nationalturk.com\/tr\/wp-json\/wp\/v2\/types\/post"}],"author":[{"embeddable":true,"href":"https:\/\/www.nationalturk.com\/tr\/wp-json\/wp\/v2\/users\/4"}],"replies":[{"embeddable":true,"href":"https:\/\/www.nationalturk.com\/tr\/wp-json\/wp\/v2\/comments?post=249977"}],"version-history":[{"count":0,"href":"https:\/\/www.nationalturk.com\/tr\/wp-json\/wp\/v2\/posts\/249977\/revisions"}],"wp:featuredmedia":[{"embeddable":true,"href":"https:\/\/www.nationalturk.com\/tr\/wp-json\/wp\/v2\/media\/249979"}],"wp:attachment":[{"href":"https:\/\/www.nationalturk.com\/tr\/wp-json\/wp\/v2\/media?parent=249977"}],"wp:term":[{"taxonomy":"category","embeddable":true,"href":"https:\/\/www.nationalturk.com\/tr\/wp-json\/wp\/v2\/categories?post=249977"},{"taxonomy":"post_tag","embeddable":true,"href":"https:\/\/www.nationalturk.com\/tr\/wp-json\/wp\/v2\/tags?post=249977"}],"curies":[{"name":"wp","href":"https:\/\/api.w.org\/{rel}","templated":true}]}}