{"id":250008,"date":"2017-05-10T15:40:28","date_gmt":"2017-05-10T12:40:28","guid":{"rendered":"http:\/\/www.nationalturk.com\/?p=250008"},"modified":"2017-05-10T15:40:28","modified_gmt":"2017-05-10T12:40:28","slug":"ucuncu-iddianame-de-iade-edildi","status":"publish","type":"post","link":"https:\/\/www.nationalturk.com\/tr\/ucuncu-iddianame-de-iade-edildi\/","title":{"rendered":"\u00dc\u00e7\u00fcnc\u00fc iddianame de iade edildi"},"content":{"rendered":"<h2>Hrant Dink cinayetine ili\u015fkin FET\u00d6 eleba\u015f\u0131 Fetullah G\u00fclen, eski savc\u0131 Zekeriya \u00d6z, gazeteciler ve jandarma g\u00f6revlilerinin de aralar\u0131nda bulundu\u011fu 51 \u015f\u00fcpheli hakk\u0131nda haz\u0131rlanan \u00fc\u00e7\u00fcnc\u00fc iddianame, ana davayla birle\u015ftirilme talebiyle g\u00f6nderildi\u011fi \u0130stanbul 14. A\u011f\u0131r Ceza Mahkemesi taraf\u0131ndan savc\u0131s\u0131na iade edildi.<\/h2>\n<p>Hrant Dink cinayetine \u00fc\u00e7\u00fcnc\u00fc iddianame haz\u0131rland\u0131<br \/>\nDink cinayeti davas\u0131n\u0131n g\u00f6r\u00fcld\u00fc\u011f\u00fc \u0130stanbul 14. A\u011f\u0131r Ceza Mahkemesi, \u0130stanbul Cumhuriyet Ba\u015fsavc\u0131l\u0131\u011f\u0131 Ter\u00f6r ve \u00d6rg\u00fctl\u00fc Su\u00e7lar B\u00fcrosu savc\u0131lar\u0131ndan G\u00f6kalp K\u00f6k\u00e7\u00fc taraf\u0131ndan haz\u0131rlanan ve ana dava dosyas\u0131yla birle\u015ftirilmesi talebiyle g\u00f6nderilen cinayete ili\u015fkin \u00fc\u00e7\u00fcnc\u00fc iddianameyle ilgili incelemesini tamamlad\u0131.<\/p>\n<p>Mahkeme heyetinin, eksiklikler bulundu\u011fu gerek\u00e7esiyle iddianameyi savc\u0131s\u0131na iade etme karar\u0131 ald\u0131\u011f\u0131 \u00f6\u011frenildi.<\/p>\n<p>Agos Gazetesi Genel Yay\u0131n Y\u00f6netmeni Hrant Dink&#8217;in 19 Ocak 2007&#8217;de \u00f6ld\u00fcr\u00fclmesine ili\u015fkin a\u00e7\u0131lan dava haricinde, cinayetin FET\u00d6 ile ba\u011flant\u0131s\u0131n\u0131 ortaya \u00e7\u0131karan en kapsaml\u0131 soru\u015fturman\u0131n tamamlanmas\u0131n\u0131n ard\u0131ndan haz\u0131rlanan \u00fc\u00e7\u00fcnc\u00fc iddianamede, FET\u00d6 eleba\u015f\u0131 Fetullah G\u00fclen, eski savc\u0131 Zekeriya \u00d6z, kapat\u0131lan Zaman gazetesinin genel yay\u0131n y\u00f6netmeni Ekrem Dumanl\u0131, gazeteciler Adem Yavuz Arslan, Ercan G\u00fcn ile meslekten ihra\u00e7 edilen Tu\u011fgeneral Hamza Celepo\u011flu, d\u00f6nemin Trabzon \u0130l Jandarma Komutan\u0131 Ali \u00d6z, Trabzon Jandarma \u0130stihbarat \u015eube M\u00fcd\u00fcr\u00fc Metin Y\u0131ld\u0131z ve \u0130stanbul Jandarma \u0130stihbarat g\u00f6revlisi Y\u00fczba\u015f\u0131 Muharrem Demirkale&#8217;nin de aralar\u0131nda bulundu\u011fu 51 \u015f\u00fcpheli yer al\u0131yor.<\/p>\n<p>Bu \u015f\u00fcphelilerden 28&#8217;inin tutuklu, G\u00fclen ve \u00d6z&#8217;\u00fcn de aralar\u0131nda bulundu\u011fu 8&#8217;inin ise firari oldu\u011fu belirtiliyor.<\/p>\n<p>\u0130ddianamede, \u015f\u00fcpheli Fetullah G\u00fclen&#8217;in &#8220;cebir ve s\u0327iddet kullanarak Tu\u0308rkiye Cumhuriyeti Anayasas\u0131n\u0131n o\u0308ngo\u0308rdu\u0308g\u0306u\u0308 du\u0308zeni ortadan kald\u0131rmaya veya bu du\u0308zen yerine bas\u0327ka bir du\u0308zen getirmeye veya bu du\u0308zenin fiilen uygulanmas\u0131n\u0131 o\u0308nlemeye tes\u0327ebbu\u0308s etmek\u201d su\u00e7undan ag\u0306\u0131rlas\u0327t\u0131r\u0131lm\u0131s\u0327 mu\u0308ebbet, &#8220;kasten \u00f6ld\u00fcrme su\u00e7una i\u015ftirak&#8221;ten m\u00fcebbet, &#8220;silahl\u0131 ter\u00f6r \u00f6rg\u00fct\u00fc kurmak ve y\u00f6netmek&#8221; su\u00e7undan da 15 y\u0131ldan 22,5 y\u0131la kadar hapisle cezaland\u0131r\u0131lmas\u0131 isteniyor.<\/p>\n<p>\u015e\u00fcpheliler eski savc\u0131 Zekeriya \u00d6z ve gazeteciler Adem Yavuz Arslan, Faruk Mercan, Ekrem Dumanl\u0131 ile eski Trabzon \u0130l Jandarma Komutan\u0131 Ali \u00d6z ve di\u011fer jandarma g\u00f6revlilerinin de bulundu\u011fu 40 \u015f\u00fcphelinin, &#8220;cebir ve s\u0327iddet kullanarak, Tu\u0308rkiye Cumhuriyeti Anayasas\u0131n\u0131n o\u0308ngo\u0308rdu\u0308g\u0306u\u0308 du\u0308zeni ortadan kald\u0131rmaya veya bu du\u0308zen yerine bas\u0327ka bir du\u0308zen getirmeye veya bu du\u0308zenin fiilen uygulanmas\u0131n\u0131 o\u0308nlemeye tes\u0327ebbu\u0308s etmek&#8221; su\u00e7undan ag\u0306\u0131rlas\u0327t\u0131r\u0131lm\u0131s\u0327 mu\u0308ebbet ve &#8220;kasten \u00f6ld\u00fcrme su\u00e7una i\u015ftirak&#8221;ten de m\u00fcebbet hapis cezas\u0131na \u00e7arpt\u0131r\u0131lmas\u0131 istenen iddianamede, bu \u015f\u00fcphelilerin ayr\u0131ca &#8220;silahl\u0131 ter\u00f6r \u00f6rg\u00fct\u00fcne \u00fcye olma&#8221; su\u00e7undan da 7,5 y\u0131ldan 15 y\u0131la kadar hapisle cezaland\u0131r\u0131lmas\u0131 \u00f6ng\u00f6r\u00fcl\u00fcyor.<\/p>\n<p>\u0130ddianamede di\u011fer \u015f\u00fcpheliler Ercan G\u00fcn, Adem Sar\u0131g\u00f6l, Muammer Ay, Ahmet \u00c7etiner, Atilla G\u00fc\u00e7l\u00fco\u011flu, Birol Ustao\u011flu, Metin Balta, Murat Bayrak, Yakup Kurtaran ve Y\u00fcksel Avan\u2019\u0131n da &#8220;cebir ve s\u0327iddet kullanarak Tu\u0308rkiye Cumhuriyeti Anayasas\u0131n\u0131n o\u0308ngo\u0308rdu\u0308g\u0306u\u0308 du\u0308zeni ortadan kald\u0131rmaya veya bu du\u0308zen yerine bas\u0327ka bir du\u0308zen getirmeye veya bu du\u0308zenin fiilen uygulanmas\u0131n\u0131 o\u0308nlemeye tes\u0327ebbu\u0308s etmek&#8221; su\u00e7undan ag\u0306\u0131rlas\u0327t\u0131r\u0131lm\u0131s\u0327 mu\u0308ebbet, &#8220;silahl\u0131 ter\u00f6r \u00f6rg\u00fct\u00fcne yard\u0131m etmek&#8221; su\u00e7undan da 7,5 y\u0131ldan 15 y\u0131la kadar hapis cezas\u0131na \u00e7arpt\u0131r\u0131lmas\u0131 talep ediliyor.<\/p>\n<!-- Error, Advert is not available at this time due to schedule\/geolocation restrictions! -->\n","protected":false},"excerpt":{"rendered":"<p>Hrant Dink cinayetine ili\u015fkin FET\u00d6 eleba\u015f\u0131 Fetullah G\u00fclen, eski savc\u0131 Zekeriya \u00d6z, gazeteciler ve jandarma g\u00f6revlilerinin de aralar\u0131nda bulundu\u011fu 51 \u015f\u00fcpheli hakk\u0131nda haz\u0131rlanan \u00fc\u00e7\u00fcnc\u00fc iddianame, ana davayla birle\u015ftirilme talebiyle g\u00f6nderildi\u011fi \u0130stanbul 14. A\u011f\u0131r Ceza Mahkemesi taraf\u0131ndan savc\u0131s\u0131na iade edildi. Hrant Dink cinayetine \u00fc\u00e7\u00fcnc\u00fc iddianame haz\u0131rland\u0131 Dink cinayeti davas\u0131n\u0131n g\u00f6r\u00fcld\u00fc\u011f\u00fc \u0130stanbul 14. A\u011f\u0131r Ceza Mahkemesi, \u0130stanbul &hellip;<\/p>\n","protected":false},"author":4,"featured_media":250010,"comment_status":"open","ping_status":"open","sticky":false,"template":"","format":"standard","meta":{"_acf_changed":false,"footnotes":""},"categories":[6155,5005,1,349,6805],"tags":[90712,202856,202742,14075,5885],"class_list":["post-250008","post","type-post","status-publish","format-standard","has-post-thumbnail","hentry","category-gundem","category-manset","category-nationalturk","category-son-dakika","category-turkiye","tag-dink-cinayeti","tag-feto","tag-fetullah-gulen","tag-hrant-dink","tag-zekeriya-oz"],"acf":[],"_links":{"self":[{"href":"https:\/\/www.nationalturk.com\/tr\/wp-json\/wp\/v2\/posts\/250008","targetHints":{"allow":["GET"]}}],"collection":[{"href":"https:\/\/www.nationalturk.com\/tr\/wp-json\/wp\/v2\/posts"}],"about":[{"href":"https:\/\/www.nationalturk.com\/tr\/wp-json\/wp\/v2\/types\/post"}],"author":[{"embeddable":true,"href":"https:\/\/www.nationalturk.com\/tr\/wp-json\/wp\/v2\/users\/4"}],"replies":[{"embeddable":true,"href":"https:\/\/www.nationalturk.com\/tr\/wp-json\/wp\/v2\/comments?post=250008"}],"version-history":[{"count":0,"href":"https:\/\/www.nationalturk.com\/tr\/wp-json\/wp\/v2\/posts\/250008\/revisions"}],"wp:featuredmedia":[{"embeddable":true,"href":"https:\/\/www.nationalturk.com\/tr\/wp-json\/wp\/v2\/media\/250010"}],"wp:attachment":[{"href":"https:\/\/www.nationalturk.com\/tr\/wp-json\/wp\/v2\/media?parent=250008"}],"wp:term":[{"taxonomy":"category","embeddable":true,"href":"https:\/\/www.nationalturk.com\/tr\/wp-json\/wp\/v2\/categories?post=250008"},{"taxonomy":"post_tag","embeddable":true,"href":"https:\/\/www.nationalturk.com\/tr\/wp-json\/wp\/v2\/tags?post=250008"}],"curies":[{"name":"wp","href":"https:\/\/api.w.org\/{rel}","templated":true}]}}