{"id":250066,"date":"2017-05-11T21:29:13","date_gmt":"2017-05-11T18:29:13","guid":{"rendered":"http:\/\/www.nationalturk.com\/?p=250066"},"modified":"2017-05-11T21:29:13","modified_gmt":"2017-05-11T18:29:13","slug":"kubada-ilk-luks-avm-acildi","status":"publish","type":"post","link":"https:\/\/www.nationalturk.com\/tr\/kubada-ilk-luks-avm-acildi\/","title":{"rendered":"K\u00fcba&#8217;da \u0130lk L\u00fcks AVM A\u00e7\u0131ld\u0131"},"content":{"rendered":"<h2>K\u00fcba&#8217;da 1959&#8217;daki devrimden sonra ilk l\u00fcks al\u0131\u015fveri\u015f merkezi kap\u0131lar\u0131n\u0131 a\u00e7t\u0131<\/h2>\n<p><a class=\"auto-link\" title=\"K\u00fcba\" href=\"http:\/\/www.wts.com.tr\/hot_Kuba.htm\" target=\"_blank\" rel=\"noopener noreferrer\">K\u00fcba<\/a>\u2018n\u0131n ba\u015fkenti Havana\u2019daki Manzana de Gomez Kempinski Otelinin alt kat\u0131nda \u00fclkenin ilk l\u00fcks AVM\u2019si birka\u00e7 hafta \u00f6nce a\u00e7\u0131ld\u0131.<\/p>\n<p>Bu l\u00fcks al\u0131\u015fveri\u015f merkezinde sat\u0131lan \u00fcr\u00fcnlerin d\u00fcnyaca \u00fcnl\u00fc markalar olmas\u0131 dikkatlerden ka\u00e7mad\u0131. 10 bin dolarl\u0131k saatlerin 7 bin 500 dolarl\u0131k foto\u011fraf makinelerinin bulundu\u011fu AVM\u2019nin fiyatlar\u0131 neredeyse bir K\u00fcbal\u0131\u2019n\u0131n hayat boyu ald\u0131\u011f\u0131 maa\u015ftan daha fazla. Dolay\u0131s\u0131yla bu yeni AVM daha \u00e7ok turistlere ve zenginlere y\u00f6nelik.<\/p>\n<p>Prado bulvar\u0131n\u0131n tam ortas\u0131nda bulunan 5 katl\u0131 AVM ve otelin K\u00fcba\u2019daki varl\u0131\u011f\u0131 halk\u0131 ikiye b\u00f6lm\u00fc\u015f durumda. K\u00fcbal\u0131lar\u0131n bir k\u0131sm\u0131 AVM\u2019den sat\u0131n alabilecekleri hi\u00e7bir \u015fey olmad\u0131\u011f\u0131n\u0131 belirterek bunun ac\u0131 verici oldu\u011funu s\u00f6yl\u00fcyor. Di\u011fer kesim ise AVM\u2019nin \u00fclke turizmine katk\u0131 sa\u011flayaca\u011f\u0131 kanaatinde.<\/p>\n<!-- Error, Advert is not available at this time due to schedule\/geolocation restrictions! -->\n","protected":false},"excerpt":{"rendered":"<p>K\u00fcba&#8217;da 1959&#8217;daki devrimden sonra ilk l\u00fcks al\u0131\u015fveri\u015f merkezi kap\u0131lar\u0131n\u0131 a\u00e7t\u0131<\/p>\n","protected":false},"author":3,"featured_media":250068,"comment_status":"open","ping_status":"open","sticky":false,"template":"","format":"standard","meta":{"_acf_changed":false,"footnotes":""},"categories":[6745,6665,6771,5005,339],"tags":[2213,156,14],"class_list":["post-250066","post","type-post","status-publish","format-standard","has-post-thumbnail","hentry","category-alisveris","category-dunya","category-latin-amerika","category-manset","category-turizm","tag-avm","tag-havana","tag-kuba"],"acf":[],"_links":{"self":[{"href":"https:\/\/www.nationalturk.com\/tr\/wp-json\/wp\/v2\/posts\/250066","targetHints":{"allow":["GET"]}}],"collection":[{"href":"https:\/\/www.nationalturk.com\/tr\/wp-json\/wp\/v2\/posts"}],"about":[{"href":"https:\/\/www.nationalturk.com\/tr\/wp-json\/wp\/v2\/types\/post"}],"author":[{"embeddable":true,"href":"https:\/\/www.nationalturk.com\/tr\/wp-json\/wp\/v2\/users\/3"}],"replies":[{"embeddable":true,"href":"https:\/\/www.nationalturk.com\/tr\/wp-json\/wp\/v2\/comments?post=250066"}],"version-history":[{"count":0,"href":"https:\/\/www.nationalturk.com\/tr\/wp-json\/wp\/v2\/posts\/250066\/revisions"}],"wp:featuredmedia":[{"embeddable":true,"href":"https:\/\/www.nationalturk.com\/tr\/wp-json\/wp\/v2\/media\/250068"}],"wp:attachment":[{"href":"https:\/\/www.nationalturk.com\/tr\/wp-json\/wp\/v2\/media?parent=250066"}],"wp:term":[{"taxonomy":"category","embeddable":true,"href":"https:\/\/www.nationalturk.com\/tr\/wp-json\/wp\/v2\/categories?post=250066"},{"taxonomy":"post_tag","embeddable":true,"href":"https:\/\/www.nationalturk.com\/tr\/wp-json\/wp\/v2\/tags?post=250066"}],"curies":[{"name":"wp","href":"https:\/\/api.w.org\/{rel}","templated":true}]}}