{"id":250444,"date":"2017-05-22T10:47:30","date_gmt":"2017-05-22T07:47:30","guid":{"rendered":"http:\/\/www.nationalturk.com\/?p=250444"},"modified":"2017-05-22T11:52:58","modified_gmt":"2017-05-22T08:52:58","slug":"son-dakika-ibb-reinayi-yikti","status":"publish","type":"post","link":"https:\/\/www.nationalturk.com\/tr\/son-dakika-ibb-reinayi-yikti\/","title":{"rendered":"Son Dakika: \u0130BB Reina&#8217;y\u0131 y\u0131kt\u0131"},"content":{"rendered":"<h2>Be\u015fikta\u015f Ortak\u00f6y\u2019deki I\u015e\u0130D katliam\u0131n\u0131n ya\u015fand\u0131\u011f\u0131 \u00fcnl\u00fc gece kul\u00fcb\u00fc Reina \u0130BB ekipleri taraf\u0131ndan y\u0131k\u0131ld\u0131.<\/h2>\n<p>Ortak\u00f6y&#8217;deki e\u011flence merkezi Reina&#8217;da sabah saatlerinde y\u0131k\u0131m ger\u00e7ekle\u015fti.<\/p>\n<p>Y\u0131lba\u015f\u0131 gecesi ter\u00f6r \u00f6rg\u00fct\u00fc DAE\u015e taraf\u0131ndan d\u00fczenlenen ter\u00f6r sald\u0131r\u0131s\u0131nda 39 ki\u015finin hayat\u0131n\u0131 kaybetti\u011fi e\u011flence merkezi Reina&#8217;da sabah saatlerinde y\u0131k\u0131m yap\u0131ld\u0131. \u0130\u015f makinelerinin erken saatlerde ba\u015flad\u0131\u011f\u0131 y\u0131k\u0131mda Reina&#8217;n\u0131n giri\u015f k\u0131sm\u0131 hari\u00e7 tamam\u0131 y\u0131k\u0131ld\u0131.<\/p>\n<p>Reina \u00e7al\u0131\u015fanlar\u0131 y\u0131k\u0131mdan haberleri olmad\u0131\u011f\u0131n\u0131, sabah geldiklerinde y\u0131k\u0131m\u0131n ger\u00e7ekle\u015fti\u011fini g\u00f6rd\u00fcklerini belirtti.<\/p>\n<p>\u00d6te yandan Reina \u00e7al\u0131\u015fanlar\u0131 bas\u0131n mensuplar\u0131n\u0131n y\u0131k\u0131lan alana girmemesi i\u00e7in \u015ferit \u00e7ekti.<\/p>\n<p>\u0130stanbul B\u00fcy\u00fck\u015fehir Belediyesi<br \/>\n\u00d6te yandan, \u0130stanbul B\u00fcy\u00fck\u015fehir Belediyesi, enc\u00fcmen karar\u0131na istinaden, Ortak\u00f6y&#8217;deki e\u011flence merkezi Reina&#8217;n\u0131n mevzuata ayk\u0131r\u0131 k\u0131s\u0131mlar\u0131n\u0131n y\u0131k\u0131m i\u015fleminin ger\u00e7ekle\u015fti\u011fini bildirdi.<\/p>\n<p>\u0130stanbul B\u00fcy\u00fck\u015fehir Belediyesinden, Ortak\u00f6y&#8217;deki e\u011flence merkezi Reina&#8217;daki y\u0131k\u0131m i\u015flemine ili\u015fkin a\u00e7\u0131klama yap\u0131ld\u0131.<\/p>\n<p>A\u00e7\u0131klamada, &#8220;Be\u015fikta\u015f il\u00e7esi, Ortak\u00f6y Mahallesi&#8217;nde bulunan Reina isimli e\u011flence mekan\u0131nda mevzuata ayk\u0131r\u0131 k\u0131s\u0131mlar i\u00e7in \u0130stanbul B\u00fcy\u00fck\u015fehir Belediyesi Enc\u00fcmenince y\u0131k\u0131m karar\u0131 al\u0131nm\u0131\u015ft\u0131r. Enc\u00fcmen karar\u0131na istinaden, bug\u00fcn yap\u0131n\u0131n mevzuata ayk\u0131r\u0131 k\u0131s\u0131mlar\u0131n\u0131n y\u0131k\u0131m i\u015flemi ger\u00e7ekle\u015fmi\u015ftir.&#8221; ifadelerine yer verildi.<\/p>\n<!-- Error, Advert is not available at this time due to schedule\/geolocation restrictions! -->\n","protected":false},"excerpt":{"rendered":"<p>Be\u015fikta\u015f Ortak\u00f6y\u2019deki I\u015e\u0130D katliam\u0131n\u0131n ya\u015fand\u0131\u011f\u0131 \u00fcnl\u00fc gece kul\u00fcb\u00fc Reina \u0130BB ekipleri taraf\u0131ndan y\u0131k\u0131ld\u0131. Ortak\u00f6y&#8217;deki e\u011flence merkezi Reina&#8217;da sabah saatlerinde y\u0131k\u0131m ger\u00e7ekle\u015fti. Y\u0131lba\u015f\u0131 gecesi ter\u00f6r \u00f6rg\u00fct\u00fc DAE\u015e taraf\u0131ndan d\u00fczenlenen ter\u00f6r sald\u0131r\u0131s\u0131nda 39 ki\u015finin hayat\u0131n\u0131 kaybetti\u011fi e\u011flence merkezi Reina&#8217;da sabah saatlerinde y\u0131k\u0131m yap\u0131ld\u0131. \u0130\u015f makinelerinin erken saatlerde ba\u015flad\u0131\u011f\u0131 y\u0131k\u0131mda Reina&#8217;n\u0131n giri\u015f k\u0131sm\u0131 hari\u00e7 tamam\u0131 y\u0131k\u0131ld\u0131. Reina \u00e7al\u0131\u015fanlar\u0131 &hellip;<\/p>\n","protected":false},"author":4,"featured_media":250445,"comment_status":"open","ping_status":"open","sticky":false,"template":"","format":"standard","meta":{"_acf_changed":false,"footnotes":""},"categories":[6155,5005,349,6805],"tags":[41520,151890,36813,27382],"class_list":["post-250444","post","type-post","status-publish","format-standard","has-post-thumbnail","hentry","category-gundem","category-manset","category-son-dakika","category-turkiye","tag-ibb","tag-isid","tag-reina","tag-son-dakika"],"acf":[],"_links":{"self":[{"href":"https:\/\/www.nationalturk.com\/tr\/wp-json\/wp\/v2\/posts\/250444","targetHints":{"allow":["GET"]}}],"collection":[{"href":"https:\/\/www.nationalturk.com\/tr\/wp-json\/wp\/v2\/posts"}],"about":[{"href":"https:\/\/www.nationalturk.com\/tr\/wp-json\/wp\/v2\/types\/post"}],"author":[{"embeddable":true,"href":"https:\/\/www.nationalturk.com\/tr\/wp-json\/wp\/v2\/users\/4"}],"replies":[{"embeddable":true,"href":"https:\/\/www.nationalturk.com\/tr\/wp-json\/wp\/v2\/comments?post=250444"}],"version-history":[{"count":0,"href":"https:\/\/www.nationalturk.com\/tr\/wp-json\/wp\/v2\/posts\/250444\/revisions"}],"wp:featuredmedia":[{"embeddable":true,"href":"https:\/\/www.nationalturk.com\/tr\/wp-json\/wp\/v2\/media\/250445"}],"wp:attachment":[{"href":"https:\/\/www.nationalturk.com\/tr\/wp-json\/wp\/v2\/media?parent=250444"}],"wp:term":[{"taxonomy":"category","embeddable":true,"href":"https:\/\/www.nationalturk.com\/tr\/wp-json\/wp\/v2\/categories?post=250444"},{"taxonomy":"post_tag","embeddable":true,"href":"https:\/\/www.nationalturk.com\/tr\/wp-json\/wp\/v2\/tags?post=250444"}],"curies":[{"name":"wp","href":"https:\/\/api.w.org\/{rel}","templated":true}]}}