{"id":251195,"date":"2017-06-10T12:33:27","date_gmt":"2017-06-10T09:33:27","guid":{"rendered":"http:\/\/www.nationalturk.com\/?p=251195"},"modified":"2017-06-10T12:33:27","modified_gmt":"2017-06-10T09:33:27","slug":"fransa-sandik-basina-gidiyor","status":"publish","type":"post","link":"https:\/\/www.nationalturk.com\/tr\/fransa-sandik-basina-gidiyor\/","title":{"rendered":"Fransa Sand\u0131k Ba\u015f\u0131na Gidiyor"},"content":{"rendered":"<h2>Fransa&#8217;da Ulusal Mecliste g\u00f6rev yapacak 577 milletvekilinin belirlenece\u011fi genel se\u00e7imin ilk turu yar\u0131n yap\u0131lacak.<\/h2>\n<p>Frans\u0131z se\u00e7menler, Ulusal Mecliste g\u00f6rev yapacak 577 milletvekilini belirlemek i\u00e7in yar\u0131n sand\u0131k ba\u015f\u0131na gidecek. Se\u00e7imde 7 bin 882 aday milletvekili olmak i\u00e7in yar\u0131\u015facak.<\/p>\n<p>\u0130lk turda en az y\u00fczde 50 oy alan milletvekili adaylar\u0131n\u0131n do\u011frudan meclise girece\u011fi yar\u0131\u015fta, herhangi bir aday\u0131n y\u00fczde 50&#8217;yi yakalayamad\u0131\u011f\u0131 sandalyeler i\u00e7in ikinci tur yap\u0131lacak.<\/p>\n<p>Se\u00e7imlerin 18 Haziran&#8217;da yap\u0131lacak ikinci turuna, ilk turda y\u00fczde 12,5 ve \u00fczeri oy alan adaylar kat\u0131labilecek ve burada en fazla oyu alan aday milletvekili se\u00e7ilecek.<\/p>\n<p>Milletvekili genel se\u00e7iminde Fransa&#8217;n\u0131n ana kara topraklar\u0131nda yakla\u015f\u0131k 46 milyon, deniza\u015f\u0131r\u0131 topraklar\u0131nda 1,3 milyon se\u00e7men tercihini ortaya koyacak.<\/p>\n<p>Ola\u011fan\u00fcst\u00fc hal alt\u0131nda d\u00fczenlenecek se\u00e7imlerde yakla\u015f\u0131k 69 bin oy kullanma merkezinde 50 bine yak\u0131n polis, jandarma ve asker g\u00f6rev yapacak.<\/p>\n<p>Fransa&#8217;n\u0131n ana kara topraklar\u0131nda saat 08.00&#8217;de (TS\u0130 09.00) ba\u015flayan oy verme i\u015flemi, k\u00fc\u00e7\u00fck \u015fehirlerde saat 18.00&#8217;de (TS\u0130 19.00), b\u00fcy\u00fck \u015fehirlerde ise saat 20.00&#8217;de (TS\u0130 21.00) sona erecek. Oy verme i\u015flemi saatleri deniz a\u015f\u0131r\u0131 topraklarda ise de\u011fi\u015febilecek.<\/p>\n<h3>Macron i\u00e7in \u00f6nemli bir se\u00e7im<\/h3>\n<p>Fransa Cumhurba\u015fkan\u0131 Emmanuel Macron&#8217;un vaatlerini yerine getirebilmesi i\u00e7in, genel se\u00e7imlerde salt \u00e7o\u011funlu\u011fu sa\u011flayabilmesi ve b\u00f6ylelikle h\u00fck\u00fcmeti kurabilmesi b\u00fcy\u00fck \u00f6nem ta\u015f\u0131yor. Baz\u0131 uzmanlar, genel se\u00e7imi iki turlu cumhurba\u015fkanl\u0131\u011f\u0131 se\u00e7imlerinin \u00fc\u00e7\u00fcnc\u00fc turu olarak de\u011ferlendiriyor.<\/p>\n<!-- Error, Advert is not available at this time due to schedule\/geolocation restrictions! -->\n","protected":false},"excerpt":{"rendered":"<p>Fransa&#8217;da Ulusal Mecliste g\u00f6rev yapacak 577 milletvekilinin belirlenece\u011fi genel se\u00e7imin ilk turu yar\u0131n yap\u0131lacak.<\/p>\n","protected":false},"author":3,"featured_media":251197,"comment_status":"open","ping_status":"open","sticky":false,"template":"","format":"standard","meta":{"_acf_changed":false,"footnotes":""},"categories":[6770,6665,6155,5005,6202],"tags":[17,52145],"class_list":["post-251195","post","type-post","status-publish","format-standard","has-post-thumbnail","hentry","category-avrupa","category-dunya","category-gundem","category-manset","category-politika","tag-fransa","tag-secim"],"acf":[],"_links":{"self":[{"href":"https:\/\/www.nationalturk.com\/tr\/wp-json\/wp\/v2\/posts\/251195","targetHints":{"allow":["GET"]}}],"collection":[{"href":"https:\/\/www.nationalturk.com\/tr\/wp-json\/wp\/v2\/posts"}],"about":[{"href":"https:\/\/www.nationalturk.com\/tr\/wp-json\/wp\/v2\/types\/post"}],"author":[{"embeddable":true,"href":"https:\/\/www.nationalturk.com\/tr\/wp-json\/wp\/v2\/users\/3"}],"replies":[{"embeddable":true,"href":"https:\/\/www.nationalturk.com\/tr\/wp-json\/wp\/v2\/comments?post=251195"}],"version-history":[{"count":0,"href":"https:\/\/www.nationalturk.com\/tr\/wp-json\/wp\/v2\/posts\/251195\/revisions"}],"wp:featuredmedia":[{"embeddable":true,"href":"https:\/\/www.nationalturk.com\/tr\/wp-json\/wp\/v2\/media\/251197"}],"wp:attachment":[{"href":"https:\/\/www.nationalturk.com\/tr\/wp-json\/wp\/v2\/media?parent=251195"}],"wp:term":[{"taxonomy":"category","embeddable":true,"href":"https:\/\/www.nationalturk.com\/tr\/wp-json\/wp\/v2\/categories?post=251195"},{"taxonomy":"post_tag","embeddable":true,"href":"https:\/\/www.nationalturk.com\/tr\/wp-json\/wp\/v2\/tags?post=251195"}],"curies":[{"name":"wp","href":"https:\/\/api.w.org\/{rel}","templated":true}]}}