{"id":251296,"date":"2017-06-13T15:10:25","date_gmt":"2017-06-13T12:10:25","guid":{"rendered":"http:\/\/www.nationalturk.com\/?p=251296"},"modified":"2017-06-13T15:10:25","modified_gmt":"2017-06-13T12:10:25","slug":"putin-kral-selmanla-katari-gorustu","status":"publish","type":"post","link":"https:\/\/www.nationalturk.com\/tr\/putin-kral-selmanla-katari-gorustu\/","title":{"rendered":"Putin Kral Selman&#8217;la Katar&#8217;\u0131 g\u00f6r\u00fc\u015ft\u00fc"},"content":{"rendered":"<h2>Rusya Devlet Ba\u015fkan\u0131 Putin ve Suudi Arabistan Kral\u0131 Selman aras\u0131ndaki telefon g\u00f6r\u00fc\u015fmesinde, Katar ile baz\u0131 Arap \u00fclkeleri aras\u0131ndaki kriz ve Ortado\u011fu b\u00f6lgesindeki son geli\u015fmeler ele al\u0131nd\u0131.<\/h2>\n<p>Rusya Devlet Ba\u015fkan\u0131 Vladimir Putin ile Suudi Arabistan Kral\u0131 Selman bin Abdulaziz&#8217;in telefonda Katar ile baz\u0131 Arap \u00fclkeleri aras\u0131ndaki krizi g\u00f6r\u00fc\u015ft\u00fc\u011f\u00fc bildirildi.<\/p>\n<p>Kremlin Bas\u0131n Merkezinde yap\u0131lan a\u00e7\u0131klamaya g\u00f6re, Putin&#8217;in Kral Selman&#8217;la telefon g\u00f6r\u00fc\u015fmesinde, Katar ile baz\u0131 Arap \u00fclkeleri aras\u0131ndaki kriz ve Ortado\u011fu b\u00f6lgesindeki son geli\u015fmeler ele al\u0131nd\u0131.<\/p>\n<p>Rusya-Suudi Arabistan ikili ili\u015fkilerini de\u011ferlendiren Putin ve Kral Selman, i\u015f birli\u011fini geli\u015ftirmeye y\u00f6nelik iste\u011fini dile getirdi.<\/p>\n<p>Putin ve Kral Selman, iki \u00fclke aras\u0131nda farkl\u0131 alanlardaki temaslar\u0131n s\u00fcrd\u00fcr\u00fclmesi konusuna mutab\u0131k kald\u0131.<\/p>\n<!-- Error, Advert is not available at this time due to schedule\/geolocation restrictions! -->\n","protected":false},"excerpt":{"rendered":"<p>Rusya Devlet Ba\u015fkan\u0131 Putin ve Suudi Arabistan Kral\u0131 Selman aras\u0131ndaki telefon g\u00f6r\u00fc\u015fmesinde, Katar ile baz\u0131 Arap \u00fclkeleri aras\u0131ndaki kriz ve Ortado\u011fu b\u00f6lgesindeki son geli\u015fmeler ele al\u0131nd\u0131. Rusya Devlet Ba\u015fkan\u0131 Vladimir Putin ile Suudi Arabistan Kral\u0131 Selman bin Abdulaziz&#8217;in telefonda Katar ile baz\u0131 Arap \u00fclkeleri aras\u0131ndaki krizi g\u00f6r\u00fc\u015ft\u00fc\u011f\u00fc bildirildi. Kremlin Bas\u0131n Merkezinde yap\u0131lan a\u00e7\u0131klamaya g\u00f6re, Putin&#8217;in &hellip;<\/p>\n","protected":false},"author":4,"featured_media":251297,"comment_status":"open","ping_status":"open","sticky":false,"template":"","format":"standard","meta":{"_acf_changed":false,"footnotes":""},"categories":[6770,6665,6155,5005,6772,6202,349],"tags":[195974,853,204180,721,4788,1530],"class_list":["post-251296","post","type-post","status-publish","format-standard","has-post-thumbnail","hentry","category-avrupa","category-dunya","category-gundem","category-manset","category-ortadogu","category-politika","category-son-dakika","tag-ortadogu","tag-katar","tag-kral-selman","tag-rusya","tag-suudi-arabistan","tag-vladimir-putin"],"acf":[],"_links":{"self":[{"href":"https:\/\/www.nationalturk.com\/tr\/wp-json\/wp\/v2\/posts\/251296","targetHints":{"allow":["GET"]}}],"collection":[{"href":"https:\/\/www.nationalturk.com\/tr\/wp-json\/wp\/v2\/posts"}],"about":[{"href":"https:\/\/www.nationalturk.com\/tr\/wp-json\/wp\/v2\/types\/post"}],"author":[{"embeddable":true,"href":"https:\/\/www.nationalturk.com\/tr\/wp-json\/wp\/v2\/users\/4"}],"replies":[{"embeddable":true,"href":"https:\/\/www.nationalturk.com\/tr\/wp-json\/wp\/v2\/comments?post=251296"}],"version-history":[{"count":0,"href":"https:\/\/www.nationalturk.com\/tr\/wp-json\/wp\/v2\/posts\/251296\/revisions"}],"wp:featuredmedia":[{"embeddable":true,"href":"https:\/\/www.nationalturk.com\/tr\/wp-json\/wp\/v2\/media\/251297"}],"wp:attachment":[{"href":"https:\/\/www.nationalturk.com\/tr\/wp-json\/wp\/v2\/media?parent=251296"}],"wp:term":[{"taxonomy":"category","embeddable":true,"href":"https:\/\/www.nationalturk.com\/tr\/wp-json\/wp\/v2\/categories?post=251296"},{"taxonomy":"post_tag","embeddable":true,"href":"https:\/\/www.nationalturk.com\/tr\/wp-json\/wp\/v2\/tags?post=251296"}],"curies":[{"name":"wp","href":"https:\/\/api.w.org\/{rel}","templated":true}]}}