{"id":251357,"date":"2017-06-14T16:02:50","date_gmt":"2017-06-14T13:02:50","guid":{"rendered":"http:\/\/www.nationalturk.com\/?p=251357"},"modified":"2017-06-14T16:02:50","modified_gmt":"2017-06-14T13:02:50","slug":"son-dakika-kongre-uyesine-silahli-saldiri","status":"publish","type":"post","link":"https:\/\/www.nationalturk.com\/tr\/son-dakika-kongre-uyesine-silahli-saldiri\/","title":{"rendered":"Son Dakika: Kongre \u00fcyesine silahl\u0131 sald\u0131r\u0131"},"content":{"rendered":"<h2>ABD Temsilciler Meclisi Cumhuriyet\u00e7i Parti Grup Denet\u00e7isi Steve Scalise&#8217;nin ba\u015fkent Washington&#8217;da Kongre tesislerindeki beyzbol antrenman\u0131na d\u00fczenlenen silahl\u0131 sald\u0131r\u0131da yaraland\u0131\u011f\u0131 bildirildi.<\/h2>\n<p>Cumhuriyet\u00e7i Partili Temsilciler Meclisi Mo Brooks, yapt\u0131\u011f\u0131 a\u00e7\u0131klamada, bu sabah meydana gelen sald\u0131r\u0131da Scalise&#8217;nin yan\u0131 s\u0131ra aralar\u0131nda iki polisin de oldu\u011fu birka\u00e7 ki\u015finin daha yaraland\u0131\u011f\u0131n\u0131 a\u00e7\u0131klad\u0131.<\/p>\n<p>Scalise ve di\u011fer yaral\u0131lar\u0131n durumu hakk\u0131nda hen\u00fcz bir a\u00e7\u0131klama yap\u0131lmad\u0131.<\/p>\n<p>Polis, silahl\u0131 sald\u0131r\u0131n\u0131n ya\u015fand\u0131\u011f\u0131 b\u00f6lgeyi g\u00fcvenlik \u00e7emberine al\u0131rken, olay\u0131n soru\u015fturuldu\u011fu kaydedildi.<\/p>\n<!-- Error, Advert is not available at this time due to schedule\/geolocation restrictions! -->\n","protected":false},"excerpt":{"rendered":"<p>ABD Temsilciler Meclisi Cumhuriyet\u00e7i Parti Grup Denet\u00e7isi Steve Scalise&#8217;nin ba\u015fkent Washington&#8217;da Kongre tesislerindeki beyzbol antrenman\u0131na d\u00fczenlenen silahl\u0131 sald\u0131r\u0131da yaraland\u0131\u011f\u0131 bildirildi. Cumhuriyet\u00e7i Partili Temsilciler Meclisi Mo Brooks, yapt\u0131\u011f\u0131 a\u00e7\u0131klamada, bu sabah meydana gelen sald\u0131r\u0131da Scalise&#8217;nin yan\u0131 s\u0131ra aralar\u0131nda iki polisin de oldu\u011fu birka\u00e7 ki\u015finin daha yaraland\u0131\u011f\u0131n\u0131 a\u00e7\u0131klad\u0131. Scalise ve di\u011fer yaral\u0131lar\u0131n durumu hakk\u0131nda hen\u00fcz bir a\u00e7\u0131klama &hellip;<\/p>\n","protected":false},"author":4,"featured_media":251358,"comment_status":"open","ping_status":"open","sticky":false,"template":"","format":"standard","meta":{"_acf_changed":false,"footnotes":""},"categories":[6768,6665,6155,5005,349],"tags":[1887,27382],"class_list":["post-251357","post","type-post","status-publish","format-standard","has-post-thumbnail","hentry","category-amerika","category-dunya","category-gundem","category-manset","category-son-dakika","tag-abd","tag-son-dakika"],"acf":[],"_links":{"self":[{"href":"https:\/\/www.nationalturk.com\/tr\/wp-json\/wp\/v2\/posts\/251357","targetHints":{"allow":["GET"]}}],"collection":[{"href":"https:\/\/www.nationalturk.com\/tr\/wp-json\/wp\/v2\/posts"}],"about":[{"href":"https:\/\/www.nationalturk.com\/tr\/wp-json\/wp\/v2\/types\/post"}],"author":[{"embeddable":true,"href":"https:\/\/www.nationalturk.com\/tr\/wp-json\/wp\/v2\/users\/4"}],"replies":[{"embeddable":true,"href":"https:\/\/www.nationalturk.com\/tr\/wp-json\/wp\/v2\/comments?post=251357"}],"version-history":[{"count":0,"href":"https:\/\/www.nationalturk.com\/tr\/wp-json\/wp\/v2\/posts\/251357\/revisions"}],"wp:featuredmedia":[{"embeddable":true,"href":"https:\/\/www.nationalturk.com\/tr\/wp-json\/wp\/v2\/media\/251358"}],"wp:attachment":[{"href":"https:\/\/www.nationalturk.com\/tr\/wp-json\/wp\/v2\/media?parent=251357"}],"wp:term":[{"taxonomy":"category","embeddable":true,"href":"https:\/\/www.nationalturk.com\/tr\/wp-json\/wp\/v2\/categories?post=251357"},{"taxonomy":"post_tag","embeddable":true,"href":"https:\/\/www.nationalturk.com\/tr\/wp-json\/wp\/v2\/tags?post=251357"}],"curies":[{"name":"wp","href":"https:\/\/api.w.org\/{rel}","templated":true}]}}