{"id":251403,"date":"2017-06-15T11:07:32","date_gmt":"2017-06-15T08:07:32","guid":{"rendered":"http:\/\/www.nationalturk.com\/?p=251403"},"modified":"2017-06-15T11:07:32","modified_gmt":"2017-06-15T08:07:32","slug":"akin-ipeke-77-yil-hapis-talebi","status":"publish","type":"post","link":"https:\/\/www.nationalturk.com\/tr\/akin-ipeke-77-yil-hapis-talebi\/","title":{"rendered":"Ak\u0131n \u0130pek&#8217;e 77 y\u0131l hapis talebi"},"content":{"rendered":"<h2>Ankara Cumhuriyet Ba\u015fsavc\u0131l\u0131\u011f\u0131nca haz\u0131rlanan Koza-\u0130pek Holding iddianamesinde, Hamdi Ak\u0131n \u0130pek&#8217;in 77 y\u0131l, karde\u015fi Cafer Tekin \u0130pek&#8217;in 90 y\u0131l hapis cezas\u0131na \u00e7arpt\u0131r\u0131lmas\u0131 istendi.<\/h2>\n<p>Ankara Cumhuriyet Ba\u015fsavc\u0131l\u0131\u011f\u0131nca, Hamdi Ak\u0131n \u0130pek ve yak\u0131n aile bireylerinin orta\u011f\u0131 oldu\u011fu Koza-\u0130pek Holding&#8217;e ili\u015fkin soru\u015fturma tamamlanarak, 45 ki\u015fi hakk\u0131nda haz\u0131rlanan iddianame mahkemeye g\u00f6nderildi.<\/p>\n<p>\u0130ddianamesinde, Hamdi Ak\u0131n \u0130pek&#8217;in 77 y\u0131l, karde\u015fi Cafer Tekin \u0130pek&#8217;in 90 y\u0131l hapis cezas\u0131na \u00e7arpt\u0131r\u0131lmas\u0131 ve holdingin 1,5 milyar lira tutar\u0131ndaki mal varl\u0131\u011f\u0131na el konulmas\u0131 istendi.<\/p>\n<!-- Error, Advert is not available at this time due to schedule\/geolocation restrictions! -->\n","protected":false},"excerpt":{"rendered":"<p>Ankara Cumhuriyet Ba\u015fsavc\u0131l\u0131\u011f\u0131nca haz\u0131rlanan Koza-\u0130pek Holding iddianamesinde, Hamdi Ak\u0131n \u0130pek&#8217;in 77 y\u0131l, karde\u015fi Cafer Tekin \u0130pek&#8217;in 90 y\u0131l hapis cezas\u0131na \u00e7arpt\u0131r\u0131lmas\u0131 istendi. Ankara Cumhuriyet Ba\u015fsavc\u0131l\u0131\u011f\u0131nca, Hamdi Ak\u0131n \u0130pek ve yak\u0131n aile bireylerinin orta\u011f\u0131 oldu\u011fu Koza-\u0130pek Holding&#8217;e ili\u015fkin soru\u015fturma tamamlanarak, 45 ki\u015fi hakk\u0131nda haz\u0131rlanan iddianame mahkemeye g\u00f6nderildi. \u0130ddianamesinde, Hamdi Ak\u0131n \u0130pek&#8217;in 77 y\u0131l, karde\u015fi Cafer Tekin &hellip;<\/p>\n","protected":false},"author":4,"featured_media":251404,"comment_status":"open","ping_status":"open","sticky":false,"template":"","format":"standard","meta":{"_acf_changed":false,"footnotes":""},"categories":[6155,5005,349,6805],"tags":[198006,207133,152510],"class_list":["post-251403","post","type-post","status-publish","format-standard","has-post-thumbnail","hentry","category-gundem","category-manset","category-son-dakika","category-turkiye","tag-akin-ipek","tag-cafer-tekin-ipek","tag-koza-ipek"],"acf":[],"_links":{"self":[{"href":"https:\/\/www.nationalturk.com\/tr\/wp-json\/wp\/v2\/posts\/251403","targetHints":{"allow":["GET"]}}],"collection":[{"href":"https:\/\/www.nationalturk.com\/tr\/wp-json\/wp\/v2\/posts"}],"about":[{"href":"https:\/\/www.nationalturk.com\/tr\/wp-json\/wp\/v2\/types\/post"}],"author":[{"embeddable":true,"href":"https:\/\/www.nationalturk.com\/tr\/wp-json\/wp\/v2\/users\/4"}],"replies":[{"embeddable":true,"href":"https:\/\/www.nationalturk.com\/tr\/wp-json\/wp\/v2\/comments?post=251403"}],"version-history":[{"count":0,"href":"https:\/\/www.nationalturk.com\/tr\/wp-json\/wp\/v2\/posts\/251403\/revisions"}],"wp:featuredmedia":[{"embeddable":true,"href":"https:\/\/www.nationalturk.com\/tr\/wp-json\/wp\/v2\/media\/251404"}],"wp:attachment":[{"href":"https:\/\/www.nationalturk.com\/tr\/wp-json\/wp\/v2\/media?parent=251403"}],"wp:term":[{"taxonomy":"category","embeddable":true,"href":"https:\/\/www.nationalturk.com\/tr\/wp-json\/wp\/v2\/categories?post=251403"},{"taxonomy":"post_tag","embeddable":true,"href":"https:\/\/www.nationalturk.com\/tr\/wp-json\/wp\/v2\/tags?post=251403"}],"curies":[{"name":"wp","href":"https:\/\/api.w.org\/{rel}","templated":true}]}}