{"id":251636,"date":"2017-06-21T12:04:00","date_gmt":"2017-06-21T09:04:00","guid":{"rendered":"http:\/\/www.nationalturk.com\/?p=251636"},"modified":"2026-04-26T13:06:57","modified_gmt":"2026-04-26T10:06:57","slug":"iste-valiler-kararnamesinin-detaylari","status":"publish","type":"post","link":"https:\/\/www.nationalturk.com\/tr\/iste-valiler-kararnamesinin-detaylari\/","title":{"rendered":"\u0130\u015fte Valiler Kararnamesinin detaylar\u0131"},"content":{"rendered":"<h2>Resmi Gazete&#8217;de yay\u0131mlanan Valiler Kararnamesi ile 20 vali merkeze al\u0131nd\u0131, 20 ile yeni vali atand\u0131, 19 il valisi ise yer de\u011fi\u015ftirdi.<\/h2>\n<p>\u0130\u00e7i\u015fleri Bakan Yard\u0131mc\u0131s\u0131 Sebahattin \u00d6zt\u00fcrk, Merkez Valili\u011fine al\u0131n\u0131rken; \u0130\u00e7i\u015fleri Bakan Yard\u0131mc\u0131s\u0131 olarak Aile ve Sosyal Politikalar Bakan Yard\u0131mc\u0131s\u0131 Mehmet Ersoy atand\u0131.\u200b<\/p>\n<p>Resmi Gazete&#8217;nin bug\u00fcnk\u00fc say\u0131s\u0131nda yay\u0131mlanan atama kararnamesine g\u00f6re, \u0130\u00e7i\u015fleri Bakan Yard\u0131mc\u0131s\u0131 Sebahattin \u00d6zt\u00fcrk ile 19 ilin valisi merkeze al\u0131nd\u0131. Merkeze al\u0131nan valilerden 9&#8217;unu b\u00fcy\u00fck\u015fehir kapsam\u0131ndaki Ayd\u0131n, Denizli, Eski\u015fehir, Malatya, Mu\u011fla, Sakarya, Samsun, \u015eanl\u0131urfa ve Van valileri olu\u015fturdu.<\/p>\n<p>Buna g\u00f6re; A\u011fr\u0131 Valisi Musa I\u015f\u0131n, Amasya Valisi Salih I\u015f\u0131k, Ardahan Valisi \u0130brahim \u00d6zefe, Ayd\u0131n Valisi \u00d6mer Faruk Ko\u00e7ak, \u00c7ank\u0131r\u0131 Valisi Mesut K\u00f6se, Denizli Valisi Ahmet Alt\u0131parmak, Eski\u015fehir Valisi Azmi \u00c7elik, I\u011fd\u0131r Valisi Ahmet Turgay Alpman, Karaman Valisi S\u00fcleyman Taps\u0131z, Malatya Valisi Mustafa Toprak, Mu\u011fla Valisi Amir \u00c7i\u00e7ek, Ni\u011fde Valisi Ertan Peynircio\u011flu, Osmaniye Valisi Kerem Al, Sakarya Valisi H\u00fcseyin Avni Co\u015f, Samsun Valisi \u0130brahim \u015eahin, \u015eanl\u0131urfa Valisi G\u00fcng\u00f6r Azim Tuna, Tokat Valisi Cevdet Can, U\u015fak Valisi Ahmet Okur ve Van Valisi \u0130brahim Ta\u015fyapan merkeze al\u0131nd\u0131.<\/p>\n<p>Yeni vali atanan iller ve yer de\u011fi\u015ftiren valiler<br \/>\nKararnameyle, 20 ile yeni vali atan\u0131rken, 19 il valisi ise yer de\u011fi\u015ftirdi.<\/p>\n<p>Kilis Valisi \u0130smail \u00c7atakl\u0131, \u0130\u00e7i\u015fleri Bakanl\u0131\u011f\u0131 M\u00fcste\u015far Yard\u0131mc\u0131l\u0131\u011f\u0131na getirilirken, Siirt Valisi Mustafa Tutulmaz, Afyonkarahisar Valili\u011fine; Bilecik Valisi S\u00fcleyman Elban, A\u011fr\u0131 Valili\u011fine; Bing\u00f6l Valisi Yavuz Selim K\u00f6\u015fger, Ayd\u0131n Valili\u011fine; Bayburt Valisi \u0130smail Ustao\u011flu, Bitlis Valili\u011fine; Giresun Valisi Hasan Karahan, Denizli Valili\u011fine; Kocaeli Valisi Hasan Basri G\u00fczelo\u011flu, Diyarbak\u0131r Valili\u011fine; Mersin Valisi \u00d6zdemir \u00c7akacak, Eski\u015fehir Valili\u011fine; Diyarbak\u0131r Valisi H\u00fcseyin Aksoy, Kocaeli Valili\u011fine; Zonguldak Valisi Ali Kaban, Malatya Valili\u011fine; \u015e\u0131rnak Valisi Ali \u0130hsan Su, Mersin Valili\u011fine; K\u0131rklareli Valisi Eseng\u00fcl Civelek, Mu\u011fla Valili\u011fine; Afyonkarahisar Valisi Aziz Y\u0131ld\u0131r\u0131m, Mu\u015f Valili\u011fine; Mu\u015f Valisi Seddar Yavuz, Ordu Valili\u011fine; Ordu Valisi \u0130rfan Balkanl\u0131o\u011flu, Sakarya Valili\u011fine; Tunceli Valisi Osman Kaymak, Samsun Valili\u011fine; Ad\u0131yaman Valisi Abdullah Erin, \u015eanl\u0131urfa Valili\u011fine; Karab\u00fck Valisi Mehmet Akta\u015f, \u015e\u0131rnak Valili\u011fine; Elaz\u0131\u011f Valisi Murat Zorluo\u011flu, Van Valili\u011fine; Bitlis Valisi Ahmet \u00c7\u0131nar, Zonguldak Valili\u011fine; Merkez Valisi Mehmet Tekinarslan, Kilis Valili\u011fine; \u0130stanbul Vali Yard\u0131mc\u0131s\u0131 Nurullah Naci Kalkanc\u0131, Ad\u0131yaman Valili\u011fine; Tavas Kaymakam\u0131 Osman Varol, Amasya Valili\u011fine; \u0130\u00e7i\u015fleri Bakanl\u0131\u011f\u0131 Mahalli \u0130dareler Genel M\u00fcd\u00fcr Yard\u0131mc\u0131s\u0131 Mehmet Emin Bilmez, Ardahan Valili\u011fine; \u0130znik Kaymakam\u0131 Ali Hamza Pehlivan, Bayburt Valili\u011fine; Kocaeli B\u00fcy\u00fck\u015fehir Belediyesi Genel Sekreteri Tahir B\u00fcy\u00fckak\u0131n, Bilecik Valili\u011fine; Mamak Kaymakam\u0131 Ali Mant\u0131, Bing\u00f6l Valili\u011fine; Akdeniz Kaymakam\u0131 Hamdi Bilge Akta\u015f, \u00c7ank\u0131r\u0131 Valili\u011fine; Hukuk M\u00fc\u015faviri \u00c7etin Oktay Kald\u0131r\u0131m, Elaz\u0131\u011f Valili\u011fine; Nizip Kaymakam\u0131 Harun Sar\u0131fak\u0131o\u011fullar\u0131, Giresun Valili\u011fine; Osmangazi Kaymakam\u0131 Enver \u00dcnl\u00fc, I\u011fd\u0131r Valili\u011fine; M\u00fclkiye Ba\u015fm\u00fcfetti\u015fi Kemal \u00c7eber, Karab\u00fck Valili\u011fine; \u0130\u00e7i\u015fleri Bakanl\u0131\u011f\u0131 Personel Genel M\u00fcd\u00fcr Yard\u0131mc\u0131s\u0131 Fahri Meral, Karaman Valili\u011fine; Gaziosmanpa\u015fa Kaymakam\u0131 Ya\u015far Karadeniz, Kastamonu Valili\u011fine; Ba\u011fc\u0131lar Kaymakam\u0131 Orhan \u00c7ift\u00e7i, K\u0131rklareli Valili\u011fine; Pendik Kaymakam\u0131 Y\u0131lmaz \u015eim\u015fek, Ni\u011fde Valili\u011fine; M\u00fclkiye Ba\u015fm\u00fcfetti\u015fi \u00d6mer Faruk Co\u015fkun, Osmaniye Valili\u011fine; Ezine Kaymakam\u0131 Ali Fuat Atik, Siirt Valili\u011fine; \u0130\u00e7i\u015fleri Bakanl\u0131\u011f\u0131 Bilgi \u0130\u015flem Dairesi Ba\u015fkan\u0131 \u00d6mer Toraman, Tokat Valili\u011fine; Kad\u0131k\u00f6y Kaymakam\u0131 Tuncay Sonel, Tunceli Valili\u011fine; Sincan Kaymakam\u0131 Salim Demir de U\u015fak Valili\u011fine atand\u0131.<\/p>\n<p>\u0130\u00e7i\u015fleri Bakanl\u0131\u011f\u0131ndaki b\u00fcrokrat atamalar\u0131<br \/>\nResmi Gazete&#8217;de yay\u0131mlanan \u0130\u00e7i\u015fleri Bakanl\u0131\u011f\u0131na ait bir ba\u015fka atama karar\u0131yla, bakanl\u0131k b\u00fcnyesinde de m\u00fcste\u015far yard\u0131mc\u0131l\u0131klar\u0131 ile baz\u0131 genel m\u00fcd\u00fcrl\u00fckler dahil olmak \u00fczere \u00e7e\u015fitli birimlere 21 m\u00fclki idare amirinin atamas\u0131 ger\u00e7ekle\u015ftirildi.<\/p>\n<p>Buna g\u00f6re, \u0130\u00e7i\u015fleri Bakanl\u0131\u011f\u0131 Bakan Yard\u0131mc\u0131l\u0131\u011f\u0131na, Aile ve Sosyal Politikalar Bakanl\u0131\u011f\u0131 Bakan Yard\u0131mc\u0131s\u0131 Mehmet Ersoy atand\u0131.<\/p>\n<p>Kamu D\u00fczeni ve G\u00fcvenli\u011fi M\u00fcste\u015farl\u0131\u011f\u0131 M\u00fcste\u015far Yard\u0131mc\u0131l\u0131\u011f\u0131na, Murat Y\u0131lmaz; \u0130\u00e7i\u015fleri Bakanl\u0131\u011f\u0131 M\u00fcste\u015far Yard\u0131mc\u0131l\u0131klar\u0131na E\u011fitim Dairesi Ba\u015fkan\u0131 Ahmet Av\u015far ile M\u00fclkiye Ba\u015fm\u00fcfetti\u015fi Erkan K\u0131l\u0131\u00e7; M\u00fclkiye Tefti\u015f Kurulu Ba\u015fkanl\u0131\u011f\u0131na, M\u00fclkiye Ba\u015fm\u00fcfetti\u015fi \u00d6mer Seymeno\u011flu; Mahalli \u0130dareler Genel M\u00fcd\u00fcrl\u00fc\u011f\u00fcne, Mahalli \u0130dareler Genel M\u00fcd\u00fcr Yard\u0131mc\u0131s\u0131 Ekrem Canalp; \u0130ller \u0130daresi Genel M\u00fcd\u00fcrl\u00fc\u011f\u00fcne, Hukuk M\u00fc\u015faviri \u0130lker G\u00fcnd\u00fcz\u00f6z; Personel Genel M\u00fcd\u00fcrl\u00fc\u011f\u00fcne, Cumhurba\u015fkanl\u0131\u011f\u0131 Devlet Denetleme Kurulu Ba\u015fkanl\u0131\u011f\u0131 Devlet Denetleme Kurulu \u00dcyesi Bilal \u015eent\u00fcrk; N\u00fcfus ve Vatanda\u015fl\u0131k \u0130\u015fleri Genel M\u00fcd\u00fcrl\u00fc\u011f\u00fcne, M\u00fclkiye Ba\u015fm\u00fcfetti\u015fi Sinan G\u00fcner; G\u00f6\u00e7 \u0130daresi Genel M\u00fcd\u00fcr Yard\u0131mc\u0131l\u0131\u011f\u0131na, G\u00f6\u00e7 \u0130daresi Genel M\u00fcd\u00fcrl\u00fc\u011f\u00fc Daire Ba\u015fkan\u0131 Abdullah Ayaz; 1. Hukuk M\u00fc\u015favirli\u011fine, M\u00fclkiye Ba\u015fm\u00fcfetti\u015fi Avni \u00c7ak\u0131r; Personel Genel M\u00fcd\u00fcr Yard\u0131mc\u0131l\u0131\u011f\u0131na, Personel Genel M\u00fcd\u00fcrl\u00fc\u011f\u00fc Daire Ba\u015fkan\u0131 Kamuran Ta\u015fbilek; N\u00fcfus ve Vatanda\u015fl\u0131k \u0130\u015fleri Genel M\u00fcd\u00fcr Yard\u0131mc\u0131l\u0131klar\u0131na, N\u00fcfus ve Vatanda\u015fl\u0131k \u0130\u015fleri Genel M\u00fcd\u00fcrl\u00fc\u011f\u00fc Daire Ba\u015fkan\u0131 Metin Sel\u00e7uk ile \u0130ller \u0130daresi Genel M\u00fcd\u00fcrl\u00fc\u011f\u00fc Daire Ba\u015fkan\u0131 Gazi Levent Kurto\u011flu; Mahalli \u0130dareler Genel M\u00fcd\u00fcr Yard\u0131mc\u0131l\u0131klar\u0131na Mahalli \u0130dareler Genel M\u00fcd\u00fcrl\u00fc\u011f\u00fc Daire Ba\u015fkanlar\u0131 Mehmet Fatih Geyim ve Mustafa Demirelli; E\u011fitim Dairesi Ba\u015fkanl\u0131\u011f\u0131na, \u0130ller \u0130daresi Genel M\u00fcd\u00fcrl\u00fc\u011f\u00fc Daire Ba\u015fkan\u0131 H\u00fcseyin \u00c7ak\u0131rta\u015f; Bilgi \u0130\u015flem Dairesi Ba\u015fkanl\u0131\u011f\u0131na, G\u00f6\u00e7 \u0130daresi Genel M\u00fcd\u00fcr Yard\u0131mc\u0131s\u0131 Osman Hac\u0131bekta\u015fo\u011flu; Ka\u00e7ak\u00e7\u0131l\u0131k, \u0130stihbarat Harekat ve Bilgi Toplama Dairesi Ba\u015fkanl\u0131\u011f\u0131na, Hukuk M\u00fc\u015faviri \u00d6mer Ulu; Hukuk M\u00fc\u015favirliklerine M\u00fcste\u015far Yard\u0131mc\u0131s\u0131 Nam\u0131k Demir ve N\u00fcfus ve Vatanda\u015fl\u0131k \u0130\u015fleri Genel M\u00fcd\u00fcr\u00fc Ahmet Sar\u0131can, M\u00fclkiye Ba\u015fm\u00fcfetti\u015fli\u011fine ise G\u00f6\u00e7 \u0130daresi Genel M\u00fcd\u00fcr\u00fc Atilla Toros getirildi.<\/p>\n<p>5 il\u00e7e kaymakaml\u0131\u011f\u0131na atama yap\u0131ld\u0131<br \/>\nBakanl\u0131\u011f\u0131n karar\u0131 do\u011frultusunda 5 il\u00e7enin kaymakaml\u0131klar\u0131na da atama yap\u0131ld\u0131.<\/p>\n<p>Bah\u00e7elievler Kaymakaml\u0131\u011f\u0131na, N\u00fcfus ve Vatanda\u015fl\u0131k \u0130\u015fleri Genel M\u00fcd\u00fcr Yard\u0131mc\u0131s\u0131 \u0130lker Ar\u0131kan; Pendik Kaymakaml\u0131\u011f\u0131na, N\u00fcfus ve Vatanda\u015fl\u0131k \u0130\u015fleri Genel M\u00fcd\u00fcr Yard\u0131mc\u0131s\u0131 \u0130lhan \u00dcnsal; Refahiye Kaymakaml\u0131\u011f\u0131na, Erzincan Vali Yard\u0131mc\u0131s\u0131 Hatice Bayar \u00d6zdemir; Akdeniz Kaymakaml\u0131\u011f\u0131na, Erdemli Kaymakam\u0131 Muhittin Pamuk; \u0130skenderun Kaymakaml\u0131\u011f\u0131na da D\u00f6rtyol Kaymakam\u0131 Recep Soyt\u00fcrk tayin edildi.<\/p>\n<!-- Error, Advert is not available at this time due to schedule\/geolocation restrictions! -->\n","protected":false},"excerpt":{"rendered":"<p>Resmi Gazete&#8217;de yay\u0131mlanan Valiler Kararnamesi ile 20 vali merkeze al\u0131nd\u0131, 20 ile yeni vali atand\u0131, 19 il valisi ise yer de\u011fi\u015ftirdi. \u0130\u00e7i\u015fleri Bakan Yard\u0131mc\u0131s\u0131 Sebahattin \u00d6zt\u00fcrk, Merkez Valili\u011fine al\u0131n\u0131rken; \u0130\u00e7i\u015fleri Bakan Yard\u0131mc\u0131s\u0131 olarak Aile ve Sosyal Politikalar Bakan Yard\u0131mc\u0131s\u0131 Mehmet Ersoy atand\u0131.\u200b Resmi Gazete&#8217;nin bug\u00fcnk\u00fc say\u0131s\u0131nda yay\u0131mlanan atama kararnamesine g\u00f6re, \u0130\u00e7i\u015fleri Bakan Yard\u0131mc\u0131s\u0131 Sebahattin \u00d6zt\u00fcrk &hellip;<\/p>\n","protected":false},"author":4,"featured_media":251637,"comment_status":"open","ping_status":"open","sticky":false,"template":"","format":"standard","meta":{"_acf_changed":false,"footnotes":""},"categories":[6774,763],"tags":[195967,3667,4134,162573],"class_list":["post-251636","post","type-post","status-publish","format-standard","has-post-thumbnail","hentry","category-futbol","category-gunun-olayi","tag-fuat-yaman","tag-mehmet-simsek","tag-tunceli","tag-valiler-kararnamesi"],"acf":[],"_links":{"self":[{"href":"https:\/\/www.nationalturk.com\/tr\/wp-json\/wp\/v2\/posts\/251636","targetHints":{"allow":["GET"]}}],"collection":[{"href":"https:\/\/www.nationalturk.com\/tr\/wp-json\/wp\/v2\/posts"}],"about":[{"href":"https:\/\/www.nationalturk.com\/tr\/wp-json\/wp\/v2\/types\/post"}],"author":[{"embeddable":true,"href":"https:\/\/www.nationalturk.com\/tr\/wp-json\/wp\/v2\/users\/4"}],"replies":[{"embeddable":true,"href":"https:\/\/www.nationalturk.com\/tr\/wp-json\/wp\/v2\/comments?post=251636"}],"version-history":[{"count":1,"href":"https:\/\/www.nationalturk.com\/tr\/wp-json\/wp\/v2\/posts\/251636\/revisions"}],"predecessor-version":[{"id":308608,"href":"https:\/\/www.nationalturk.com\/tr\/wp-json\/wp\/v2\/posts\/251636\/revisions\/308608"}],"wp:featuredmedia":[{"embeddable":true,"href":"https:\/\/www.nationalturk.com\/tr\/wp-json\/wp\/v2\/media\/251637"}],"wp:attachment":[{"href":"https:\/\/www.nationalturk.com\/tr\/wp-json\/wp\/v2\/media?parent=251636"}],"wp:term":[{"taxonomy":"category","embeddable":true,"href":"https:\/\/www.nationalturk.com\/tr\/wp-json\/wp\/v2\/categories?post=251636"},{"taxonomy":"post_tag","embeddable":true,"href":"https:\/\/www.nationalturk.com\/tr\/wp-json\/wp\/v2\/tags?post=251636"}],"curies":[{"name":"wp","href":"https:\/\/api.w.org\/{rel}","templated":true}]}}