{"id":251659,"date":"2017-06-21T17:07:44","date_gmt":"2017-06-21T14:07:44","guid":{"rendered":"http:\/\/www.nationalturk.com\/?p=251659"},"modified":"2017-06-21T17:07:44","modified_gmt":"2017-06-21T14:07:44","slug":"betonlasan-uzungolu-izlemek-icin-bir-insaat-daha-seyir-terasi","status":"publish","type":"post","link":"https:\/\/www.nationalturk.com\/tr\/betonlasan-uzungolu-izlemek-icin-bir-insaat-daha-seyir-terasi\/","title":{"rendered":"Betonla\u015fan Uzung\u00f6l&#8217;\u00fc izlemek i\u00e7in bir in\u015faat daha: Seyir teras\u0131"},"content":{"rendered":"<h2>AKP Trabzon Milletvekili Ay\u015fe Sula K\u00f6seo\u011flu, betonla\u015ft\u0131\u011f\u0131n\u0131 g\u00f6steren eski ve yeni foto\u011fraflar\u0131yla g\u00fcndeme gelen Uzung\u00f6l&#8217;e \u015fimdi de \u00e7elik konstr\u00fcksiyon \u00fczerine seyir teras\u0131 in\u015fa edilece\u011fini a\u00e7\u0131klad\u0131.<\/h2>\n<p>K\u00f6seo\u011flu, yapt\u0131\u011f\u0131 yaz\u0131l\u0131 a\u00e7\u0131klamada, hem b\u00f6lge hem de Trabzon i\u00e7in turizmin \u00e7ok \u00f6nemli oldu\u011funa dikkati \u00e7ekti.<\/p>\n<p>Trabzon&#8217;un Uzung\u00f6l&#8217;\u00fc, S\u00fcmela&#8217;s\u0131, Ayasofya&#8217;s\u0131, Vazelon&#8217;u, yaylalar\u0131yla ve daha sayabilece\u011fimiz bir\u00e7ok mekanlar\u0131yla destinasyon merkezi oldu\u011funu vurgulayan Ay\u015fe Sula K\u00f6seo\u011flu, \u015f\u00f6yle devam etti:<\/p>\n<p>&#8220;Uzung\u00f6l, en \u00e7ok turist \u00e7eken g\u00f6zde mekanlar\u0131m\u0131zdan birisidir. \u0130\u00e7i\u015fleri Bakan\u0131m\u0131z Say\u0131n S\u00fcleyman Soylu \u00f6nderli\u011finde yeni projeler \u00fcretmek ve bunlar\u0131 faaliyete ge\u00e7irmek i\u00e7in \u00e7aba sarf ediyoruz. Trabzon \u0130l Koordinasyon Kurulu&#8217;nda g\u00fcndeme ta\u015f\u0131d\u0131\u011f\u0131m\u0131z seyir teraslar\u0131 da yap\u0131lmaya ba\u015flanacak. Do\u011fa Koruma ve Milli Parklar, seyir teraslar\u0131 i\u00e7in Uzung\u00f6l Tabiat Park\u0131&#8217;nda iki ayr\u0131 yer belirledi. Bu seyir teraslar\u0131n\u0131n yap\u0131laca\u011f\u0131 2 ayr\u0131 noktay\u0131, Milli Parklar B\u00f6lge ve \u015eube M\u00fcd\u00fcrl\u00fckleri yetkililerimizin nezaretinde incelemi\u015ftik. Bu kadar muhte\u015fem g\u00fczellikleri buraya gelenler istedi\u011fi \u015fekilde g\u00f6rebilmeli, seyredebilmeli. Seyir teraslar\u0131na bu manada \u00e7ok b\u00fcy\u00fck \u00f6nem veriyoruz.&#8221;<\/p>\n<p>K\u00f6seo\u011flu, Do\u011fa Koruma ve Milli Parklar 12. B\u00f6lge M\u00fcd\u00fcrl\u00fc\u011f\u00fc Trabzon \u015eube M\u00fcd\u00fcrl\u00fc\u011f\u00fc faaliyet alan\u0131nda bulunan Uzung\u00f6l Tabiat Park\u0131 i\u00e7erisindeki Yayla\u00f6n\u00fc Mahallesi yolu \u00fczerinde, g\u00f6le hakim bir alanda 2017 y\u0131l\u0131 i\u00e7in \u00e7elik konstr\u00fcksiyon \u00fczeri ah\u015fap kaplama seyir teras\u0131n\u0131n projesinin onayland\u0131\u011f\u0131n\u0131 ve yap\u0131m i\u015finin ihalesinin yar\u0131n ger\u00e7ekle\u015ftirilece\u011fini belirterek, 2017 y\u0131l\u0131 i\u00e7erisinde bu seyir teras\u0131n\u0131n yap\u0131m\u0131n\u0131n tamamlan\u0131p hizmete sunulaca\u011f\u0131n\u0131 ifade etti.<\/p>\n<p>Ak\u00e7aabat Sera G\u00f6l\u00fc&#8217;nde daha \u00f6nce bir seyir teras\u0131 yap\u0131ld\u0131\u011f\u0131n\u0131 ancak Uzung\u00f6l&#8217;de yap\u0131lacak seyir teras\u0131 projesinin kendi alan\u0131nda bir ilk olaca\u011f\u0131n\u0131 kaydeden Ay\u015fe Sula K\u00f6seo\u011flu, Uzung\u00f6l&#8217;de 2, S\u00fcmela&#8217;da da 5 ayr\u0131 noktada seyir teras\u0131 planland\u0131\u011f\u0131n\u0131, S\u00fcmela&#8217;daki 3 seyir teras\u0131n\u0131n ihalelerinin de temmuz ay\u0131 ba\u015f\u0131nda yap\u0131laca\u011f\u0131n\u0131 bildirdi.<\/p>\n<p>K\u00f6seo\u011flu, S\u00fcrmene Belediyesinin de seyir teras\u0131 \u00e7al\u0131\u015fmas\u0131 oldu\u011funu ifade ederek, bu \u00e7al\u0131\u015fmalar\u0131 yak\u0131ndan takip edip \u015fehre kazand\u0131r\u0131lmas\u0131 noktas\u0131nda gayretlerinin devam edece\u011fini belirtti.<\/p>\n<!-- Error, Advert is not available at this time due to schedule\/geolocation restrictions! -->\n","protected":false},"excerpt":{"rendered":"<p>AKP Trabzon Milletvekili Ay\u015fe Sula K\u00f6seo\u011flu, betonla\u015ft\u0131\u011f\u0131n\u0131 g\u00f6steren eski ve yeni foto\u011fraflar\u0131yla g\u00fcndeme gelen Uzung\u00f6l&#8217;e \u015fimdi de \u00e7elik konstr\u00fcksiyon \u00fczerine seyir teras\u0131 in\u015fa edilece\u011fini a\u00e7\u0131klad\u0131. K\u00f6seo\u011flu, yapt\u0131\u011f\u0131 yaz\u0131l\u0131 a\u00e7\u0131klamada, hem b\u00f6lge hem de Trabzon i\u00e7in turizmin \u00e7ok \u00f6nemli oldu\u011funa dikkati \u00e7ekti. Trabzon&#8217;un Uzung\u00f6l&#8217;\u00fc, S\u00fcmela&#8217;s\u0131, Ayasofya&#8217;s\u0131, Vazelon&#8217;u, yaylalar\u0131yla ve daha sayabilece\u011fimiz bir\u00e7ok mekanlar\u0131yla destinasyon merkezi oldu\u011funu &hellip;<\/p>\n","protected":false},"author":4,"featured_media":251660,"comment_status":"open","ping_status":"open","sticky":false,"template":"","format":"standard","meta":{"_acf_changed":false,"footnotes":""},"categories":[763],"tags":[52242,1740],"class_list":["post-251659","post","type-post","status-publish","format-standard","has-post-thumbnail","hentry","category-gunun-olayi","tag-insaat","tag-uzungol"],"acf":[],"_links":{"self":[{"href":"https:\/\/www.nationalturk.com\/tr\/wp-json\/wp\/v2\/posts\/251659","targetHints":{"allow":["GET"]}}],"collection":[{"href":"https:\/\/www.nationalturk.com\/tr\/wp-json\/wp\/v2\/posts"}],"about":[{"href":"https:\/\/www.nationalturk.com\/tr\/wp-json\/wp\/v2\/types\/post"}],"author":[{"embeddable":true,"href":"https:\/\/www.nationalturk.com\/tr\/wp-json\/wp\/v2\/users\/4"}],"replies":[{"embeddable":true,"href":"https:\/\/www.nationalturk.com\/tr\/wp-json\/wp\/v2\/comments?post=251659"}],"version-history":[{"count":0,"href":"https:\/\/www.nationalturk.com\/tr\/wp-json\/wp\/v2\/posts\/251659\/revisions"}],"wp:featuredmedia":[{"embeddable":true,"href":"https:\/\/www.nationalturk.com\/tr\/wp-json\/wp\/v2\/media\/251660"}],"wp:attachment":[{"href":"https:\/\/www.nationalturk.com\/tr\/wp-json\/wp\/v2\/media?parent=251659"}],"wp:term":[{"taxonomy":"category","embeddable":true,"href":"https:\/\/www.nationalturk.com\/tr\/wp-json\/wp\/v2\/categories?post=251659"},{"taxonomy":"post_tag","embeddable":true,"href":"https:\/\/www.nationalturk.com\/tr\/wp-json\/wp\/v2\/tags?post=251659"}],"curies":[{"name":"wp","href":"https:\/\/api.w.org\/{rel}","templated":true}]}}