{"id":251838,"date":"2017-06-28T10:33:17","date_gmt":"2017-06-28T07:33:17","guid":{"rendered":"http:\/\/www.nationalturk.com\/?p=251838"},"modified":"2017-06-28T10:33:17","modified_gmt":"2017-06-28T07:33:17","slug":"dan-brown-macerasina-ispanyada-devam-ediyor","status":"publish","type":"post","link":"https:\/\/www.nationalturk.com\/tr\/dan-brown-macerasina-ispanyada-devam-ediyor\/","title":{"rendered":"Dan Brown Maceras\u0131na \u0130spanya&#8217;da Devam Ediyor"},"content":{"rendered":"<h2>ABD&#8217;li \u00fcnl\u00fc yazar Dan Brown&#8217;\u0131n 13 dilde ayn\u0131 anda yay\u0131mlanacak yeni roman\u0131 3 Ekim&#8217;de okurlar\u0131yla bulu\u015facak.<\/h2>\n<p>Alt\u0131n Kitaplar&#8217;dan yap\u0131lan a\u00e7\u0131klamaya g\u00f6re, ABD&#8217;li \u00fcnl\u00fc yazar Dan Brown&#8217;\u0131n T\u00fcrkiye&#8217;de &#8220;Ba\u015flang\u0131\u00e7 (Origin)&#8221; ad\u0131yla yay\u0131nlanacak kitab\u0131n\u0131n hikayesi \u0130spanya&#8217;da ge\u00e7ecek.<\/p>\n<p>D\u00fcnya \u00e7ap\u0131nda \u00e7ok satan kitaplar aras\u0131na giren ve sinemaya uyarlanan serinin son halkas\u0131nda, roman\u0131n kahraman\u0131 Harvard Simgebilim Profes\u00f6r\u00fc Robert Langdon&#8217;\u0131n yolu bu sefer Bilbao, Madrid, Sevilla ve Barselona&#8217;ya d\u00fc\u015fecek.<\/p>\n<p>&#8220;Da Vinci \u015eifresi&#8221;, &#8220;Melekler ve \u015eeytanlar&#8221;, &#8220;Dijital Kale&#8221;, &#8220;\u0130hanet Noktas\u0131&#8221;, &#8220;Kay\u0131p Sembol&#8221; ve &#8220;Cehennem&#8221; kitaplar\u0131n\u0131n ard\u0131ndan yay\u0131mlanan &#8220;Ba\u015flang\u0131\u00e7&#8221;, T\u00fcrkiye, Brezilya, Fransa, \u0130talya, \u0130spanya, \u0130sve\u00e7, Danimarka, Hollanda, Norve\u00e7, Portekiz, Polonya, Katalonya ve Finlandiya&#8217;da ayn\u0131 g\u00fcn sat\u0131\u015fa sunulacak.<\/p>\n<p>Kitab\u0131 ilk okuyanlar ise saat fark\u0131yla T\u00fcrk vatanda\u015flar\u0131 olacak.<\/p>\n<!-- Error, Advert is not available at this time due to schedule\/geolocation restrictions! -->\n","protected":false},"excerpt":{"rendered":"<p>ABD&#8217;li \u00fcnl\u00fc yazar Dan Brown&#8217;\u0131n 13 dilde ayn\u0131 anda yay\u0131mlanacak yeni roman\u0131 3 Ekim&#8217;de okurlar\u0131yla bulu\u015facak.<\/p>\n","protected":false},"author":3,"featured_media":251839,"comment_status":"open","ping_status":"open","sticky":false,"template":"","format":"standard","meta":{"_acf_changed":false,"footnotes":""},"categories":[6221,5005,6670],"tags":[129918,15],"class_list":["post-251838","post","type-post","status-publish","format-standard","has-post-thumbnail","hentry","category-kultur","category-manset","category-sanat","tag-dan-brown","tag-ispanya"],"acf":[],"_links":{"self":[{"href":"https:\/\/www.nationalturk.com\/tr\/wp-json\/wp\/v2\/posts\/251838","targetHints":{"allow":["GET"]}}],"collection":[{"href":"https:\/\/www.nationalturk.com\/tr\/wp-json\/wp\/v2\/posts"}],"about":[{"href":"https:\/\/www.nationalturk.com\/tr\/wp-json\/wp\/v2\/types\/post"}],"author":[{"embeddable":true,"href":"https:\/\/www.nationalturk.com\/tr\/wp-json\/wp\/v2\/users\/3"}],"replies":[{"embeddable":true,"href":"https:\/\/www.nationalturk.com\/tr\/wp-json\/wp\/v2\/comments?post=251838"}],"version-history":[{"count":0,"href":"https:\/\/www.nationalturk.com\/tr\/wp-json\/wp\/v2\/posts\/251838\/revisions"}],"wp:featuredmedia":[{"embeddable":true,"href":"https:\/\/www.nationalturk.com\/tr\/wp-json\/wp\/v2\/media\/251839"}],"wp:attachment":[{"href":"https:\/\/www.nationalturk.com\/tr\/wp-json\/wp\/v2\/media?parent=251838"}],"wp:term":[{"taxonomy":"category","embeddable":true,"href":"https:\/\/www.nationalturk.com\/tr\/wp-json\/wp\/v2\/categories?post=251838"},{"taxonomy":"post_tag","embeddable":true,"href":"https:\/\/www.nationalturk.com\/tr\/wp-json\/wp\/v2\/tags?post=251838"}],"curies":[{"name":"wp","href":"https:\/\/api.w.org\/{rel}","templated":true}]}}