{"id":252041,"date":"2017-07-04T11:54:24","date_gmt":"2017-07-04T08:54:24","guid":{"rendered":"http:\/\/www.nationalturk.com\/?p=252041"},"modified":"2017-07-04T11:54:24","modified_gmt":"2017-07-04T08:54:24","slug":"fetoculerin-yeni-haberlesme-programi-aciga-cikarildi","status":"publish","type":"post","link":"https:\/\/www.nationalturk.com\/tr\/fetoculerin-yeni-haberlesme-programi-aciga-cikarildi\/","title":{"rendered":"FET\u00d6&#8217;c\u00fclerin yeni haberle\u015fme program\u0131 a\u00e7\u0131\u011fa \u00e7\u0131kar\u0131ld\u0131"},"content":{"rendered":"<h2>Ankara Bat\u0131 Cumhuriyet Ba\u015fsavc\u0131l\u0131\u011f\u0131nca y\u00fcr\u00fct\u00fclen Fetullah\u00e7\u0131 Ter\u00f6r \u00d6rg\u00fct\u00fc (FET\u00d6) soru\u015fturmas\u0131nda, \u00f6rg\u00fct\u00fcn yeniden yap\u0131lanmaya y\u00f6nelik \u00e7al\u0131\u015fmalara ba\u015flad\u0131\u011f\u0131, bu kapsamda FET\u00d6 mensuplar\u0131n\u0131n mart ay\u0131ndan bu yana &#8220;Cryptnote&#8221; isimli \u015fifreli haberle\u015fme program\u0131 kulland\u0131\u011f\u0131 tespit edildi.<\/h2>\n<p>Ankara Bat\u0131 Cumhuriyet Ba\u015fsavc\u0131l\u0131\u011f\u0131, Kanun H\u00fckm\u00fcnde Kararname ile meslekten ihra\u00e7 edilen polis memuru Cumali K&#8217;nin \u00f6rg\u00fct mensuplar\u0131n\u0131n kendisiyle yeniden irtibat kurmak istedi\u011fi ihbar\u0131 \u00fczerine soru\u015fturma ba\u015flatt\u0131.<\/p>\n<p>Cumali K, ifadesinde, daha \u00f6nce kendisinden sorumlu olan &#8220;mahrem imamlar\u0131n&#8221; evine geldikleri ve maddi manevi bir ihtiyac\u0131 olup olmad\u0131\u011f\u0131n\u0131 sorduklar\u0131n\u0131 beyan etti. \u0130tiraf\u00e7\u0131 eski polis, evine gelen ki\u015filerin ByLock&#8217;tan daha g\u00fcvenilir bir program y\u00fckleyeceklerini s\u00f6ylediklerini belirterek, bilgisayar ve telefonuna &#8220;Cryptnote&#8221; isimli \u015fifreli haberle\u015fme program\u0131n\u0131 y\u00fcklediklerini kaydetti.<\/p>\n<p>Ba\u015fsavc\u0131l\u0131\u011f\u0131n talimat\u0131yla harekete ge\u00e7en Ankara Emniyet M\u00fcd\u00fcrl\u00fc\u011f\u00fc ekipleri, eski polisin evine gelen 3 ki\u015fiyi takibe ald\u0131. Ekipler, 2 ayl\u0131k fiziki takibin ard\u0131ndan zanl\u0131lar\u0131n, daha \u00f6nce \u00f6rg\u00fct ile iltisakl\u0131 oldu\u011fu iddias\u0131yla meslekten ihra\u00e7 edilen memurlar\u0131n evlerini ziyaret ettikleri ve toplant\u0131lar yapt\u0131klar\u0131n\u0131 belirledi.<\/p>\n<p>Bunun \u00fczerine zanl\u0131lar\u0131n adreslerine d\u00fczenlenen operasyonda, \u0130dris D, Mahmut O. ve Mutlu D. g\u00f6zalt\u0131na al\u0131nd\u0131. Savc\u0131l\u0131ktaki sorgular\u0131n\u0131n ard\u0131ndan mahkemeye \u00e7\u0131kar\u0131lan zanl\u0131lar, &#8220;ter\u00f6r \u00f6rg\u00fct\u00fcne \u00fcye olmak&#8221; su\u00e7undan tutukland\u0131.<\/p>\n<p>Zanl\u0131lar\u0131n, \u00f6rg\u00fct\u00fcn yeniden yap\u0131lanmas\u0131na y\u00f6nelik \u00e7al\u0131\u015fmalar yapt\u0131klar\u0131, bu ba\u011flamda &#8220;Cryptnote&#8221; isimli \u015fifreli haberle\u015fme program\u0131n\u0131 memuriyetten ihra\u00e7 edilen mensuplar\u0131n\u0131n bilgisayar ve telefonlar\u0131na y\u00fckledikleri ve bunun arac\u0131l\u0131\u011f\u0131yla FET\u00d6 \u00fcyeleriyle ileti\u015fime ge\u00e7tileri saptand\u0131. Zanl\u0131lar\u0131n ayr\u0131ca cezaevinde bulunan \u00fcyelerinin ailelerine ula\u015farak, \u00f6rg\u00fctten kopu\u015flar\u0131 engellemeye y\u00f6nelik g\u00f6r\u00fc\u015fmeler yapt\u0131klar\u0131 tespit edildi.<\/p>\n<p>Bug\u00fcne kadar a\u00e7\u0131lan FET\u00d6 soru\u015fturmalar\u0131nda ismi ge\u00e7meyen zanl\u0131lar\u0131n cep telefonlar\u0131, HTS kay\u0131tlar\u0131 ve hesap hareketlerinin de incelendi\u011fi soru\u015fturmada, zanl\u0131lar\u0131n \u00f6rg\u00fct i\u00e7i itiraflar\u0131n \u00f6n\u00fcne ge\u00e7mek ve hala de\u015fifre olmayan mensuplar\u0131n\u0131n moral ve motivasyonlar\u0131n\u0131 y\u00fcksek tutmak amac\u0131yla hareket ettikleri belirlendi.<\/p>\n<!-- Error, Advert is not available at this time due to schedule\/geolocation restrictions! -->\n","protected":false},"excerpt":{"rendered":"<p>Ankara Bat\u0131 Cumhuriyet Ba\u015fsavc\u0131l\u0131\u011f\u0131nca y\u00fcr\u00fct\u00fclen Fetullah\u00e7\u0131 Ter\u00f6r \u00d6rg\u00fct\u00fc (FET\u00d6) soru\u015fturmas\u0131nda, \u00f6rg\u00fct\u00fcn yeniden yap\u0131lanmaya y\u00f6nelik \u00e7al\u0131\u015fmalara ba\u015flad\u0131\u011f\u0131, bu kapsamda FET\u00d6 mensuplar\u0131n\u0131n mart ay\u0131ndan bu yana &#8220;Cryptnote&#8221; isimli \u015fifreli haberle\u015fme program\u0131 kulland\u0131\u011f\u0131 tespit edildi. Ankara Bat\u0131 Cumhuriyet Ba\u015fsavc\u0131l\u0131\u011f\u0131, Kanun H\u00fckm\u00fcnde Kararname ile meslekten ihra\u00e7 edilen polis memuru Cumali K&#8217;nin \u00f6rg\u00fct mensuplar\u0131n\u0131n kendisiyle yeniden irtibat kurmak istedi\u011fi ihbar\u0131 &hellip;<\/p>\n","protected":false},"author":4,"featured_media":252042,"comment_status":"open","ping_status":"open","sticky":false,"template":"","format":"standard","meta":{"_acf_changed":false,"footnotes":""},"categories":[6155,5005,349,6805],"tags":[202856],"class_list":["post-252041","post","type-post","status-publish","format-standard","has-post-thumbnail","hentry","category-gundem","category-manset","category-son-dakika","category-turkiye","tag-feto"],"acf":[],"_links":{"self":[{"href":"https:\/\/www.nationalturk.com\/tr\/wp-json\/wp\/v2\/posts\/252041","targetHints":{"allow":["GET"]}}],"collection":[{"href":"https:\/\/www.nationalturk.com\/tr\/wp-json\/wp\/v2\/posts"}],"about":[{"href":"https:\/\/www.nationalturk.com\/tr\/wp-json\/wp\/v2\/types\/post"}],"author":[{"embeddable":true,"href":"https:\/\/www.nationalturk.com\/tr\/wp-json\/wp\/v2\/users\/4"}],"replies":[{"embeddable":true,"href":"https:\/\/www.nationalturk.com\/tr\/wp-json\/wp\/v2\/comments?post=252041"}],"version-history":[{"count":0,"href":"https:\/\/www.nationalturk.com\/tr\/wp-json\/wp\/v2\/posts\/252041\/revisions"}],"wp:featuredmedia":[{"embeddable":true,"href":"https:\/\/www.nationalturk.com\/tr\/wp-json\/wp\/v2\/media\/252042"}],"wp:attachment":[{"href":"https:\/\/www.nationalturk.com\/tr\/wp-json\/wp\/v2\/media?parent=252041"}],"wp:term":[{"taxonomy":"category","embeddable":true,"href":"https:\/\/www.nationalturk.com\/tr\/wp-json\/wp\/v2\/categories?post=252041"},{"taxonomy":"post_tag","embeddable":true,"href":"https:\/\/www.nationalturk.com\/tr\/wp-json\/wp\/v2\/tags?post=252041"}],"curies":[{"name":"wp","href":"https:\/\/api.w.org\/{rel}","templated":true}]}}