{"id":252100,"date":"2017-07-05T11:44:33","date_gmt":"2017-07-05T08:44:33","guid":{"rendered":"http:\/\/www.nationalturk.com\/?p=252100"},"modified":"2022-09-11T17:55:22","modified_gmt":"2022-09-11T14:55:22","slug":"bmden-kuzey-koreye-bir-cagri-daha","status":"publish","type":"post","link":"https:\/\/www.nationalturk.com\/tr\/bmden-kuzey-koreye-bir-cagri-daha\/","title":{"rendered":"BM&#8217;den Kuzey Kore&#8217;ye bir \u00e7a\u011fr\u0131 daha"},"content":{"rendered":"<h2>BM Genel Sekreteri Guterres, Kuzey Kore&#8217;nin uzun menzilli k\u0131talararas\u0131 balistik f\u00fcze denemesin yapmas\u0131n\u0131 k\u0131nayarak Pyongyang y\u00f6netimine provokasyonlara son verme \u00e7a\u011fr\u0131s\u0131nda bulundu.<\/h2>\n<p>Birle\u015fmi\u015f Milletler (BM) Genel Sekreter S\u00f6zc\u00fcl\u00fc\u011f\u00fcnden yap\u0131lan a\u00e7\u0131klamada, Kuzey Kore&#8217;nin yeni f\u00fcze denemesinin BM G\u00fcvenlik Konseyi kararlar\u0131n\u0131n &#8220;ars\u0131z&#8221; \u015fekilde ihlali oldu\u011fu belirtilerek, bu eylemin gerginli\u011fi tehlikeli bir \u015fekilde art\u0131raca\u011f\u0131 vurguland\u0131.<\/p>\n<p>Genel Sekreter Antonio Guterres&#8217;in denemeyi k\u0131nad\u0131\u011f\u0131 ve Kuzey Kore liderlerine provokasyonlara son vererek uluslararas\u0131 y\u00fck\u00fcml\u00fcl\u00fcklerine uyma \u00e7a\u011fr\u0131s\u0131 yapt\u0131\u011f\u0131 duyurulan a\u00e7\u0131klamada, Guterres&#8217;in bu ciddi s\u0131namaya kar\u015f\u0131 uluslararas\u0131 toplumun birlik olmas\u0131n\u0131 istedi\u011fi ifade edildi.<\/p>\n<p>BM G\u00fcvenlik Konseyi bug\u00fcn toplan\u0131yor<br \/>\n\u00d6te yandan, f\u00fcze denemesi nedeniyle ABD, Japonya ve G\u00fcney Kore, BM G\u00fcvenlik Konseyini acil toplant\u0131ya \u00e7a\u011f\u0131rd\u0131.<\/p>\n<p>ABD&#8217;nin BM Daimi Temsilcili\u011finden yap\u0131lan a\u00e7\u0131klamada, Konseyin bug\u00fcn yerel saatle 15.00&#8217;te (TS\u0130 22.00) toplanaca\u011f\u0131 bildirildi.<\/p>\n<p>Toplant\u0131n\u0131n a\u00e7\u0131k yap\u0131laca\u011f\u0131 bilgisi verildi.<\/p>\n<!-- Error, Advert is not available at this time due to schedule\/geolocation restrictions! -->\n","protected":false},"excerpt":{"rendered":"<p>BM Genel Sekreteri Guterres, Kuzey Kore&#8217;nin uzun menzilli k\u0131talararas\u0131 balistik f\u00fcze denemesin yapmas\u0131n\u0131 k\u0131nayarak Pyongyang y\u00f6netimine provokasyonlara son verme \u00e7a\u011fr\u0131s\u0131nda bulundu. Birle\u015fmi\u015f Milletler (BM) Genel Sekreter S\u00f6zc\u00fcl\u00fc\u011f\u00fcnden yap\u0131lan a\u00e7\u0131klamada, Kuzey Kore&#8217;nin yeni f\u00fcze denemesinin BM G\u00fcvenlik Konseyi kararlar\u0131n\u0131n &#8220;ars\u0131z&#8221; \u015fekilde ihlali oldu\u011fu belirtilerek, bu eylemin gerginli\u011fi tehlikeli bir \u015fekilde art\u0131raca\u011f\u0131 vurguland\u0131. Genel Sekreter Antonio Guterres&#8217;in &hellip;<\/p>\n","protected":false},"author":4,"featured_media":252101,"comment_status":"open","ping_status":"open","sticky":false,"template":"","format":"standard","meta":{"_acf_changed":false,"footnotes":""},"categories":[6769,6665,6155,5005,6202,349,220816],"tags":[1887,23764,3967,863,5622],"class_list":["post-252100","post","type-post","status-publish","format-standard","has-post-thumbnail","hentry","category-asya","category-dunya","category-gundem","category-manset","category-politika","category-son-dakika","category-uzak-dogu","tag-abd","tag-birlesmis-milletler","tag-guney-kore","tag-japonya","tag-kuzey-kore"],"acf":[],"_links":{"self":[{"href":"https:\/\/www.nationalturk.com\/tr\/wp-json\/wp\/v2\/posts\/252100","targetHints":{"allow":["GET"]}}],"collection":[{"href":"https:\/\/www.nationalturk.com\/tr\/wp-json\/wp\/v2\/posts"}],"about":[{"href":"https:\/\/www.nationalturk.com\/tr\/wp-json\/wp\/v2\/types\/post"}],"author":[{"embeddable":true,"href":"https:\/\/www.nationalturk.com\/tr\/wp-json\/wp\/v2\/users\/4"}],"replies":[{"embeddable":true,"href":"https:\/\/www.nationalturk.com\/tr\/wp-json\/wp\/v2\/comments?post=252100"}],"version-history":[{"count":0,"href":"https:\/\/www.nationalturk.com\/tr\/wp-json\/wp\/v2\/posts\/252100\/revisions"}],"wp:featuredmedia":[{"embeddable":true,"href":"https:\/\/www.nationalturk.com\/tr\/wp-json\/wp\/v2\/media\/252101"}],"wp:attachment":[{"href":"https:\/\/www.nationalturk.com\/tr\/wp-json\/wp\/v2\/media?parent=252100"}],"wp:term":[{"taxonomy":"category","embeddable":true,"href":"https:\/\/www.nationalturk.com\/tr\/wp-json\/wp\/v2\/categories?post=252100"},{"taxonomy":"post_tag","embeddable":true,"href":"https:\/\/www.nationalturk.com\/tr\/wp-json\/wp\/v2\/tags?post=252100"}],"curies":[{"name":"wp","href":"https:\/\/api.w.org\/{rel}","templated":true}]}}