{"id":252218,"date":"2017-07-07T19:22:22","date_gmt":"2017-07-07T16:22:22","guid":{"rendered":"http:\/\/www.nationalturk.com\/?p=252218"},"modified":"2017-07-07T19:22:22","modified_gmt":"2017-07-07T16:22:22","slug":"halki-suriyeli-multecilere-karsi-kiskirtmaya-gozalti","status":"publish","type":"post","link":"https:\/\/www.nationalturk.com\/tr\/halki-suriyeli-multecilere-karsi-kiskirtmaya-gozalti\/","title":{"rendered":"&#8220;Halk\u0131 Suriyeli m\u00fcltecilere kar\u015f\u0131 k\u0131\u015fk\u0131rtma&#8221;ya g\u00f6zalt\u0131"},"content":{"rendered":"<h2>Eski\u015fehir&#8217;de, sosyal medya \u00fczerinden halk\u0131 Suriyeli m\u00fcltecilere kar\u015f\u0131 k\u0131\u015fk\u0131rt\u0131p, kanunsuz eyleme davet etti\u011fi \u00f6ne s\u00fcr\u00fclen \u015f\u00fcpheli, g\u00f6zalt\u0131na al\u0131nd\u0131.<\/h2>\n<p>Al\u0131nan bilgiye g\u00f6re, \u0130l Emniyet M\u00fcd\u00fcrl\u00fc\u011f\u00fc Siber Su\u00e7larla M\u00fccadele \u015eubesi ekipleri, sosyal medya \u00fczerinden Suriyeli m\u00fcltecilere kar\u015f\u0131 k\u0131\u015fk\u0131rt\u0131c\u0131 ve nefret s\u00f6ylemi i\u00e7eren payla\u015f\u0131mlar yaparak vatanda\u015flar\u0131 kanunsuz eyleme davet etti\u011fi ileri s\u00fcr\u00fclen ki\u015finin Y.Y&#8217;yi oldu\u011funu belirledi.<\/p>\n<p>Cumhuriyet Savc\u0131s\u0131n\u0131n talimat\u0131yla g\u00f6zalt\u0131na al\u0131nan Y.Y, emniyetteki ifadesinin ard\u0131ndan adliyeye sevk edildi.<\/p>\n<p>Zanl\u0131, \u00e7\u0131kar\u0131ld\u0131\u011f\u0131 2. Sulh Ceza Hakimli\u011fince yurt d\u0131\u015f\u0131na \u00e7\u0131k\u0131\u015f yasa\u011f\u0131 konularak, adli kontrol \u015fart\u0131yla serbest b\u0131rak\u0131ld\u0131.<\/p>\n<p>\u00d6te yandan, bahse konu etkinlik sayfas\u0131nda su\u00e7 unsuru payla\u015f\u0131m yapan 7 ki\u015fi hakk\u0131nda da yasal i\u015flem ba\u015flat\u0131ld\u0131\u011f\u0131 \u00f6\u011frenildi.<\/p>\n<!-- Error, Advert is not available at this time due to schedule\/geolocation restrictions! -->\n","protected":false},"excerpt":{"rendered":"<p>Eski\u015fehir&#8217;de, sosyal medya \u00fczerinden halk\u0131 Suriyeli m\u00fcltecilere kar\u015f\u0131 k\u0131\u015fk\u0131rt\u0131p, kanunsuz eyleme davet etti\u011fi \u00f6ne s\u00fcr\u00fclen \u015f\u00fcpheli, g\u00f6zalt\u0131na al\u0131nd\u0131. Al\u0131nan bilgiye g\u00f6re, \u0130l Emniyet M\u00fcd\u00fcrl\u00fc\u011f\u00fc Siber Su\u00e7larla M\u00fccadele \u015eubesi ekipleri, sosyal medya \u00fczerinden Suriyeli m\u00fcltecilere kar\u015f\u0131 k\u0131\u015fk\u0131rt\u0131c\u0131 ve nefret s\u00f6ylemi i\u00e7eren payla\u015f\u0131mlar yaparak vatanda\u015flar\u0131 kanunsuz eyleme davet etti\u011fi ileri s\u00fcr\u00fclen ki\u015finin Y.Y&#8217;yi oldu\u011funu belirledi. Cumhuriyet Savc\u0131s\u0131n\u0131n &hellip;<\/p>\n","protected":false},"author":4,"featured_media":252219,"comment_status":"open","ping_status":"open","sticky":false,"template":"","format":"standard","meta":{"_acf_changed":false,"footnotes":""},"categories":[6155,5005,349],"tags":[8985,61671,806,195011],"class_list":["post-252218","post","type-post","status-publish","format-standard","has-post-thumbnail","hentry","category-gundem","category-manset","category-son-dakika","tag-eskisehir","tag-sosyal-medya","tag-suriye","tag-suriyeli-multeciler"],"acf":[],"_links":{"self":[{"href":"https:\/\/www.nationalturk.com\/tr\/wp-json\/wp\/v2\/posts\/252218","targetHints":{"allow":["GET"]}}],"collection":[{"href":"https:\/\/www.nationalturk.com\/tr\/wp-json\/wp\/v2\/posts"}],"about":[{"href":"https:\/\/www.nationalturk.com\/tr\/wp-json\/wp\/v2\/types\/post"}],"author":[{"embeddable":true,"href":"https:\/\/www.nationalturk.com\/tr\/wp-json\/wp\/v2\/users\/4"}],"replies":[{"embeddable":true,"href":"https:\/\/www.nationalturk.com\/tr\/wp-json\/wp\/v2\/comments?post=252218"}],"version-history":[{"count":0,"href":"https:\/\/www.nationalturk.com\/tr\/wp-json\/wp\/v2\/posts\/252218\/revisions"}],"wp:featuredmedia":[{"embeddable":true,"href":"https:\/\/www.nationalturk.com\/tr\/wp-json\/wp\/v2\/media\/252219"}],"wp:attachment":[{"href":"https:\/\/www.nationalturk.com\/tr\/wp-json\/wp\/v2\/media?parent=252218"}],"wp:term":[{"taxonomy":"category","embeddable":true,"href":"https:\/\/www.nationalturk.com\/tr\/wp-json\/wp\/v2\/categories?post=252218"},{"taxonomy":"post_tag","embeddable":true,"href":"https:\/\/www.nationalturk.com\/tr\/wp-json\/wp\/v2\/tags?post=252218"}],"curies":[{"name":"wp","href":"https:\/\/api.w.org\/{rel}","templated":true}]}}