{"id":252253,"date":"2017-07-10T09:40:22","date_gmt":"2017-07-10T06:40:22","guid":{"rendered":"http:\/\/www.nationalturk.com\/?p=252253"},"modified":"2017-07-10T09:40:22","modified_gmt":"2017-07-10T06:40:22","slug":"mete-kalkavana-2-on-eleme-turunda-gorev","status":"publish","type":"post","link":"https:\/\/www.nationalturk.com\/tr\/mete-kalkavana-2-on-eleme-turunda-gorev\/","title":{"rendered":"Mete Kalkavan&#8217;a 2. \u00f6n eleme turunda g\u00f6rev"},"content":{"rendered":"<h2>UEFA, FIFA kokartl\u0131 T\u00fcrk hakem Mete Kalkavan&#8217;\u0131, UEFA \u015eampiyonlar Ligi 2. \u00f6n eleme turunda g\u00f6revlendirdi.<\/h2>\n<p>T\u00fcrkiye Futbol Federasyonundan yap\u0131lan a\u00e7\u0131klamada, Mete Kalkavan&#8217;\u0131n, yar\u0131n Azerbaycan&#8217;\u0131n Karaba\u011f ile G\u00fcrcistan&#8217;\u0131n Samtredia tak\u0131mlar\u0131 aras\u0131nda oynanacak UEFA \u015eampiyonlar Ligi 2. \u00f6n eleme turu ma\u00e7\u0131nda d\u00fcd\u00fck \u00e7alaca\u011f\u0131 belirtildi.<\/p>\n<p>Azerbaycan&#8217;\u0131n ba\u015fkenti Bak\u00fc&#8217;deki Tevfik Behramov Stad\u0131&#8217;nda oynanacak kar\u015f\u0131la\u015fmada Kalkavan&#8217;\u0131n yard\u0131mc\u0131l\u0131klar\u0131n\u0131, Esat Sancaktar ve Erdem Bay\u0131k&#8217;\u0131n yapaca\u011f\u0131, m\u00fcsabakan\u0131n d\u00f6rd\u00fcnc\u00fc hakeminin ise Halil Umut Meler olaca\u011f\u0131 aktar\u0131ld\u0131.<\/p>\n<!-- Error, Advert is not available at this time due to schedule\/geolocation restrictions! -->\n","protected":false},"excerpt":{"rendered":"<p>UEFA, FIFA kokartl\u0131 T\u00fcrk hakem Mete Kalkavan&#8217;\u0131, UEFA \u015eampiyonlar Ligi 2. \u00f6n eleme turunda g\u00f6revlendirdi. T\u00fcrkiye Futbol Federasyonundan yap\u0131lan a\u00e7\u0131klamada, Mete Kalkavan&#8217;\u0131n, yar\u0131n Azerbaycan&#8217;\u0131n Karaba\u011f ile G\u00fcrcistan&#8217;\u0131n Samtredia tak\u0131mlar\u0131 aras\u0131nda oynanacak UEFA \u015eampiyonlar Ligi 2. \u00f6n eleme turu ma\u00e7\u0131nda d\u00fcd\u00fck \u00e7alaca\u011f\u0131 belirtildi. Azerbaycan&#8217;\u0131n ba\u015fkenti Bak\u00fc&#8217;deki Tevfik Behramov Stad\u0131&#8217;nda oynanacak kar\u015f\u0131la\u015fmada Kalkavan&#8217;\u0131n yard\u0131mc\u0131l\u0131klar\u0131n\u0131, Esat Sancaktar ve &hellip;<\/p>\n","protected":false},"author":4,"featured_media":252254,"comment_status":"open","ping_status":"open","sticky":false,"template":"","format":"standard","meta":{"_acf_changed":false,"footnotes":""},"categories":[6774,349,6194],"tags":[1958,3509,34577,847],"class_list":["post-252253","post","type-post","status-publish","format-standard","has-post-thumbnail","hentry","category-futbol","category-son-dakika","category-spor","tag-azerbaycan","tag-karabag","tag-mete-kalkavan","tag-uefa"],"acf":[],"_links":{"self":[{"href":"https:\/\/www.nationalturk.com\/tr\/wp-json\/wp\/v2\/posts\/252253","targetHints":{"allow":["GET"]}}],"collection":[{"href":"https:\/\/www.nationalturk.com\/tr\/wp-json\/wp\/v2\/posts"}],"about":[{"href":"https:\/\/www.nationalturk.com\/tr\/wp-json\/wp\/v2\/types\/post"}],"author":[{"embeddable":true,"href":"https:\/\/www.nationalturk.com\/tr\/wp-json\/wp\/v2\/users\/4"}],"replies":[{"embeddable":true,"href":"https:\/\/www.nationalturk.com\/tr\/wp-json\/wp\/v2\/comments?post=252253"}],"version-history":[{"count":0,"href":"https:\/\/www.nationalturk.com\/tr\/wp-json\/wp\/v2\/posts\/252253\/revisions"}],"wp:featuredmedia":[{"embeddable":true,"href":"https:\/\/www.nationalturk.com\/tr\/wp-json\/wp\/v2\/media\/252254"}],"wp:attachment":[{"href":"https:\/\/www.nationalturk.com\/tr\/wp-json\/wp\/v2\/media?parent=252253"}],"wp:term":[{"taxonomy":"category","embeddable":true,"href":"https:\/\/www.nationalturk.com\/tr\/wp-json\/wp\/v2\/categories?post=252253"},{"taxonomy":"post_tag","embeddable":true,"href":"https:\/\/www.nationalturk.com\/tr\/wp-json\/wp\/v2\/tags?post=252253"}],"curies":[{"name":"wp","href":"https:\/\/api.w.org\/{rel}","templated":true}]}}