{"id":252867,"date":"2017-07-25T14:18:08","date_gmt":"2017-07-25T11:18:08","guid":{"rendered":"http:\/\/www.nationalturk.com\/?p=252867"},"modified":"2017-07-25T14:18:08","modified_gmt":"2017-07-25T11:18:08","slug":"abdnin-etkisiyle-kubali-ogrencilere-yasak-koyan-ingiliz-universitesine-tepkiler-buyuyor","status":"publish","type":"post","link":"https:\/\/www.nationalturk.com\/tr\/abdnin-etkisiyle-kubali-ogrencilere-yasak-koyan-ingiliz-universitesine-tepkiler-buyuyor\/","title":{"rendered":"ABD&#8217;nin etkisiyle K\u00fcbal\u0131 \u00f6\u011frencilere yasak koyan \u0130ngiliz \u00fcniversitesine tepkiler b\u00fcy\u00fcyor"},"content":{"rendered":"<h2>D\u00fcnya genelinde yakla\u015f\u0131k 250 bin \u00f6\u011frenciye uzaktan e\u011fitim veren \u0130ngiliz The Open University&#8217;nin ABD&#8217;nin etkisiyle K\u00fcbal\u0131 \u00f6\u011frencilere yasak koymas\u0131 \u0130ngiltere&#8217;de \u00e7e\u015fitli protesto eylemlerine sahne oldu.<\/h2>\n<p>\u0130ngiliz The Open University (OU) 50 bini deniz a\u015f\u0131r\u0131 \u00fclkelerden olmak \u00fczere yakla\u015f\u0131k 250 bin \u00f6\u011frencinin bulundu\u011fu Avrupa&#8217;daki en b\u00fcy\u00fck \u00fcniversitelerden biri.\u00a0K\u00fcresel olarak ilk 500&#8217;e giren \u00fcniversite, K\u00fcbal\u0131 \u00f6\u011frencilere getirilen yasakla ilgili olarak &#8220;hem mevzuatla hem de kendisinin ve \u00e7al\u0131\u015fanlar\u0131n\u0131n korunmas\u0131 i\u00e7in gerekli tedbirleri ald\u0131klar\u0131n\u0131&#8221; iddia ediyor.<\/p>\n<p>Bu arada, OU, Birle\u015fik Devletler E\u011fitim Sekreteri ve Y\u00fcksek \u00d6\u011frenim Akreditasyonu Konseyi taraf\u0131ndan tan\u0131nan, Orta Amerika Birle\u015fik Devletleri Y\u00fcksek \u00d6\u011frenim Komisyonu taraf\u0131ndan kurumsal akredite edilen \u00fc\u00e7 \u0130ngiliz \u00fcniversitesinden biri.<\/p>\n<p>\u0130ngiltere&#8217;de \u00f6\u011frencilerin uyru\u011funa dayal\u0131 olarak ayr\u0131mc\u0131l\u0131k yap\u0131lmas\u0131 kanunlarla yasakken OU&#8217;nun ABD&#8217;nin abluka yasalar\u0131yla hareket ederek \u00f6\u011frencileri s\u0131rf \u00fclkeleri nedeniyle yasaklamas\u0131, \u00fclke yasalar\u0131na ayk\u0131r\u0131l\u0131k olarak g\u00f6r\u00fcl\u00fcyor.<\/p>\n<p>K\u00fcba Dayan\u0131\u015fma olu\u015fumu da \u0130ngiliz Parlamentosu&#8217;nu &#8220;bu ayr\u0131mc\u0131 ve yasad\u0131\u015f\u0131 politikay\u0131 sona erdirmek i\u00e7in acilen m\u00fcdahale etmeye&#8221; \u00e7a\u011f\u0131rd\u0131. K\u00fcba Dayan\u0131\u015fmas\u0131 direkt\u00f6r\u00fc Rob Miller, &#8220;T\u00fcm \u0130ngilizlere, OU&#8217;nun yapt\u0131\u011f\u0131 gibi yaln\u0131zca ABD yasalar\u0131na uymak istediklerini s\u00f6ylemek bir hakarettir. Onlar\u0131n hareketi ve gerek\u00e7esi, K\u00fcba halk\u0131n\u0131 cezaland\u0131r\u0131yor ve \u0130ngiliz yasalar\u0131n\u0131n egemenli\u011fini baltal\u0131yor&#8221; ifadelerini kulland\u0131.<\/p>\n<p>\u0130\u015f\u00e7i Partisi lideri Jeremy Corbyn de ayr\u0131mc\u0131l\u0131\u011fa kar\u015f\u0131 ba\u015flatt\u0131\u011f\u0131 kampanyada binden fazla imza toplad\u0131.<\/p>\n<p>ABD&#8217;nin K\u00fcba ablukas\u0131n\u0131 bu \u015fekilde desteklemekle su\u00e7lanan Open University&#8217;nin hareketi, \u0130ngiliz h\u00fck\u00fcmetinin &#8220;Birle\u015fik Krall\u0131k-K\u00fcba e\u011fitim ba\u011flant\u0131lar\u0131n\u0131 g\u00fc\u00e7lendirme&#8221; politikas\u0131na da tezat bir durum olu\u015fturuyor.<\/p>\n<p>Miller, &#8220;K\u00fcba \u00f6\u011frencileri, di\u011fer bir\u00e7ok \u0130ngiliz \u00fcniversitesinde e\u011fitim g\u00f6rebilirler. Bu haks\u0131z, ayr\u0131mc\u0131 ve k\u00f6t\u00fc politikay\u0131 ortaya koyarak OU, &#8220;herkese a\u00e7\u0131k&#8221; iddias\u0131n\u0131 alay ediyor. &#8221;<\/p>\n<p>Sadece birka\u00e7 g\u00fcn \u00f6nce, 17 farkl\u0131 \u00fclkeden \u00f6\u011frenciler K\u00fcba&#8217;daki Uluslararas\u0131 Film ve Televizyon Okulu&#8217;ndan mezun oldu. Sinema, 1986&#8217;da Gabriel Garcia Marquez taraf\u0131ndan kuruldu ve 22 Temmuz&#8217;da mezuniyet, \u0130spanya, \u0130talya ve Danimarka olmak \u00fczere \u00fc\u00e7 Avrupa \u00fclkesinden \u00f6\u011frenci g\u00f6ren 25. oldu. Bir\u00e7ok ABD vatanda\u015f\u0131, ambargo yoluyla ABD&#8217;nin sald\u0131r\u0131s\u0131na ra\u011fmen, \u00f6zellikle de t\u0131p alan\u0131nda K\u00fcba&#8217;n\u0131n m\u00fckemmel e\u011fitim sisteminden yararlanmaktad\u0131r.<\/p>\n<!-- Error, Advert is not available at this time due to schedule\/geolocation restrictions! -->\n","protected":false},"excerpt":{"rendered":"<p>D\u00fcnya genelinde yakla\u015f\u0131k 250 bin \u00f6\u011frenciye uzaktan e\u011fitim veren \u0130ngiliz The Open University&#8217;nin ABD&#8217;nin etkisiyle K\u00fcbal\u0131 \u00f6\u011frencilere yasak koymas\u0131 \u0130ngiltere&#8217;de \u00e7e\u015fitli protesto eylemlerine sahne oldu. \u0130ngiliz The Open University (OU) 50 bini deniz a\u015f\u0131r\u0131 \u00fclkelerden olmak \u00fczere yakla\u015f\u0131k 250 bin \u00f6\u011frencinin bulundu\u011fu Avrupa&#8217;daki en b\u00fcy\u00fck \u00fcniversitelerden biri.\u00a0K\u00fcresel olarak ilk 500&#8217;e giren \u00fcniversite, K\u00fcbal\u0131 \u00f6\u011frencilere getirilen &hellip;<\/p>\n","protected":false},"author":4,"featured_media":252868,"comment_status":"open","ping_status":"open","sticky":false,"template":"","format":"standard","meta":{"_acf_changed":false,"footnotes":""},"categories":[6663,6155,5005,772],"tags":[1887,6552,1874,136765,14],"class_list":["post-252867","post","type-post","status-publish","format-standard","has-post-thumbnail","hentry","category-egitim","category-gundem","category-manset","category-sadece-nationalturk-de","tag-abd","tag-abd-kuba","tag-ingiltere","tag-jeremy-corbyn","tag-kuba"],"acf":[],"_links":{"self":[{"href":"https:\/\/www.nationalturk.com\/tr\/wp-json\/wp\/v2\/posts\/252867","targetHints":{"allow":["GET"]}}],"collection":[{"href":"https:\/\/www.nationalturk.com\/tr\/wp-json\/wp\/v2\/posts"}],"about":[{"href":"https:\/\/www.nationalturk.com\/tr\/wp-json\/wp\/v2\/types\/post"}],"author":[{"embeddable":true,"href":"https:\/\/www.nationalturk.com\/tr\/wp-json\/wp\/v2\/users\/4"}],"replies":[{"embeddable":true,"href":"https:\/\/www.nationalturk.com\/tr\/wp-json\/wp\/v2\/comments?post=252867"}],"version-history":[{"count":0,"href":"https:\/\/www.nationalturk.com\/tr\/wp-json\/wp\/v2\/posts\/252867\/revisions"}],"wp:featuredmedia":[{"embeddable":true,"href":"https:\/\/www.nationalturk.com\/tr\/wp-json\/wp\/v2\/media\/252868"}],"wp:attachment":[{"href":"https:\/\/www.nationalturk.com\/tr\/wp-json\/wp\/v2\/media?parent=252867"}],"wp:term":[{"taxonomy":"category","embeddable":true,"href":"https:\/\/www.nationalturk.com\/tr\/wp-json\/wp\/v2\/categories?post=252867"},{"taxonomy":"post_tag","embeddable":true,"href":"https:\/\/www.nationalturk.com\/tr\/wp-json\/wp\/v2\/tags?post=252867"}],"curies":[{"name":"wp","href":"https:\/\/api.w.org\/{rel}","templated":true}]}}