{"id":252972,"date":"2017-07-27T16:15:35","date_gmt":"2017-07-27T13:15:35","guid":{"rendered":"http:\/\/www.nationalturk.com\/?p=252972"},"modified":"2017-07-27T16:15:35","modified_gmt":"2017-07-27T13:15:35","slug":"edirnedeki-doluya-mercedes-bile-dayanamadi","status":"publish","type":"post","link":"https:\/\/www.nationalturk.com\/tr\/edirnedeki-doluya-mercedes-bile-dayanamadi\/","title":{"rendered":"Edirne&#8217;deki doluya Mercedes bile dayanamad\u0131"},"content":{"rendered":"<h2>Edirne&#8217;de sa\u011fanak ve dolu nedeniyle ara\u00e7larda hasar olu\u015ftu, ekili alanlardaki tar\u0131m \u00fcr\u00fcnleri zarar g\u00f6rd\u00fc.<\/h2>\n<p>Kentte aniden bast\u0131ran sa\u011fanak ve dolu ya\u015fam\u0131 olumsuz etkiledi. Kap\u0131kule S\u0131n\u0131r Kap\u0131s\u0131 mevkisinde etkili olan ya\u011f\u0131\u015f baz\u0131 otomobil ve t\u0131rlar\u0131n camlar\u0131n\u0131n k\u0131r\u0131lmas\u0131na neden oldu.<\/p>\n<p>Baz\u0131 b\u00f6lgelerde yakla\u015f\u0131k yumurta b\u00fcy\u00fckl\u00fc\u011f\u00fcne yak\u0131n oldu\u011fu g\u00f6r\u00fclen dolu ara\u00e7lar\u0131n kaportalar\u0131na da ciddi hasar verdi.<\/p>\n<p>S\u0131n\u0131r kap\u0131s\u0131 yolu \u00fczerindeki ay\u00e7i\u00e7e\u011fi ve m\u0131s\u0131r tarlalar\u0131nda da zarar olu\u015ftu.<\/p>\n<p><img loading=\"lazy\" decoding=\"async\" class=\"alignnone size-full wp-image-252974\" src=\"http:\/\/www.nationalturk.com\/tr\/wp-content\/uploads\/2017\/07\/dolu.jpg\" alt=\"\" width=\"864\" height=\"486\" title=\"\" srcset=\"https:\/\/www.nationalturk.com\/tr\/wp-content\/uploads\/2017\/07\/dolu.jpg 864w, https:\/\/www.nationalturk.com\/tr\/wp-content\/uploads\/2017\/07\/dolu-800x450.jpg 800w\" sizes=\"auto, (max-width: 864px) 100vw, 864px\" \/><\/p>\n<p>Kahramanmara\u015f&#8217;tan Almanya&#8217;ya ailesiyle d\u00f6nen Ali K\u00fcpeli K\u0131l\u0131n\u00e7, gazetecilere yapt\u0131\u011f\u0131 a\u00e7\u0131klamada, s\u0131n\u0131r kap\u0131s\u0131na yakla\u015ft\u0131\u011f\u0131 s\u0131rada dolu ya\u011f\u0131\u015f\u0131n\u0131n ba\u015flad\u0131\u011f\u0131n\u0131 s\u00f6yledi. Otomobilinin cam\u0131n\u0131n k\u0131r\u0131ld\u0131\u011f\u0131n\u0131 ve kaportas\u0131nda ciddi hasar meydana geldi\u011fini anlatan K\u0131l\u0131n\u00e7, &#8220;Cam takt\u0131rd\u0131ktan sonra yolumuza devam edece\u011fiz. \u00c7ocuklar\u0131m arabada \u00e7ok korktu.&#8221; diye konu\u015ftu.<\/p>\n<p>T\u0131r \u015fof\u00f6r\u00fc Hakan Ersava\u015f da havan\u0131n birden kararmas\u0131yla ya\u011fmurla birlikte dolu ya\u011f\u0131\u015f\u0131n\u0131n ba\u015flad\u0131\u011f\u0131n\u0131 ifade etti.<\/p>\n<p>T\u0131r\u0131n i\u00e7erisinde dolunun dinmesini bekledi\u011fini dile getiren Ersava\u015f, t\u0131r\u0131n cam\u0131, r\u00fczgarl\u0131\u011f\u0131 ve aynas\u0131n\u0131n k\u0131r\u0131ld\u0131\u011f\u0131n\u0131 kaydetti.<\/p>\n<p>T\u0131r \u015fof\u00f6r\u00fc Abdullah Abdullah ise t\u0131r\u0131n dorsesindeki s\u0131f\u0131r ara\u00e7lar\u0131n doludan zarar g\u00f6rd\u00fc\u011f\u00fcn\u00fc aktard\u0131. Korktu\u011funu anlatan Abdullah, &#8220;Ara\u00e7lar\u0131n kaportas\u0131 hep ezildi. Sigorta kar\u015f\u0131larsa yap\u0131lacak.&#8221; dedi.<\/p>\n<!-- Error, Advert is not available at this time due to schedule\/geolocation restrictions! -->\n","protected":false},"excerpt":{"rendered":"<p>Edirne&#8217;de sa\u011fanak ve dolu nedeniyle ara\u00e7larda hasar olu\u015ftu, ekili alanlardaki tar\u0131m \u00fcr\u00fcnleri zarar g\u00f6rd\u00fc. Kentte aniden bast\u0131ran sa\u011fanak ve dolu ya\u015fam\u0131 olumsuz etkiledi. Kap\u0131kule S\u0131n\u0131r Kap\u0131s\u0131 mevkisinde etkili olan ya\u011f\u0131\u015f baz\u0131 otomobil ve t\u0131rlar\u0131n camlar\u0131n\u0131n k\u0131r\u0131lmas\u0131na neden oldu. Baz\u0131 b\u00f6lgelerde yakla\u015f\u0131k yumurta b\u00fcy\u00fckl\u00fc\u011f\u00fcne yak\u0131n oldu\u011fu g\u00f6r\u00fclen dolu ara\u00e7lar\u0131n kaportalar\u0131na da ciddi hasar verdi. S\u0131n\u0131r kap\u0131s\u0131 &hellip;<\/p>\n","protected":false},"author":4,"featured_media":252973,"comment_status":"open","ping_status":"open","sticky":false,"template":"","format":"standard","meta":{"_acf_changed":false,"footnotes":""},"categories":[6155,5005,349,6805],"tags":[207244,2812,8010],"class_list":["post-252972","post","type-post","status-publish","format-standard","has-post-thumbnail","hentry","category-gundem","category-manset","category-son-dakika","category-turkiye","tag-dolu","tag-edirne","tag-mercedes"],"acf":[],"_links":{"self":[{"href":"https:\/\/www.nationalturk.com\/tr\/wp-json\/wp\/v2\/posts\/252972","targetHints":{"allow":["GET"]}}],"collection":[{"href":"https:\/\/www.nationalturk.com\/tr\/wp-json\/wp\/v2\/posts"}],"about":[{"href":"https:\/\/www.nationalturk.com\/tr\/wp-json\/wp\/v2\/types\/post"}],"author":[{"embeddable":true,"href":"https:\/\/www.nationalturk.com\/tr\/wp-json\/wp\/v2\/users\/4"}],"replies":[{"embeddable":true,"href":"https:\/\/www.nationalturk.com\/tr\/wp-json\/wp\/v2\/comments?post=252972"}],"version-history":[{"count":0,"href":"https:\/\/www.nationalturk.com\/tr\/wp-json\/wp\/v2\/posts\/252972\/revisions"}],"wp:featuredmedia":[{"embeddable":true,"href":"https:\/\/www.nationalturk.com\/tr\/wp-json\/wp\/v2\/media\/252973"}],"wp:attachment":[{"href":"https:\/\/www.nationalturk.com\/tr\/wp-json\/wp\/v2\/media?parent=252972"}],"wp:term":[{"taxonomy":"category","embeddable":true,"href":"https:\/\/www.nationalturk.com\/tr\/wp-json\/wp\/v2\/categories?post=252972"},{"taxonomy":"post_tag","embeddable":true,"href":"https:\/\/www.nationalturk.com\/tr\/wp-json\/wp\/v2\/tags?post=252972"}],"curies":[{"name":"wp","href":"https:\/\/api.w.org\/{rel}","templated":true}]}}