{"id":253001,"date":"2017-07-28T11:31:12","date_gmt":"2017-07-28T08:31:12","guid":{"rendered":"http:\/\/www.nationalturk.com\/?p=253001"},"modified":"2017-07-28T11:31:12","modified_gmt":"2017-07-28T08:31:12","slug":"meteorolojiden-istanbulun-4-ilcesine-uyari","status":"publish","type":"post","link":"https:\/\/www.nationalturk.com\/tr\/meteorolojiden-istanbulun-4-ilcesine-uyari\/","title":{"rendered":"Meteoroloji&#8217;den \u0130stanbul&#8217;un 4 il\u00e7esine uyar\u0131"},"content":{"rendered":"<h2>Ya\u011f\u0131\u015fl\u0131 havan\u0131n ak\u015fam saatlerine kadar sa\u011fanak ve yer yer k\u0131sa s\u00fcreli kuvvetli sa\u011fanak ya\u011f\u0131\u015f \u015feklinde etkili olmas\u0131, ard\u0131ndan \u0130stanbul&#8217;u terk etmesi bekleniyor. AKOM, Kartal, Pendik, Adalar ve Tuzla i\u00e7in kuvvetli ya\u011f\u0131\u015f uyar\u0131s\u0131 yapt\u0131.<\/h2>\n<p>\u0130stanbul&#8217;da d\u00fcn ak\u015fam saatlerinde ba\u015flayan \u015fiddetli ya\u011f\u0131\u015f, f\u0131rt\u0131na ile etkisini art\u0131rd\u0131. Dolu ya\u011f\u0131\u015f\u0131n\u0131n da g\u00f6r\u00fcld\u00fc\u011f\u00fc \u0130stanbul&#8217;da, bir\u00e7ok b\u00f6lgede ev ve i\u015f yerlerini su bast\u0131. Ya\u011f\u0131\u015f\u0131n \u015fiddetini art\u0131rd\u0131\u011f\u0131 s\u0131ralarda d\u0131\u015far\u0131da olan pek \u00e7ok yolcu ve s\u00fcr\u00fcc\u00fc ise ma\u011fdur oldu.<\/p>\n<p>Habert\u00fcrk Meteoroloji M\u00fchendisi H\u00fcseyin \u00d6ztel, yapt\u0131\u011f\u0131 a\u00e7\u0131klamada &#8220;\u015eu anda f\u0131rt\u0131na Bat\u0131 Karadeniz&#8217;e gidiyor. Bolu ve Bilecik \u00e7evresinde daha etkili olacak. \u0130stanbul&#8217;da ya\u011f\u0131\u015f sona eriyor, haftasonu yaz havas\u0131 geri geliyor, g\u00fcne\u015fli iki g\u00fcn bizi bekliyor.&#8221; dedi.<\/p>\n<p>Meteoroloji&#8217;den yap\u0131lan uyar\u0131da, &#8220;\u0130stanbul \u015eile, Tuzla, Sultanbeyli, Pendik ve \u00e7evreleri ile Kocaeli&#8217;nin Gebze Dilovas\u0131, K\u00f6rfez il\u00e7eleri ve \u00e7evrelerinde g\u00f6k g\u00fcr\u00fclt\u00fcl\u00fc sa\u011fanak ya\u011f\u0131\u015flar\u0131n kuvvetli olmas\u0131 beklendi\u011finden olu\u015fabilecek olumsuzluklara kar\u015f\u0131 dikkatli ve tedbirli olunmas\u0131 gerekmektedir&#8221; denildi.<\/p>\n<p>Yap\u0131lan son de\u011ferlendirmelere g\u00f6re, yurdun kuzey, i\u00e7 ve bat\u0131 kesimlerinin par\u00e7al\u0131 yer yer \u00e7ok bulutlu, Marmara&#8217;n\u0131n g\u00fcney ve do\u011fusu, Kuzey ve \u0130\u00e7 Ege, \u0130\u00e7 Anadolu&#8217;nun kuzeybat\u0131s\u0131, Bat\u0131 ve Do\u011fu Karadeniz ile K\u0131rklareli, Tekirda\u011f, Ayd\u0131n ve \u00c7orum \u00e7evrelerinin yerel olmak \u00fczere sa\u011fanak ve g\u00f6k g\u00fcr\u00fclt\u00fcl\u00fc sa\u011fanak ya\u011f\u0131\u015fl\u0131, di\u011fer yerlerin az bulutlu ge\u00e7ece\u011fi tahmin ediliyor. Ya\u011f\u0131\u015flar\u0131n; \u00f6\u011fle saatlerine kadar Bal\u0131kesir, Bursa, Kocaeli, Sakarya ve Yalova \u00e7evrelerinde yerel olmak \u00fczere kuvvetli (metrekareye 21-50 kg) olmas\u0131 bekleniyor.<\/p>\n<p>Meteoroloji Genel M\u00fcd\u00fcrl\u00fc\u011f\u00fc&#8217;nden al\u0131nan tahminlere g\u00f6re, hava s\u0131cakl\u0131\u011f\u0131n\u0131n kuzey, i\u00e7 ve bat\u0131 kesimlerde hissedilir derecede (4 ila 10 derece) azalaca\u011f\u0131, di\u011fer yerlerde de\u011fi\u015fmeyece\u011fi tahmin ediliyor.<\/p>\n<p>R\u00fczgar\u0131n ise genellikle g\u00fcney ve g\u00fcneybat\u0131, Orta Karadeniz K\u0131y\u0131lar\u0131 ile zamanla i\u00e7 ve bat\u0131 kesimlerde kuzey ve kuzeybat\u0131 y\u00f6nlerden hafif ara s\u0131ra orta kuvvette, Bat\u0131 ve Orta Karadeniz k\u0131y\u0131lar\u0131 ile \u0130\u00e7 Anadolu&#8217;nun kuzeybat\u0131s\u0131nda yer yer kuvvetli (30-60 km\/sa) olarak esece\u011fi tahmin ediliyor.<\/p>\n<!-- Error, Advert is not available at this time due to schedule\/geolocation restrictions! -->\n","protected":false},"excerpt":{"rendered":"<p>Ya\u011f\u0131\u015fl\u0131 havan\u0131n ak\u015fam saatlerine kadar sa\u011fanak ve yer yer k\u0131sa s\u00fcreli kuvvetli sa\u011fanak ya\u011f\u0131\u015f \u015feklinde etkili olmas\u0131, ard\u0131ndan \u0130stanbul&#8217;u terk etmesi bekleniyor. AKOM, Kartal, Pendik, Adalar ve Tuzla i\u00e7in kuvvetli ya\u011f\u0131\u015f uyar\u0131s\u0131 yapt\u0131. \u0130stanbul&#8217;da d\u00fcn ak\u015fam saatlerinde ba\u015flayan \u015fiddetli ya\u011f\u0131\u015f, f\u0131rt\u0131na ile etkisini art\u0131rd\u0131. Dolu ya\u011f\u0131\u015f\u0131n\u0131n da g\u00f6r\u00fcld\u00fc\u011f\u00fc \u0130stanbul&#8217;da, bir\u00e7ok b\u00f6lgede ev ve i\u015f yerlerini &hellip;<\/p>\n","protected":false},"author":4,"featured_media":253002,"comment_status":"open","ping_status":"open","sticky":false,"template":"","format":"standard","meta":{"_acf_changed":false,"footnotes":""},"categories":[763],"tags":[72615,1011,8057,14896,8056,14750,58406],"class_list":["post-253001","post","type-post","status-publish","format-standard","has-post-thumbnail","hentry","category-gunun-olayi","tag-adalar","tag-istanbul","tag-kartal","tag-meteoroloji","tag-pendik","tag-tuzla","tag-yagmur"],"acf":[],"_links":{"self":[{"href":"https:\/\/www.nationalturk.com\/tr\/wp-json\/wp\/v2\/posts\/253001","targetHints":{"allow":["GET"]}}],"collection":[{"href":"https:\/\/www.nationalturk.com\/tr\/wp-json\/wp\/v2\/posts"}],"about":[{"href":"https:\/\/www.nationalturk.com\/tr\/wp-json\/wp\/v2\/types\/post"}],"author":[{"embeddable":true,"href":"https:\/\/www.nationalturk.com\/tr\/wp-json\/wp\/v2\/users\/4"}],"replies":[{"embeddable":true,"href":"https:\/\/www.nationalturk.com\/tr\/wp-json\/wp\/v2\/comments?post=253001"}],"version-history":[{"count":0,"href":"https:\/\/www.nationalturk.com\/tr\/wp-json\/wp\/v2\/posts\/253001\/revisions"}],"wp:featuredmedia":[{"embeddable":true,"href":"https:\/\/www.nationalturk.com\/tr\/wp-json\/wp\/v2\/media\/253002"}],"wp:attachment":[{"href":"https:\/\/www.nationalturk.com\/tr\/wp-json\/wp\/v2\/media?parent=253001"}],"wp:term":[{"taxonomy":"category","embeddable":true,"href":"https:\/\/www.nationalturk.com\/tr\/wp-json\/wp\/v2\/categories?post=253001"},{"taxonomy":"post_tag","embeddable":true,"href":"https:\/\/www.nationalturk.com\/tr\/wp-json\/wp\/v2\/tags?post=253001"}],"curies":[{"name":"wp","href":"https:\/\/api.w.org\/{rel}","templated":true}]}}