{"id":25311,"date":"2010-05-27T13:30:42","date_gmt":"2010-05-27T11:30:42","guid":{"rendered":"http:\/\/www.nationalturk.com\/?p=25311"},"modified":"2010-05-27T13:30:42","modified_gmt":"2010-05-27T11:30:42","slug":"istanbul-il-baskani-hidir-tanriverdi-7949202","status":"publish","type":"post","link":"https:\/\/www.nationalturk.com\/tr\/istanbul-il-baskani-hidir-tanriverdi-7949202\/","title":{"rendered":"CHP&#8217;de de\u011fi\u015fim devam ediyor! G\u00fcrsel Tekin&#8217;in yerine H\u0131d\u0131r Tanr\u0131verdi geliyor"},"content":{"rendered":"<h1><a href=\"http:\/\/www.nationalturk.com\/tr\/wp-content\/uploads\/2010\/05\/hidir-tanriverdi-nationalturk-01.jpg\"><img loading=\"lazy\" decoding=\"async\" class=\"alignleft size-large wp-image-25318\" title=\" H\u0131d\u0131r Tanr\u0131verdi \" src=\"http:\/\/www.nationalturk.com\/tr\/wp-content\/uploads\/2010\/05\/hidir-tanriverdi-nationalturk-01-260x400.jpg\" alt=\"\" width=\"260\" height=\"400\" srcset=\"https:\/\/www.nationalturk.com\/tr\/wp-content\/uploads\/2010\/05\/hidir-tanriverdi-nationalturk-01-260x400.jpg 260w, https:\/\/www.nationalturk.com\/tr\/wp-content\/uploads\/2010\/05\/hidir-tanriverdi-nationalturk-01-143x220.jpg 143w, https:\/\/www.nationalturk.com\/tr\/wp-content\/uploads\/2010\/05\/hidir-tanriverdi-nationalturk-01.jpg 468w\" sizes=\"auto, (max-width: 260px) 100vw, 260px\" \/><\/a>CHP&#8217;de \u0130stanbul \u0130l Ba\u015fkan\u0131 G\u00fcrsel Tekin&#8217;in yerine CHP \u015ei\u015fli \u0130l\u00e7e Ba\u015fkanl\u0131\u011f\u0131n\u0131 y\u00fcr\u00fcten Av.H\u0131d\u0131r Tanr\u0131verdi d\u00fc\u015f\u00fcn\u00fcl\u00fcyor!<\/h1>\n<p><strong>Ge\u00e7ti\u011fimiz hafta sonu ger\u00e7ekle\u015fen CHP Kurultay\u0131 \u00f6ncesi NationalTurk&#8217;\u00fcn T\u00fcrkiye&#8217;ye ilk kez duyurdu\u011fu\u00a0CHP Parti Meclisi (PM) i\u00e7in haz\u0131rlanan listeye kar\u015f\u0131 \u00e7\u0131kan CHP \u0130stanbul \u0130l Ba\u015fkan\u0131 \u00a0G\u00fcrsel Tekin&#8217;in yerine CHP \u015ei\u015fli \u0130l\u00e7e Ba\u015fkan\u0131 Av. H\u0131d\u0131r Tanr\u0131verdi&#8217;nin d\u00fc\u015f\u00fcn\u00fcld\u00fc\u011f\u00fc ve CHP&#8217; de de\u011fi\u015fimin se\u00e7im \u00f6ncesine kadar hararetle s\u00fcrece\u011fi \u00f6\u011frenildi.<\/strong><\/p>\n<p>Deniz Baykal&#8217;a yak\u0131nl\u0131\u011f\u0131yla da tan\u0131nan G\u00fcrsel Tekin&#8217;in yan\u0131 s\u0131ra bir \u00e7ok ismin de Ankara&#8217;ya\u00a0 pasif bir g\u00f6reve getirilecekleri al\u0131nan bilgiler aras\u0131nda.<\/p>\n<p>Hat\u0131rlanaca\u011f\u0131 \u00fczere NationalTurk\u2019\u00fcn T\u00fcrkiye\u2019ye ilk kez duyurdu\u011fu\u00a0ve CHP\u2019de ya\u015fanan b\u00fcy\u00fck krizi\u00a0 kurultay g\u00fcn\u00fc Ali Topuz do\u011frulam\u0131\u015f ve G\u00fcrsel Tekin ile ilgili oldu\u011fu san\u0131lan \u015fu s\u00f6zleri\u00a0s\u00f6ylemi\u015fti;<\/p>\n<p>&#8220;Say\u0131n K\u0131l\u0131\u00e7daro\u011flu\u2019nu destekleyen, adayl\u0131\u011f\u0131n\u0131 a\u00e7\u0131klamaya te\u015fvik eden bir insan\u0131m, kar\u015f\u0131l\u0131ks\u0131z, bu yenile\u015fme hareketine destek vermek istedi\u011fimi s\u00f6yleyen insan\u0131m. Hi\u00e7bir \u015fey istemedim, hi\u00e7bir listede talebim olmam\u0131\u015ft\u0131r, bunu da en iyi bilen Say\u0131n K\u0131l\u0131\u00e7daro\u011flu ve Sav\u2019d\u0131r. Bana su\u00e7lama yapanlar, kendilerini benim yapt\u0131klar\u0131m\u0131 iyice anlas\u0131nlar, iki y\u00fczl\u00fc davran\u0131\u015flardan vazge\u00e7sinler. Bir Baykal\u2019\u0131n evinde, bir K\u0131l\u0131\u00e7daro\u011flu\u2019nun yan\u0131nda yer alarak, her taraf\u0131 idare ederek, yenilik\u00e7i devrim yapmaya kalk\u0131\u015fmas\u0131nlar. Bana su\u00e7lama yapanlar, Kurultay\u2019da sorun \u00e7\u0131karmak isteyen insan olarak g\u00f6stermek isteyenler \u00f6nce bilgilerini geli\u015ftirsinler, sa\u011flam karakter g\u00f6stersinler ve kendileri her \u015feyin hesab\u0131n\u0131 verebilecek durumda olsunlar. Ondan sonra yenilik\u00e7i hareketin i\u00e7indeyim desinler. Yalanc\u0131 yenilik\u00e7ilere, kendisini bir yere ta\u015f\u0131mak i\u00e7in yenilik\u00e7i gibi g\u00f6r\u00fcnenlere ya\u015flar\u0131 ne olursa olsun g\u00fcvenmeyin. Yenilik\u00e7ilik bir idealizmdir, d\u00fcr\u00fcstl\u00fckt\u00fcr, y\u00fcrekliliktir.\u201d<\/p>\n<h2>H\u0131d\u0131r Tanr\u0131verdi, Mustafa Sar\u0131g\u00fcl &#8216;e su\u00e7 duyurusunda bulunmu\u015ftu<\/h2>\n<p>\u015ei\u015fli \u0130l\u00e7e Ba\u015fkan\u0131 Av. H\u0131d\u0131r Tanr\u0131verdi ve CHP&#8217;li \u015ei\u015fli Belediyesi meclis \u00fcyeleri, Ni\u015fanta\u015f\u0131&#8217;ndaki City&#8217;s al\u0131\u015fveri\u015f merkezinin imar mevzuat\u0131na ayk\u0131r\u0131 in\u015fa edildi\u011finin, Dan\u0131\u015ftay 6&#8217;\u0131nc\u0131 dairesinin karar\u0131yla kesinle\u015fti\u011fine dikkat \u00e7ekerek, y\u0131k\u0131m ve imar plan\u0131na uygun hale getirecek kararlar\u0131 \u00e7\u0131karmad\u0131\u011f\u0131 gerek\u00e7esiyle \u015ei\u015fli Belediye Ba\u015fkan\u0131 Mustafa Sar\u0131g\u00fcl hakk\u0131nda su\u00e7 duyurusunda da bulunmu\u015ftu.<\/p>\n<p><strong>National Turk \/ \u00d6zel Haber-Ankara<\/strong><\/p>\n<p><strong><span style=\"font-weight: bold; color: #f00;\">Error, group does not exist! Check your syntax! (ID: 74)<\/span><\/strong><\/p>\n<p><strong><span style=\"font-weight: bold; color: #f00;\">Error, group does not exist! Check your syntax! (ID: 61)<\/span><\/strong><\/p>\n","protected":false},"excerpt":{"rendered":"<p>Fla\u015f! G\u00fcrsel Tekin gidiyor<\/p>\n","protected":false},"author":6,"featured_media":191670,"comment_status":"open","ping_status":"open","sticky":false,"template":"","format":"standard","meta":{"_acf_changed":false,"footnotes":""},"categories":[6155,5005,349,6805],"tags":[24483,27379,8723,27378,1709,19458,27384,5115,5508,10061,27383,27382],"class_list":["post-25311","post","type-post","status-publish","format-standard","has-post-thumbnail","hentry","category-gundem","category-manset","category-son-dakika","category-turkiye","tag-ali-topuz","tag-av-hidir-tanriverdi","tag-chp","tag-chp-sisli-ilce-baskani","tag-gursel-tekin","tag-hidir-tanriverdi","tag-istanbul-il-baskani-hidir-tanriverdi","tag-kemal-kilicdaroglu","tag-national-turk","tag-nationalturk","tag-sisli-belediye-baskani-mustafa-sarigul","tag-son-dakika"],"acf":[],"_links":{"self":[{"href":"https:\/\/www.nationalturk.com\/tr\/wp-json\/wp\/v2\/posts\/25311","targetHints":{"allow":["GET"]}}],"collection":[{"href":"https:\/\/www.nationalturk.com\/tr\/wp-json\/wp\/v2\/posts"}],"about":[{"href":"https:\/\/www.nationalturk.com\/tr\/wp-json\/wp\/v2\/types\/post"}],"author":[{"embeddable":true,"href":"https:\/\/www.nationalturk.com\/tr\/wp-json\/wp\/v2\/users\/6"}],"replies":[{"embeddable":true,"href":"https:\/\/www.nationalturk.com\/tr\/wp-json\/wp\/v2\/comments?post=25311"}],"version-history":[{"count":0,"href":"https:\/\/www.nationalturk.com\/tr\/wp-json\/wp\/v2\/posts\/25311\/revisions"}],"wp:featuredmedia":[{"embeddable":true,"href":"https:\/\/www.nationalturk.com\/tr\/wp-json\/wp\/v2\/media\/191670"}],"wp:attachment":[{"href":"https:\/\/www.nationalturk.com\/tr\/wp-json\/wp\/v2\/media?parent=25311"}],"wp:term":[{"taxonomy":"category","embeddable":true,"href":"https:\/\/www.nationalturk.com\/tr\/wp-json\/wp\/v2\/categories?post=25311"},{"taxonomy":"post_tag","embeddable":true,"href":"https:\/\/www.nationalturk.com\/tr\/wp-json\/wp\/v2\/tags?post=25311"}],"curies":[{"name":"wp","href":"https:\/\/api.w.org\/{rel}","templated":true}]}}