{"id":253462,"date":"2017-08-09T17:04:30","date_gmt":"2017-08-09T14:04:30","guid":{"rendered":"http:\/\/www.nationalturk.com\/?p=253462"},"modified":"2022-08-26T11:29:20","modified_gmt":"2022-08-26T08:29:20","slug":"yildirim-demirorenin-yanilgilari","status":"publish","type":"post","link":"https:\/\/www.nationalturk.com\/tr\/yildirim-demirorenin-yanilgilari\/","title":{"rendered":"Y\u0131ld\u0131r\u0131m Demir\u00f6ren&#8217;in yan\u0131lg\u0131lar\u0131"},"content":{"rendered":"<h2>NationalTurk yorumcusu Cahit G\u00f6veren&#8217;in &#8220;Y\u0131ld\u0131r\u0131m Demir\u00f6ren&#8217;in yan\u0131lg\u0131lar\u0131&#8221; ba\u015fl\u0131kl\u0131 yaz\u0131s\u0131;<\/h2>\n<p>\u2018T\u00fcrkiye, \u00c7avu\u015fesku\u2019nun Romanyas\u0131\u2019na d\u00f6nd\u00fc\u2019 diye \u00fclkemizi a\u015fa\u011f\u0131layan 72 ya\u015f\u0131ndaki Rumen Teknik Adam Lucescu, kariyerli bunca yerli hoca dururken, ne yaz\u0131k ki, T\u00fcrk Milli Tak\u0131m\u0131n ba\u015f\u0131na ge\u00e7irildi. Bu tercih, T\u00fcrk Teknik Direkt\u00f6rlerle, futbolun unsurlar\u0131n\u0131n can\u0131n\u0131 \u00e7ok s\u0131kt\u0131. Ama, becerisizliklerine bir yenisini ekleyen TFF Ba\u015fkan\u0131 Y\u0131ld\u0131r\u0131m Demir\u00f6ren, Galatasaray\u2019la girdi\u011fi \u2018Hoca\u2019 rekabet ve yar\u0131\u015f\u0131nda galip geldi. Sanki, Galatasaray T\u00fcrk Tak\u0131m\u0131 de\u011filmi\u015f gibi. Hadi diyelim, tercih bu \u015fekilde kullan\u0131ld\u0131. Ancak, gariplikler bununla da s\u0131n\u0131rl\u0131 kalmad\u0131. Y\u0131ld\u0131r\u0131m Demir\u00f6ren\u2019in marifetleri devam etti. Peki, neler oldu ? \u2026.<\/p>\n<p>TFF Ba\u015fkan\u0131 Y\u0131ld\u0131r\u0131m Demir\u00f6ren\u2019in talimat\u0131yla \u0130spanya\u2019ya giden Lucescu, Arda Turan\u2019\u0131n yeniden Ay-Y\u0131ld\u0131zl\u0131 tak\u0131ma d\u00f6nmesi i\u00e7in ba\u015far\u0131l\u0131 oyuncu ile yemekte bir araya geldi. \u2018Aman \u2018 dedi. \u2018Milli Tak\u0131mda kaybolan ahengi ve ekip ruhunu yeniden canland\u0131ral\u0131m. Seni de aram\u0131zda g\u00f6rmek istiyoruz\u2019 Arda ise, \u00e7ok net olmasa da d\u00f6nme sinyalleri verdi. \u015eimdi diyeceksiniz ki, bunda ne var ? \u00c7ok \u015fey var !. U\u00e7akta gazeteci Bilal Me\u015fe\u2019ye fiili sald\u0131r\u0131da bulunan Arda, yapt\u0131\u011f\u0131 a\u00e7\u0131klamalar\u0131yla hem Fatih Terim hem de Y\u0131ld\u0131r\u0131m Demir\u00f6ren\u2019e hakaret etmedi mi ! S\u00f6vmedi mi ? Terbiye ve nezaket s\u0131n\u0131rlar\u0131n\u0131 a\u015fmad\u0131 m\u0131 ? Peki, Terim ve Demir\u00f6ren\u2019den \u00f6z\u00fcr diledi mi ? Hay\u0131r, tam aksine \u2018Pi\u015fman de\u011filim. Yine olsa ayn\u0131s\u0131n\u0131 yapar\u0131m\u2019 demedi mi? Arda\u2019n\u0131n Demir\u00f6ren\u2019e gelip, \u00f6z\u00fcr dilemesi gerekmez mi ?, TFF Ba\u015fkan\u0131 onurunu ayaklar alt\u0131na al\u0131p, Lucescu\u2019yu ta \u0130spanya\u2019ya Arda\u2019y\u0131 iknaya g\u00f6nderiyor. Kar\u0131s\u0131na, be\u015fikteki \u00e7ocu\u011funa k\u00fcf\u00fcr edilen Volkan Demirel ne olacak ? Yeniden Ulusal Tak\u0131ma \u00e7a\u011f\u0131r\u0131lmayacak m\u0131 ? Acze bak, zaafa bak ! \u2018Ben yapt\u0131m oldu\u2019 \u00f6yle mi. Vaktiyle Fatih Terim\u2019in g\u00fcd\u00fcm\u00fcnde hareket eden Y\u0131ld\u0131r\u0131m Demir\u00f6ren \u015fimdi de Lucescu\u2019nun disiplin ihlalleri ile kar\u015f\u0131 kar\u015f\u0131ya. Desenize bu spor aleminde ayaklar ba\u015f, ba\u015flar ayak olmu\u015f. Yaz\u0131k, T\u00fcrk Futbolu u\u00e7urumun e\u015fi\u011fine gelmi\u015f, g\u00f6ren yok. Samsun\u2019da oynanan S\u00fcper Kupa ma\u00e7\u0131nda yine \u015fiddete \u015fahit olduk. Sezon ba\u015fl\u0131yor. Y\u0131ld\u0131r\u0131m Demir\u00f6ren ve y\u00f6netiminde bu ligi sa\u011fl\u0131kl\u0131 \u015fekilde g\u00f6t\u00fcrebilecek kapasite yok. T\u00fcrkiye\u2019deki futbol Allah\u2019a emanet \u2026.<\/p>\n<!-- Error, Advert is not available at this time due to schedule\/geolocation restrictions! -->\n","protected":false},"excerpt":{"rendered":"<p>NationalTurk yorumcusu Cahit G\u00f6veren&#8217;in &#8220;Y\u0131ld\u0131r\u0131m Demir\u00f6ren&#8217;in yan\u0131lg\u0131lar\u0131&#8221; ba\u015fl\u0131kl\u0131 yaz\u0131s\u0131; \u2018T\u00fcrkiye, \u00c7avu\u015fesku\u2019nun Romanyas\u0131\u2019na d\u00f6nd\u00fc\u2019 diye \u00fclkemizi a\u015fa\u011f\u0131layan 72 ya\u015f\u0131ndaki Rumen Teknik Adam Lucescu, kariyerli bunca yerli hoca dururken, ne yaz\u0131k ki, T\u00fcrk Milli Tak\u0131m\u0131n ba\u015f\u0131na ge\u00e7irildi. Bu tercih, T\u00fcrk Teknik Direkt\u00f6rlerle, futbolun unsurlar\u0131n\u0131n can\u0131n\u0131 \u00e7ok s\u0131kt\u0131. Ama, becerisizliklerine bir yenisini ekleyen TFF Ba\u015fkan\u0131 Y\u0131ld\u0131r\u0131m Demir\u00f6ren, Galatasaray\u2019la &hellip;<\/p>\n","protected":false},"author":4,"featured_media":253463,"comment_status":"open","ping_status":"open","sticky":false,"template":"","format":"standard","meta":{"_acf_changed":false,"footnotes":""},"categories":[6774,6155,26554,5005,6194],"tags":[6335,35861,5891,29440,2269],"class_list":["post-253462","post","type-post","status-publish","format-standard","has-post-thumbnail","hentry","category-futbol","category-gundem","category-haftanin-yorumu","category-manset","category-spor","tag-arda-turan","tag-cahit-goveren","tag-fatih-terim","tag-mircea-lucescu","tag-yildirim-demiroren"],"acf":[],"_links":{"self":[{"href":"https:\/\/www.nationalturk.com\/tr\/wp-json\/wp\/v2\/posts\/253462","targetHints":{"allow":["GET"]}}],"collection":[{"href":"https:\/\/www.nationalturk.com\/tr\/wp-json\/wp\/v2\/posts"}],"about":[{"href":"https:\/\/www.nationalturk.com\/tr\/wp-json\/wp\/v2\/types\/post"}],"author":[{"embeddable":true,"href":"https:\/\/www.nationalturk.com\/tr\/wp-json\/wp\/v2\/users\/4"}],"replies":[{"embeddable":true,"href":"https:\/\/www.nationalturk.com\/tr\/wp-json\/wp\/v2\/comments?post=253462"}],"version-history":[{"count":0,"href":"https:\/\/www.nationalturk.com\/tr\/wp-json\/wp\/v2\/posts\/253462\/revisions"}],"wp:featuredmedia":[{"embeddable":true,"href":"https:\/\/www.nationalturk.com\/tr\/wp-json\/wp\/v2\/media\/253463"}],"wp:attachment":[{"href":"https:\/\/www.nationalturk.com\/tr\/wp-json\/wp\/v2\/media?parent=253462"}],"wp:term":[{"taxonomy":"category","embeddable":true,"href":"https:\/\/www.nationalturk.com\/tr\/wp-json\/wp\/v2\/categories?post=253462"},{"taxonomy":"post_tag","embeddable":true,"href":"https:\/\/www.nationalturk.com\/tr\/wp-json\/wp\/v2\/tags?post=253462"}],"curies":[{"name":"wp","href":"https:\/\/api.w.org\/{rel}","templated":true}]}}