{"id":253465,"date":"2017-08-10T08:59:21","date_gmt":"2017-08-10T05:59:21","guid":{"rendered":"http:\/\/www.nationalturk.com\/?p=253465"},"modified":"2017-08-10T09:44:14","modified_gmt":"2017-08-10T06:44:14","slug":"son-dakika-35-medya-calisanina-gozalti-karari","status":"publish","type":"post","link":"https:\/\/www.nationalturk.com\/tr\/son-dakika-35-medya-calisanina-gozalti-karari\/","title":{"rendered":"Son Dakika: 35 medya \u00e7al\u0131\u015fan\u0131na g\u00f6zalt\u0131 karar\u0131"},"content":{"rendered":"<h2>\u0130stanbul Cumhuriyet Ba\u015fsavc\u0131l\u0131\u011f\u0131nca FET\u00d6&#8217;n\u00fcn medya yap\u0131lanmas\u0131na y\u00f6nelik y\u00fcr\u00fct\u00fclen soru\u015fturma kapsam\u0131nda ByLock kulland\u0131\u011f\u0131 tespit edilen 35 \u015f\u00fcpheli hakk\u0131nda g\u00f6zalt\u0131 karar\u0131 verildi. \/ Son Dakika&#8230;<\/h2>\n<p>\u0130stanbul Cumhuriyet Ba\u015fsavc\u0131l\u0131\u011f\u0131 Ter\u00f6r ve \u00d6rg\u00fctl\u00fc Su\u00e7lar B\u00fcrosunca, Fetullah\u00e7\u0131 Ter\u00f6r \u00d6rg\u00fct\u00fc&#8217;n\u00fcn (FET\u00d6) medya yap\u0131lanmas\u0131na y\u00f6nelik soru\u015fturma, elde edilen yeni deliller ve ifadeler do\u011frultusunda s\u00fcr\u00fcyor. Bu kapsamda, \u00f6rg\u00fct\u00fcn \u015fifreli mesajla\u015fma program\u0131 &#8220;ByLock&#8221;u kulland\u0131\u011f\u0131 tespit edilen 35 \u015f\u00fcpheli hakk\u0131nda &#8221;silahl\u0131 ter\u00f6r \u00f6rg\u00fct\u00fcne \u00fcye olmak&#8221; su\u00e7undan g\u00f6zalt\u0131 karar\u0131 verildi.<\/p>\n<p>Savc\u0131l\u0131\u011f\u0131n ayr\u0131ca \u015f\u00fcpheliler hakk\u0131nda ikametlerinde arama karar\u0131 talep etmesi \u00fczerine n\u00f6bet\u00e7i hakimlik\u00e7e, arama ve yakalama karar\u0131 da verildi.<\/p>\n<p>Polis ekipleri, 35 \u015f\u00fcphelinin adreslerine operasyon d\u00fczenliyor.<\/p>\n<p>Birg\u00fcn gazetesinin edit\u00f6r\u00fc g\u00f6zalt\u0131na al\u0131nd\u0131<br \/>\nAralar\u0131nda Birg\u00fcn gazetesinin edit\u00f6rlerinden Burak Ekici&#8217;nin de bulundu\u011fu baz\u0131 \u015f\u00fcpheliler g\u00f6zalt\u0131na al\u0131nd\u0131.<\/p>\n<p>G\u00f6zalt\u0131 ve arama i\u015flemleri devam ediyor.<\/p>\n<!-- Error, Advert is not available at this time due to schedule\/geolocation restrictions! -->\n","protected":false},"excerpt":{"rendered":"<p>\u0130stanbul Cumhuriyet Ba\u015fsavc\u0131l\u0131\u011f\u0131nca FET\u00d6&#8217;n\u00fcn medya yap\u0131lanmas\u0131na y\u00f6nelik y\u00fcr\u00fct\u00fclen soru\u015fturma kapsam\u0131nda ByLock kulland\u0131\u011f\u0131 tespit edilen 35 \u015f\u00fcpheli hakk\u0131nda g\u00f6zalt\u0131 karar\u0131 verildi. \/ Son Dakika&#8230; \u0130stanbul Cumhuriyet Ba\u015fsavc\u0131l\u0131\u011f\u0131 Ter\u00f6r ve \u00d6rg\u00fctl\u00fc Su\u00e7lar B\u00fcrosunca, Fetullah\u00e7\u0131 Ter\u00f6r \u00d6rg\u00fct\u00fc&#8217;n\u00fcn (FET\u00d6) medya yap\u0131lanmas\u0131na y\u00f6nelik soru\u015fturma, elde edilen yeni deliller ve ifadeler do\u011frultusunda s\u00fcr\u00fcyor. Bu kapsamda, \u00f6rg\u00fct\u00fcn \u015fifreli mesajla\u015fma program\u0131 &#8220;ByLock&#8221;u kulland\u0131\u011f\u0131 &hellip;<\/p>\n","protected":false},"author":4,"featured_media":251905,"comment_status":"open","ping_status":"open","sticky":false,"template":"","format":"standard","meta":{"_acf_changed":false,"footnotes":""},"categories":[763],"tags":[209511,202856,195955,27382],"class_list":["post-253465","post","type-post","status-publish","format-standard","has-post-thumbnail","hentry","category-gunun-olayi","tag-bylock","tag-feto","tag-medya","tag-son-dakika"],"acf":[],"_links":{"self":[{"href":"https:\/\/www.nationalturk.com\/tr\/wp-json\/wp\/v2\/posts\/253465","targetHints":{"allow":["GET"]}}],"collection":[{"href":"https:\/\/www.nationalturk.com\/tr\/wp-json\/wp\/v2\/posts"}],"about":[{"href":"https:\/\/www.nationalturk.com\/tr\/wp-json\/wp\/v2\/types\/post"}],"author":[{"embeddable":true,"href":"https:\/\/www.nationalturk.com\/tr\/wp-json\/wp\/v2\/users\/4"}],"replies":[{"embeddable":true,"href":"https:\/\/www.nationalturk.com\/tr\/wp-json\/wp\/v2\/comments?post=253465"}],"version-history":[{"count":0,"href":"https:\/\/www.nationalturk.com\/tr\/wp-json\/wp\/v2\/posts\/253465\/revisions"}],"wp:featuredmedia":[{"embeddable":true,"href":"https:\/\/www.nationalturk.com\/tr\/wp-json\/wp\/v2\/media\/251905"}],"wp:attachment":[{"href":"https:\/\/www.nationalturk.com\/tr\/wp-json\/wp\/v2\/media?parent=253465"}],"wp:term":[{"taxonomy":"category","embeddable":true,"href":"https:\/\/www.nationalturk.com\/tr\/wp-json\/wp\/v2\/categories?post=253465"},{"taxonomy":"post_tag","embeddable":true,"href":"https:\/\/www.nationalturk.com\/tr\/wp-json\/wp\/v2\/tags?post=253465"}],"curies":[{"name":"wp","href":"https:\/\/api.w.org\/{rel}","templated":true}]}}