{"id":253595,"date":"2017-08-14T13:59:10","date_gmt":"2017-08-14T10:59:10","guid":{"rendered":"http:\/\/www.nationalturk.com\/?p=253595"},"modified":"2017-08-14T13:59:10","modified_gmt":"2017-08-14T10:59:10","slug":"londrada-polislere-yeni-donanim","status":"publish","type":"post","link":"https:\/\/www.nationalturk.com\/tr\/londrada-polislere-yeni-donanim\/","title":{"rendered":"Londra&#8217;da polislere yeni donan\u0131m"},"content":{"rendered":"<h2>Londra\u2019da silahl\u0131 polislerin ba\u015fl\u0131klar\u0131nda kamera ta\u015f\u0131maya ba\u015flayaca\u011f\u0131 bildirildi.<\/h2>\n<p>\u0130ngiltere\u2019nin en b\u00fcy\u00fck polis te\u015fkilat\u0131 Londra polisi, silahl\u0131 polis memurlar\u0131n\u0131n operasyonlar\u0131nda &#8220;daha fazla \u015feffafl\u0131k&#8221; sa\u011flamak i\u00e7in ba\u015fl\u0131klar\u0131nda kamera ta\u015f\u0131yaca\u011f\u0131n\u0131 a\u00e7\u0131klad\u0131.<\/p>\n<p>Scotland Yard&#8217;dan yap\u0131lan a\u00e7\u0131klamada, silahl\u0131 polislerin kullan\u0131m\u0131 i\u00e7in ilk etapta bin kamera sipari\u015fi verildi\u011fi belirtildi.<\/p>\n<p>Londra&#8217;da 2011&#8217;de polisin a\u00e7t\u0131\u011f\u0131 ate\u015f sonucu vurulan siyahi gen\u00e7 Mark Duggan\u2019\u0131n \u00f6l\u00fcm\u00fc \u00fclkede geni\u015f \u00e7apl\u0131 isyanlara yol a\u00e7m\u0131\u015f, bunu takiben silahl\u0131 polisin g\u00f6\u011f\u00fcs kameras\u0131 ta\u015f\u0131mas\u0131 g\u00fcndeme gelmi\u015fti ancak yap\u0131lan denemelerde, g\u00f6\u011f\u00fcs kameralar\u0131n\u0131n polislerin kollar\u0131n\u0131n araya girmesi nedeniyle beklenen netlikte g\u00f6r\u00fcnt\u00fc sa\u011flamad\u0131\u011f\u0131 ortaya \u00e7\u0131km\u0131\u015ft\u0131.<\/p>\n<p>Son olarak 2015\u2019te Londra\u2019n\u0131n g\u00fcneyinde bir silahl\u0131 polis, Nathaniel Brophy adl\u0131 bir ki\u015fiyi vurarak yaralam\u0131\u015f ancak incelenen g\u00f6\u011f\u00fcs kameras\u0131 g\u00f6r\u00fcnt\u00fclerinin olay\u0131n geli\u015fimini ayd\u0131nlatmaya yetmedi\u011fi saptanm\u0131\u015ft\u0131. Olay\u0131n ard\u0131ndan Ba\u011f\u0131ms\u0131z Polis \u015eikayetleri Komisyonu, kamera sorununa acil \u00e7\u00f6z\u00fcm bulunmas\u0131 \u00e7a\u011fr\u0131s\u0131 yapm\u0131\u015ft\u0131.<\/p>\n<p>\u00d6te yandan, Londra&#8217;da devriye g\u00f6revi yapan silahs\u0131z polislerin 17 bin 500\u2019\u00fc hali haz\u0131rda g\u00f6\u011f\u00fcslerinde kamera ta\u015f\u0131yor. Bu say\u0131s\u0131n\u0131n, ekim sonuna kadar 22 bine \u00e7\u0131kar\u0131lmas\u0131 planlan\u0131yor.<\/p>\n<p>Londra\u2019da 15 Haziran ve 22 Temmuz\u2019da da polis operasyonlar\u0131nda 2 siyahi gen\u00e7 hayat\u0131n\u0131 kaybetmi\u015f, bu olaylarla ilgili protestolarda eylemciler ile polis aras\u0131nda gerilim ya\u015fanm\u0131\u015ft\u0131.<\/p>\n<p>\u0130ngiltere&#8217;de devriye g\u00f6revi yapan polis silah ta\u015f\u0131mazken, sadece operasyon yapan polis g\u00fcc\u00fcn\u00fcn silah ta\u015f\u0131ma yetkisi bulunuyor.<\/p>\n<!-- Error, Advert is not available at this time due to schedule\/geolocation restrictions! -->\n","protected":false},"excerpt":{"rendered":"<p>Londra\u2019da silahl\u0131 polislerin ba\u015fl\u0131klar\u0131nda kamera ta\u015f\u0131maya ba\u015flayaca\u011f\u0131 bildirildi. \u0130ngiltere\u2019nin en b\u00fcy\u00fck polis te\u015fkilat\u0131 Londra polisi, silahl\u0131 polis memurlar\u0131n\u0131n operasyonlar\u0131nda &#8220;daha fazla \u015feffafl\u0131k&#8221; sa\u011flamak i\u00e7in ba\u015fl\u0131klar\u0131nda kamera ta\u015f\u0131yaca\u011f\u0131n\u0131 a\u00e7\u0131klad\u0131. Scotland Yard&#8217;dan yap\u0131lan a\u00e7\u0131klamada, silahl\u0131 polislerin kullan\u0131m\u0131 i\u00e7in ilk etapta bin kamera sipari\u015fi verildi\u011fi belirtildi. Londra&#8217;da 2011&#8217;de polisin a\u00e7t\u0131\u011f\u0131 ate\u015f sonucu vurulan siyahi gen\u00e7 Mark Duggan\u2019\u0131n \u00f6l\u00fcm\u00fc &hellip;<\/p>\n","protected":false},"author":4,"featured_media":253596,"comment_status":"open","ping_status":"open","sticky":false,"template":"","format":"standard","meta":{"_acf_changed":false,"footnotes":""},"categories":[6770,6665,6155,5005,349],"tags":[1874,5691,7070],"class_list":["post-253595","post","type-post","status-publish","format-standard","has-post-thumbnail","hentry","category-avrupa","category-dunya","category-gundem","category-manset","category-son-dakika","tag-ingiltere","tag-londra","tag-polis"],"acf":[],"_links":{"self":[{"href":"https:\/\/www.nationalturk.com\/tr\/wp-json\/wp\/v2\/posts\/253595","targetHints":{"allow":["GET"]}}],"collection":[{"href":"https:\/\/www.nationalturk.com\/tr\/wp-json\/wp\/v2\/posts"}],"about":[{"href":"https:\/\/www.nationalturk.com\/tr\/wp-json\/wp\/v2\/types\/post"}],"author":[{"embeddable":true,"href":"https:\/\/www.nationalturk.com\/tr\/wp-json\/wp\/v2\/users\/4"}],"replies":[{"embeddable":true,"href":"https:\/\/www.nationalturk.com\/tr\/wp-json\/wp\/v2\/comments?post=253595"}],"version-history":[{"count":0,"href":"https:\/\/www.nationalturk.com\/tr\/wp-json\/wp\/v2\/posts\/253595\/revisions"}],"wp:featuredmedia":[{"embeddable":true,"href":"https:\/\/www.nationalturk.com\/tr\/wp-json\/wp\/v2\/media\/253596"}],"wp:attachment":[{"href":"https:\/\/www.nationalturk.com\/tr\/wp-json\/wp\/v2\/media?parent=253595"}],"wp:term":[{"taxonomy":"category","embeddable":true,"href":"https:\/\/www.nationalturk.com\/tr\/wp-json\/wp\/v2\/categories?post=253595"},{"taxonomy":"post_tag","embeddable":true,"href":"https:\/\/www.nationalturk.com\/tr\/wp-json\/wp\/v2\/tags?post=253595"}],"curies":[{"name":"wp","href":"https:\/\/api.w.org\/{rel}","templated":true}]}}