{"id":253730,"date":"2017-08-17T11:22:00","date_gmt":"2017-08-17T08:22:00","guid":{"rendered":"http:\/\/www.nationalturk.com\/?p=253730"},"modified":"2022-09-11T16:40:39","modified_gmt":"2022-09-11T13:40:39","slug":"kore-yarimadasinda-bir-daha-asla-savas-olmayacak","status":"publish","type":"post","link":"https:\/\/www.nationalturk.com\/tr\/kore-yarimadasinda-bir-daha-asla-savas-olmayacak\/","title":{"rendered":"&#8220;Kore Yar\u0131madas\u0131&#8217;nda bir daha asla sava\u015f olmayacak&#8221;"},"content":{"rendered":"<h2>G\u00fcney Kore Devlet Ba\u015fkan\u0131 Moon, G\u00fcney ve Kuzey Kore aras\u0131ndaki ili\u015fkilere ili\u015fkin, &#8220;Kore Yar\u0131madas\u0131&#8217;nda bir daha asla sava\u015f olmayaca\u011f\u0131n\u0131 rahatl\u0131kla s\u00f6yleyebilirim.&#8221; dedi.<\/h2>\n<p>G\u00fcney Kore Devlet Ba\u015fkan\u0131 Moon Jae-in, devlet ba\u015fkanl\u0131\u011f\u0131 g\u00f6revindeki 100. g\u00fcn\u00fc dolay\u0131s\u0131yla yapt\u0131\u011f\u0131 bas\u0131n toplant\u0131s\u0131nda, Kuzey Kore ile ABD aras\u0131ndaki kriz ile G\u00fcney ve Kuzey Kore aras\u0131ndaki ili\u015fkilere dair de\u011ferlendirmelerde bulundu.<\/p>\n<p>Kore Sava\u015f\u0131&#8217;n\u0131n ard\u0131ndan \u00fclkeyi yeniden in\u015fa etmek i\u00e7in halk\u0131n hep birlikte \u00e7aba sarf etti\u011fini ve sahip olduklar\u0131 her \u015feyi ba\u015fka bir sava\u015fa daha kurban veremeyeceklerini vurgulayan Moon, &#8220;Kore Yar\u0131madas\u0131&#8217;nda bir daha asla sava\u015f olmayaca\u011f\u0131n\u0131 rahatl\u0131kla s\u00f6yleyebilirim.&#8221; diye konu\u015ftu.<\/p>\n<p>Moon, ABD&#8217;nin ve ABD Devlet Ba\u015fkan\u0131 Donald Trump&#8217;\u0131n, Kuzey Kore&#8217;ye kar\u015f\u0131 herhangi bir se\u00e7ene\u011fi, \u00f6nceden G\u00fcney Kore ile g\u00f6r\u00fc\u015fme konusunda mutab\u0131k kald\u0131\u011f\u0131na i\u015faret etti.<\/p>\n<p>Kuzey&#8217;in n\u00fckleer programlar\u0131 konusunda yak\u0131n ileti\u015fim i\u00e7inde olan Seul ve Washington y\u00f6netimlerinin, ayr\u0131ca provokasyonlar\u0131n\u0131 durdurma ve m\u00fczakereye zorlama noktas\u0131nda Pyongyang&#8217;a sert yapt\u0131r\u0131m ve bask\u0131 uygulanmas\u0131nda ayn\u0131 fikri payla\u015ft\u0131\u011f\u0131n\u0131 belirten Moon, Trump&#8217;\u0131n &#8220;Kuzey Kore&#8217;ye kar\u015f\u0131 sarf etti\u011fi kavgac\u0131 s\u00f6zlerin Kuzey Kore&#8217;ye bask\u0131 uygulanmas\u0131 i\u00e7in g\u00fc\u00e7l\u00fc bir \u00e7\u00f6z\u00fcme i\u015faret etti\u011fini, mutlaka askeri \u00e7at\u0131\u015fma anlam\u0131na gelmedi\u011fini&#8221; savundu.<\/p>\n<p>&#8220;Kuzey Kore, kritik bir noktaya geliyor&#8221;<br \/>\nMoon, &#8220;Kuzey Kore&#8217;nin k\u0131talar aras\u0131 balistik f\u00fcze ve balistik f\u00fcze ba\u015fl\u0131\u011f\u0131 geli\u015ftirme \u00e7al\u0131\u015fmalar\u0131n\u0131 tamamlamas\u0131n\u0131n k\u0131rm\u0131z\u0131 \u00e7izgiye yakla\u015ft\u0131\u011f\u0131 anlam\u0131na gelece\u011fine inan\u0131yorum. Kuzey Kore, kritik bir noktaya geliyor. Bu nedenle Kuzey Kore&#8217;nin provokasyonlar\u0131n\u0131 engellemeliyiz.&#8221; dedi.<\/p>\n<p>N\u00fckleer \u00e7al\u0131\u015fmalar\u0131n\u0131 durdurmas\u0131 halinde Kuzey Kore&#8217;ye \u00f6zel el\u00e7i g\u00f6nderebileceklerini kaydeden Moon, &#8220;G\u00fcney ve Kuzey Kore aras\u0131ndaki diyalog yeniden ba\u015flamal\u0131. Ancak bu konuda sab\u0131rs\u0131z da olmamal\u0131y\u0131z. On y\u0131llar s\u00fcren gergin ili\u015fkilerin \u00fcstesinden gelmek ve yeniden diyalog ba\u015flatmak \u00f6nemli zaman ve \u00e7aba gerektirebilir.&#8221; ifadesini kulland\u0131.<\/p>\n<!-- Error, Advert is not available at this time due to schedule\/geolocation restrictions! -->\n","protected":false},"excerpt":{"rendered":"<p>G\u00fcney Kore Devlet Ba\u015fkan\u0131 Moon, G\u00fcney ve Kuzey Kore aras\u0131ndaki ili\u015fkilere ili\u015fkin, &#8220;Kore Yar\u0131madas\u0131&#8217;nda bir daha asla sava\u015f olmayaca\u011f\u0131n\u0131 rahatl\u0131kla s\u00f6yleyebilirim.&#8221; dedi. G\u00fcney Kore Devlet Ba\u015fkan\u0131 Moon Jae-in, devlet ba\u015fkanl\u0131\u011f\u0131 g\u00f6revindeki 100. g\u00fcn\u00fc dolay\u0131s\u0131yla yapt\u0131\u011f\u0131 bas\u0131n toplant\u0131s\u0131nda, Kuzey Kore ile ABD aras\u0131ndaki kriz ile G\u00fcney ve Kuzey Kore aras\u0131ndaki ili\u015fkilere dair de\u011ferlendirmelerde bulundu. Kore Sava\u015f\u0131&#8217;n\u0131n &hellip;<\/p>\n","protected":false},"author":4,"featured_media":253731,"comment_status":"open","ping_status":"open","sticky":false,"template":"","format":"standard","meta":{"_acf_changed":false,"footnotes":""},"categories":[763,220816],"tags":[1887,199658,3967,5622,213374],"class_list":["post-253730","post","type-post","status-publish","format-standard","has-post-thumbnail","hentry","category-gunun-olayi","category-uzak-dogu","tag-abd","tag-donald-trump","tag-guney-kore","tag-kuzey-kore","tag-moon-jae-in"],"acf":[],"_links":{"self":[{"href":"https:\/\/www.nationalturk.com\/tr\/wp-json\/wp\/v2\/posts\/253730","targetHints":{"allow":["GET"]}}],"collection":[{"href":"https:\/\/www.nationalturk.com\/tr\/wp-json\/wp\/v2\/posts"}],"about":[{"href":"https:\/\/www.nationalturk.com\/tr\/wp-json\/wp\/v2\/types\/post"}],"author":[{"embeddable":true,"href":"https:\/\/www.nationalturk.com\/tr\/wp-json\/wp\/v2\/users\/4"}],"replies":[{"embeddable":true,"href":"https:\/\/www.nationalturk.com\/tr\/wp-json\/wp\/v2\/comments?post=253730"}],"version-history":[{"count":0,"href":"https:\/\/www.nationalturk.com\/tr\/wp-json\/wp\/v2\/posts\/253730\/revisions"}],"wp:featuredmedia":[{"embeddable":true,"href":"https:\/\/www.nationalturk.com\/tr\/wp-json\/wp\/v2\/media\/253731"}],"wp:attachment":[{"href":"https:\/\/www.nationalturk.com\/tr\/wp-json\/wp\/v2\/media?parent=253730"}],"wp:term":[{"taxonomy":"category","embeddable":true,"href":"https:\/\/www.nationalturk.com\/tr\/wp-json\/wp\/v2\/categories?post=253730"},{"taxonomy":"post_tag","embeddable":true,"href":"https:\/\/www.nationalturk.com\/tr\/wp-json\/wp\/v2\/tags?post=253730"}],"curies":[{"name":"wp","href":"https:\/\/api.w.org\/{rel}","templated":true}]}}