{"id":253733,"date":"2017-08-17T12:06:28","date_gmt":"2017-08-17T09:06:28","guid":{"rendered":"http:\/\/www.nationalturk.com\/?p=253733"},"modified":"2017-08-17T12:06:28","modified_gmt":"2017-08-17T09:06:28","slug":"yasaklansin-diye-meclise-burkayla-geldi","status":"publish","type":"post","link":"https:\/\/www.nationalturk.com\/tr\/yasaklansin-diye-meclise-burkayla-geldi\/","title":{"rendered":"Yasaklans\u0131n diye meclise burkayla geldi!"},"content":{"rendered":"<h2>Avustralya&#8217;da a\u015f\u0131r\u0131 sa\u011fc\u0131 g\u00f6\u00e7men ve M\u00fcsl\u00fcman kar\u015f\u0131t\u0131 &#8216;Tek Ulus&#8217; partisi lideri Senat\u00f6r Pauline Hanson, burkan\u0131n yasaklanmas\u0131 i\u00e7in verdi\u011fi \u00f6neriye dikkat \u00e7ekmek i\u00e7in Senato&#8217;da yap\u0131lan oturuma burkayla geldi.<\/h2>\n<p>Avustralya&#8217;da a\u015f\u0131r\u0131 sa\u011fc\u0131 olarak bilinen g\u00f6\u00e7men ve M\u00fcsl\u00fcman kar\u015f\u0131t\u0131 &#8216;Tek Ulus&#8217; partisi lideri Senat\u00f6r Pauline Hanson, Senota&#8217;da burka giydi. Partisinin \u00fclke \u00e7ap\u0131nda burkan\u0131n yasaklanmas\u0131 konusunda verdi\u011fi \u00f6nergeden \u00f6nce Hanson&#8217;\u0131n yapt\u0131\u011f\u0131 bu eylem, di\u011fer senat\u00f6rlerin sert tepkisiyle kar\u015f\u0131land\u0131.<\/p>\n<p>10 dakika boyunca yerinde burkayla oturan Hanson bu eylemle partisinin \u00fclke genelinde &#8216;ulusal g\u00fcvenlik gerek\u00e7esiyle&#8217; burkan\u0131n yasaklanmas\u0131 i\u00e7in verdi\u011fi \u00f6neriye dikkat \u00e7ekmek istedi.<\/p>\n<p>Hanson, yapt\u0131\u011f\u0131 a\u00e7\u0131klamada &#8220;Avustralyal\u0131lar\u0131n b\u00fcy\u00fck bir \u00e7o\u011funlu\u011fu burkan\u0131n yasakland\u0131\u011f\u0131n\u0131 g\u00f6rmek istiyor&#8221; dedi. Hanson daha sonra \u00fczerindeki burkay\u0131 \u00e7\u0131kard\u0131.<\/p>\n<p>Hanson&#8217;\u0131n eylemiine di\u011fer senat\u00f6rler tepki g\u00f6sterdi.<\/p>\n<p>Adalet Bakan\u0131 George Brandis, &#8220;Bir toplumu a\u015fa\u011f\u0131lamak, onlar\u0131 marjinalize etmek ve dini giysileriyle dalga ge\u00e7mek deh\u015fet verici bir eylem. Sizden yapt\u0131\u011f\u0131n\u0131z \u015fey hakk\u0131nda d\u00fc\u015f\u00fcn\u00fcp ta\u015f\u0131nman\u0131z\u0131 istiyorum&#8221; dedi.<\/p>\n<p>Brandis ayr\u0131ca &#8216;Hay\u0131r Senat\u00f6r Hanson, burkay\u0131 yasaklamayaca\u011f\u0131z&#8221; dedi.<\/p>\n<p>Muhalefet partisinin lideri Senat\u00f6r Penny Wong da &#8220;Bir dini giysiyi d\u00fcr\u00fcst\u00e7e inanc\u0131 i\u00e7in giymek ba\u015fka, Senato&#8217;da g\u00f6steri amac\u0131yla giymek ba\u015fka&#8221; ifadelerini kulland\u0131.<\/p>\n<p>\u0130ran do\u011fumlu bir M\u00fcsl\u00fcman olan muhalefet partisi senat\u00f6r\u00fc Sam Dastyari de &#8220;Burada Senat\u00f6r Hanson taraf\u0131ndan yap\u0131lan g\u00f6sterilerin g\u00f6sterisine tan\u0131k olduk. 500 bine yak\u0131n Avustralyal\u0131 M\u00fcsl\u00fcman hedef g\u00f6sterilmeyi, marjinalize edilmeyi, a\u015fa\u011f\u0131lanmay\u0131 ve umutsuz bir siyasi partinin umutsuz lideri taraf\u0131ndan inan\u00e7lar\u0131n\u0131n bir siyasi ama\u00e7 haline getirilmesini hak etmiyor&#8221; dedi.<\/p>\n<p>Burkay\u0131 yasaklama \u00f6nerisi, bug\u00fcn ilerleyen saatlerinde Senato&#8217;da oylanacak.<\/p>\n<!-- Error, Advert is not available at this time due to schedule\/geolocation restrictions! -->\n","protected":false},"excerpt":{"rendered":"<p>Avustralya&#8217;da a\u015f\u0131r\u0131 sa\u011fc\u0131 g\u00f6\u00e7men ve M\u00fcsl\u00fcman kar\u015f\u0131t\u0131 &#8216;Tek Ulus&#8217; partisi lideri Senat\u00f6r Pauline Hanson, burkan\u0131n yasaklanmas\u0131 i\u00e7in verdi\u011fi \u00f6neriye dikkat \u00e7ekmek i\u00e7in Senato&#8217;da yap\u0131lan oturuma burkayla geldi. Avustralya&#8217;da a\u015f\u0131r\u0131 sa\u011fc\u0131 olarak bilinen g\u00f6\u00e7men ve M\u00fcsl\u00fcman kar\u015f\u0131t\u0131 &#8216;Tek Ulus&#8217; partisi lideri Senat\u00f6r Pauline Hanson, Senota&#8217;da burka giydi. Partisinin \u00fclke \u00e7ap\u0131nda burkan\u0131n yasaklanmas\u0131 konusunda verdi\u011fi \u00f6nergeden \u00f6nce &hellip;<\/p>\n","protected":false},"author":4,"featured_media":253734,"comment_status":"open","ping_status":"open","sticky":false,"template":"","format":"standard","meta":{"_acf_changed":false,"footnotes":""},"categories":[6770,6665,6155,5005,349],"tags":[2173,54548],"class_list":["post-253733","post","type-post","status-publish","format-standard","has-post-thumbnail","hentry","category-avrupa","category-dunya","category-gundem","category-manset","category-son-dakika","tag-avusturya","tag-burka"],"acf":[],"_links":{"self":[{"href":"https:\/\/www.nationalturk.com\/tr\/wp-json\/wp\/v2\/posts\/253733","targetHints":{"allow":["GET"]}}],"collection":[{"href":"https:\/\/www.nationalturk.com\/tr\/wp-json\/wp\/v2\/posts"}],"about":[{"href":"https:\/\/www.nationalturk.com\/tr\/wp-json\/wp\/v2\/types\/post"}],"author":[{"embeddable":true,"href":"https:\/\/www.nationalturk.com\/tr\/wp-json\/wp\/v2\/users\/4"}],"replies":[{"embeddable":true,"href":"https:\/\/www.nationalturk.com\/tr\/wp-json\/wp\/v2\/comments?post=253733"}],"version-history":[{"count":0,"href":"https:\/\/www.nationalturk.com\/tr\/wp-json\/wp\/v2\/posts\/253733\/revisions"}],"wp:featuredmedia":[{"embeddable":true,"href":"https:\/\/www.nationalturk.com\/tr\/wp-json\/wp\/v2\/media\/253734"}],"wp:attachment":[{"href":"https:\/\/www.nationalturk.com\/tr\/wp-json\/wp\/v2\/media?parent=253733"}],"wp:term":[{"taxonomy":"category","embeddable":true,"href":"https:\/\/www.nationalturk.com\/tr\/wp-json\/wp\/v2\/categories?post=253733"},{"taxonomy":"post_tag","embeddable":true,"href":"https:\/\/www.nationalturk.com\/tr\/wp-json\/wp\/v2\/tags?post=253733"}],"curies":[{"name":"wp","href":"https:\/\/api.w.org\/{rel}","templated":true}]}}