{"id":253771,"date":"2017-08-18T10:47:40","date_gmt":"2017-08-18T07:47:40","guid":{"rendered":"http:\/\/www.nationalturk.com\/?p=253771"},"modified":"2017-08-18T10:47:40","modified_gmt":"2017-08-18T07:47:40","slug":"belediye-baskanindan-trumpa-mitingi-ertele","status":"publish","type":"post","link":"https:\/\/www.nationalturk.com\/tr\/belediye-baskanindan-trumpa-mitingi-ertele\/","title":{"rendered":"Belediye ba\u015fkan\u0131ndan Trump&#8217;a: Mitingi ertele"},"content":{"rendered":"<h2>Phoenix Belediye Ba\u015fkan\u0131 Greg Stanton, son g\u00fcnlerde \u00fclke genelinde ya\u015fanan &#8220;\u0131rk\u00e7\u0131&#8221; gerilim nedeniyle ABD Ba\u015fkan\u0131 Donald Trump&#8217;tan 22 A\u011fustos&#8217;ta kentte yapmay\u0131 planlad\u0131\u011f\u0131 mitingini ertelemesini istedi.<\/h2>\n<p>Beyaz Amerikal\u0131lar\u0131n \u00fcst\u00fcnl\u00fc\u011f\u00fcn\u00fc savunan a\u015f\u0131r\u0131 sa\u011fc\u0131 \u0131rk\u00e7\u0131 Ku Klux Klan (KKK) ve Neonazi gruplar\u0131n, Virginia&#8217;n\u0131n Charlottesville kentinde &#8220;Konfederasyon&#8221;un komutanlar\u0131ndan birine ait heykeli bahane ederek yapt\u0131\u011f\u0131 eyleme kar\u015f\u0131 d\u00fczenlenen bar\u0131\u015f\u00e7\u0131l mitingde \u0131rk\u00e7\u0131lar\u0131n kan d\u00f6kmesiyle \u00fclke genelinde y\u00fckselen tansiyonu d\u00fc\u015f\u00fcrme \u00e7abalar\u0131 devam ediyor.<\/p>\n<p>Belediye Ba\u015fkan\u0131 Stanton, Ba\u015fkan Trump&#8217;a 22 A\u011fustos Sal\u0131 g\u00fcn\u00fc Phoenix&#8217;te ger\u00e7ekle\u015ftirmeyi planlad\u0131\u011f\u0131 mitingi ertelemesi y\u00f6n\u00fcnde \u00e7a\u011fr\u0131 yapt\u0131.<\/p>\n<p>Stanton, yaz\u0131l\u0131 a\u00e7\u0131klamas\u0131nda, &#8220;Ba\u015fkan Trump&#8217;\u0131n, ulusumuzun hala Charlottesville&#8217;deki trajik olaylar\u0131n yaralar\u0131n\u0131 sararken bir kampanya mitingi d\u00fczenleme karar\u0131ndan hayal k\u0131r\u0131kl\u0131\u011f\u0131na u\u011frad\u0131m. Umudum, daha sa\u011fl\u0131kl\u0131 yarg\u0131n\u0131n hakim olmas\u0131 ve ziyaretini ertelemesi.&#8221; ifadelerini kulland\u0131.<\/p>\n<p>&#8220;Nefret ve ba\u011fnazl\u0131k mesajlar\u0131 ho\u015f kar\u015f\u0131lanm\u0131yor&#8221;<br \/>\nABD&#8217;de s\u00f6z konusu gerilim nedeniyle benzer bir\u00e7ok g\u00f6steri iptaline karar verildi.<\/p>\n<p>A\u015f\u0131r\u0131 sa\u011fc\u0131 gruplar\u0131n Texas A&amp;M \u00dcniversitesi ve Florida \u00dcniversitesinde ger\u00e7ekle\u015ftirece\u011fi toplant\u0131lar da \u00fclkedeki gerilim y\u00fcz\u00fcnden yerel y\u00f6neticiler taraf\u0131ndan iptal edildi. Virginia&#8217;n\u0131n Richmond kentinde gelecek ay yap\u0131lmas\u0131 planlanan mitingin de iptal edildi\u011fi belirtildi.<\/p>\n<p>ABD Senatosunun \u00e7o\u011funluk lideri Cumhuriyet\u00e7i Partili Mitch McConnell ise yapt\u0131\u011f\u0131 a\u00e7\u0131klamada, Kentucky&#8217;nin Lexington kentinde a\u015f\u0131r\u0131 sa\u011fc\u0131 milliyet\u00e7ilerin d\u00fczenleyece\u011fi mitinge ili\u015fkin, &#8220;Onlar\u0131n nefret ve ba\u011fnazl\u0131k mesajlar\u0131 Kentucky&#8217;de ho\u015f kar\u015f\u0131lanm\u0131yor ve Amerika&#8217;n\u0131n herhangi bir yerinde de ho\u015f kar\u015f\u0131lanmamal\u0131.&#8221; de\u011ferlendirmesinde bulundu.<\/p>\n<p>Duvara kar\u015f\u0131 \u00e7\u0131kan aday aday\u0131n\u0131n rakibine destek mitingi<br \/>\nTrump&#8217;\u0131n, Cumhuriyet\u00e7i Partinin Arizona&#8217;dan ABD Senatosuna se\u00e7ilecek aday\u0131 belirleyece\u011fi parti i\u00e7i \u00f6n se\u00e7imde, Meksika s\u0131n\u0131r\u0131na duvar \u00f6r\u00fclmesine kar\u015f\u0131 olan Cumhuriyet\u00e7i Partili Jeff Flake&#8217;in kar\u015f\u0131s\u0131ndaki Kelli Ward&#8217;\u0131 desteklemek i\u00e7in Phoenix&#8217;e gidece\u011fi ifade edilmi\u015fti.<\/p>\n<p>Ba\u015fkan Trump, sosyal medya \u00fczerinden yapt\u0131\u011f\u0131 a\u00e7\u0131klamada da 22 A\u011fustos&#8217;ta Phoenix Kongre Merkezi&#8217;nde, ba\u015fkanl\u0131k yemininden sonra Bat\u0131daki ilk mitingini d\u00fczenleyece\u011fini belirterek, kendisini destekleyenleri bu etkinli\u011fe \u00e7a\u011f\u0131rm\u0131\u015ft\u0131.<\/p>\n<!-- Error, Advert is not available at this time due to schedule\/geolocation restrictions! -->\n","protected":false},"excerpt":{"rendered":"<p>Phoenix Belediye Ba\u015fkan\u0131 Greg Stanton, son g\u00fcnlerde \u00fclke genelinde ya\u015fanan &#8220;\u0131rk\u00e7\u0131&#8221; gerilim nedeniyle ABD Ba\u015fkan\u0131 Donald Trump&#8217;tan 22 A\u011fustos&#8217;ta kentte yapmay\u0131 planlad\u0131\u011f\u0131 mitingini ertelemesini istedi. Beyaz Amerikal\u0131lar\u0131n \u00fcst\u00fcnl\u00fc\u011f\u00fcn\u00fc savunan a\u015f\u0131r\u0131 sa\u011fc\u0131 \u0131rk\u00e7\u0131 Ku Klux Klan (KKK) ve Neonazi gruplar\u0131n, Virginia&#8217;n\u0131n Charlottesville kentinde &#8220;Konfederasyon&#8221;un komutanlar\u0131ndan birine ait heykeli bahane ederek yapt\u0131\u011f\u0131 eyleme kar\u015f\u0131 d\u00fczenlenen bar\u0131\u015f\u00e7\u0131l mitingde &hellip;<\/p>\n","protected":false},"author":4,"featured_media":253772,"comment_status":"open","ping_status":"open","sticky":false,"template":"","format":"standard","meta":{"_acf_changed":false,"footnotes":""},"categories":[6768,6665,6155,5005,349],"tags":[1887,199658,12014],"class_list":["post-253771","post","type-post","status-publish","format-standard","has-post-thumbnail","hentry","category-amerika","category-dunya","category-gundem","category-manset","category-son-dakika","tag-abd","tag-donald-trump","tag-phoenix"],"acf":[],"_links":{"self":[{"href":"https:\/\/www.nationalturk.com\/tr\/wp-json\/wp\/v2\/posts\/253771","targetHints":{"allow":["GET"]}}],"collection":[{"href":"https:\/\/www.nationalturk.com\/tr\/wp-json\/wp\/v2\/posts"}],"about":[{"href":"https:\/\/www.nationalturk.com\/tr\/wp-json\/wp\/v2\/types\/post"}],"author":[{"embeddable":true,"href":"https:\/\/www.nationalturk.com\/tr\/wp-json\/wp\/v2\/users\/4"}],"replies":[{"embeddable":true,"href":"https:\/\/www.nationalturk.com\/tr\/wp-json\/wp\/v2\/comments?post=253771"}],"version-history":[{"count":0,"href":"https:\/\/www.nationalturk.com\/tr\/wp-json\/wp\/v2\/posts\/253771\/revisions"}],"wp:featuredmedia":[{"embeddable":true,"href":"https:\/\/www.nationalturk.com\/tr\/wp-json\/wp\/v2\/media\/253772"}],"wp:attachment":[{"href":"https:\/\/www.nationalturk.com\/tr\/wp-json\/wp\/v2\/media?parent=253771"}],"wp:term":[{"taxonomy":"category","embeddable":true,"href":"https:\/\/www.nationalturk.com\/tr\/wp-json\/wp\/v2\/categories?post=253771"},{"taxonomy":"post_tag","embeddable":true,"href":"https:\/\/www.nationalturk.com\/tr\/wp-json\/wp\/v2\/tags?post=253771"}],"curies":[{"name":"wp","href":"https:\/\/api.w.org\/{rel}","templated":true}]}}