{"id":253850,"date":"2017-08-21T13:06:03","date_gmt":"2017-08-21T10:06:03","guid":{"rendered":"http:\/\/www.nationalturk.com\/?p=253850"},"modified":"2017-08-21T13:11:16","modified_gmt":"2017-08-21T10:11:16","slug":"kuba-gezmeye-basladilar","status":"publish","type":"post","link":"https:\/\/www.nationalturk.com\/tr\/kuba-gezmeye-basladilar\/","title":{"rendered":"K\u00fcba&#8217;y\u0131 Gezmeye Ba\u015flad\u0131lar"},"content":{"rendered":"<h2>Erkan Can ve G\u00fcven K\u0131ra\u00e7 BluTV\u2019nin yeni belgesel projesi kapsam\u0131nda K\u00fcba\u2019y\u0131 gezmeye ba\u015flad\u0131lar.<\/h2>\n<p>Usta oyuncular Erkan Can ve G\u00fcven K\u0131ra\u00e7 K\u00fcba \u00e7ekimlerine ba\u015flad\u0131.<\/p>\n<p>Yap\u0131mc\u0131l\u0131\u011f\u0131n\u0131 ve y\u00f6netmenli\u011fini Vedat Atasoy\u2019un \u00fcstlendi\u011fi belgeselde Erkan Can ve G\u00fcven K\u0131ra\u00e7 birlikte K\u00fcba\u2019y\u0131 gezecek. \u00c7ekimler i\u00e7in K\u00fcba\u2019ya giden iki usta oyuncu, \u00fc\u00e7 b\u00f6l\u00fcmden olu\u015fan projede Havana ve Trinidad\u2019\u0131 ekrana ta\u015f\u0131yacak.<\/p>\n<p><img loading=\"lazy\" decoding=\"async\" class=\"wp-image-253853 aligncenter\" src=\"http:\/\/www.nationalturk.com\/tr\/wp-content\/uploads\/2017\/08\/erkan-can-guven-kirac.jpg\" alt=\"Erkan Can G\u00fcven K\u0131ra\u00e7 K\u00fcba\" width=\"615\" height=\"597\" title=\"\" srcset=\"https:\/\/www.nationalturk.com\/tr\/wp-content\/uploads\/2017\/08\/erkan-can-guven-kirac.jpg 770w, https:\/\/www.nationalturk.com\/tr\/wp-content\/uploads\/2017\/08\/erkan-can-guven-kirac-515x500.jpg 515w\" sizes=\"auto, (max-width: 615px) 100vw, 615px\" \/><\/p>\n<h3>K\u00fcba M\u00fczi\u011fi ve Dans\u0131 da \u00f6\u011frenecekler<\/h3>\n<p>Can ve K\u0131ra\u00e7, \u00e7ekimler s\u0131ras\u0131nda K\u00fcba m\u00fczi\u011fi ve dans\u0131 da \u00f6\u011frenecek.<\/p>\n<!-- Error, Advert is not available at this time due to schedule\/geolocation restrictions! -->\n","protected":false},"excerpt":{"rendered":"<p>Erkan Can ve G\u00fcven K\u0131ra\u00e7 BluTV\u2019nin yeni belgesel projesi kapsam\u0131nda K\u00fcba\u2019y\u0131 gezmeye ba\u015flad\u0131lar. Usta oyuncular Erkan Can ve G\u00fcven K\u0131ra\u00e7 K\u00fcba \u00e7ekimlerine ba\u015flad\u0131. Yap\u0131mc\u0131l\u0131\u011f\u0131n\u0131 ve y\u00f6netmenli\u011fini Vedat Atasoy\u2019un \u00fcstlendi\u011fi belgeselde Erkan Can ve G\u00fcven K\u0131ra\u00e7 birlikte K\u00fcba\u2019y\u0131 gezecek. \u00c7ekimler i\u00e7in K\u00fcba\u2019ya giden iki usta oyuncu, \u00fc\u00e7 b\u00f6l\u00fcmden olu\u015fan projede Havana ve Trinidad\u2019\u0131 ekrana ta\u015f\u0131yacak. K\u00fcba &hellip;<\/p>\n","protected":false},"author":3,"featured_media":253852,"comment_status":"open","ping_status":"open","sticky":false,"template":"","format":"standard","meta":{"_acf_changed":false,"footnotes":""},"categories":[5005],"tags":[9536,156,14,145949],"class_list":["post-253850","post","type-post","status-publish","format-standard","has-post-thumbnail","hentry","category-manset","tag-erkan-can","tag-havana","tag-kuba","tag-trinidad"],"acf":[],"_links":{"self":[{"href":"https:\/\/www.nationalturk.com\/tr\/wp-json\/wp\/v2\/posts\/253850","targetHints":{"allow":["GET"]}}],"collection":[{"href":"https:\/\/www.nationalturk.com\/tr\/wp-json\/wp\/v2\/posts"}],"about":[{"href":"https:\/\/www.nationalturk.com\/tr\/wp-json\/wp\/v2\/types\/post"}],"author":[{"embeddable":true,"href":"https:\/\/www.nationalturk.com\/tr\/wp-json\/wp\/v2\/users\/3"}],"replies":[{"embeddable":true,"href":"https:\/\/www.nationalturk.com\/tr\/wp-json\/wp\/v2\/comments?post=253850"}],"version-history":[{"count":0,"href":"https:\/\/www.nationalturk.com\/tr\/wp-json\/wp\/v2\/posts\/253850\/revisions"}],"wp:featuredmedia":[{"embeddable":true,"href":"https:\/\/www.nationalturk.com\/tr\/wp-json\/wp\/v2\/media\/253852"}],"wp:attachment":[{"href":"https:\/\/www.nationalturk.com\/tr\/wp-json\/wp\/v2\/media?parent=253850"}],"wp:term":[{"taxonomy":"category","embeddable":true,"href":"https:\/\/www.nationalturk.com\/tr\/wp-json\/wp\/v2\/categories?post=253850"},{"taxonomy":"post_tag","embeddable":true,"href":"https:\/\/www.nationalturk.com\/tr\/wp-json\/wp\/v2\/tags?post=253850"}],"curies":[{"name":"wp","href":"https:\/\/api.w.org\/{rel}","templated":true}]}}