{"id":253885,"date":"2017-08-22T11:51:08","date_gmt":"2017-08-22T08:51:08","guid":{"rendered":"http:\/\/www.nationalturk.com\/?p=253885"},"modified":"2017-08-22T11:58:27","modified_gmt":"2017-08-22T08:58:27","slug":"konyaspor-baskani-ve-eski-milli-futbolcuya-feto-gozaltisi","status":"publish","type":"post","link":"https:\/\/www.nationalturk.com\/tr\/konyaspor-baskani-ve-eski-milli-futbolcuya-feto-gozaltisi\/","title":{"rendered":"Konyaspor Ba\u015fkan\u0131 ve  eski milli futbolcuya FET\u00d6 g\u00f6zalt\u0131s\u0131"},"content":{"rendered":"<h2>FET\u00d6 soru\u015fturmas\u0131 S\u00fcper Lig&#8217;e de s\u0131\u00e7rad\u0131. Konyaspor Ba\u015fkan\u0131 Ahmet \u015ean ve eski milli futbolcu \u00d6mer \u00c7atk\u0131\u00e7&#8217;\u0131n da ByLock&#8217;\u00e7u oldu\u011fu ortaya \u00e7\u0131kt\u0131.<\/h2>\n<p>Ahmet \u015ean&#8217;\u0131n da t\u0131pk\u0131 ge\u00e7ti\u011fimiz ay tutuklanan eski Fenerbah\u00e7eli futbolcu Bekir \u0130rteg\u00fcn gibi ByLock kullan\u0131c\u0131s\u0131 oldu\u011fu ortaya \u00e7\u0131kt\u0131. Atiker Konyaspor Ba\u015fkan\u0131 Ahmet \u015ean\u2019\u0131n evinde arama yap\u0131ld\u0131\u011f\u0131, cep telefonuna ve dijital verilere de el konuldu\u011fu \u00f6\u011frenildi.\u0130fadesi al\u0131nan \u015ean, serbest b\u0131rak\u0131ld\u0131.<\/p>\n<h3>Eski milli kaleci \u00d6mer \u00c7atk\u0131\u00e7 da g\u00f6zalt\u0131nda<\/h3>\n<p>FET\u00d6 soru\u015fturmas\u0131 kapsam\u0131nda, ByLock kulland\u0131\u011f\u0131 iddia edilen eski milli kaleci \u00d6mer \u00c7atk\u0131\u00e7 da g\u00f6zalt\u0131na al\u0131nd\u0131.<\/p>\n<p>\u0130stanbul Cumhuriyet Ba\u015fsavc\u0131l\u0131\u011f\u0131nca y\u00fcr\u00fct\u00fclen soru\u015fturma kapsam\u0131nda Organize Su\u00e7larla M\u00fccadele \u015eube M\u00fcd\u00fcrl\u00fc\u011f\u00fc ekipleri, FET\u00d6\/PDY&#8217;nin \u015fifreli haberle\u015fme program\u0131 ByLock&#8217;u kulland\u0131\u011f\u0131 \u00f6ne s\u00fcr\u00fclen \u00c7atk\u0131\u00e7&#8217;\u0131, \u0130stanbul&#8217;daki evinde g\u00f6zalt\u0131na ald\u0131.<\/p>\n<p>Hastanede sa\u011fl\u0131k kontrol\u00fcnden ge\u00e7irilen \u00d6mer \u00c7atk\u0131\u00e7&#8217;\u0131n \u0130stanbul Emniyet M\u00fcd\u00fcrl\u00fc\u011f\u00fcndeki i\u015flemleri s\u00fcr\u00fcyor.<\/p>\n<!-- Error, Advert is not available at this time due to schedule\/geolocation restrictions! -->\n","protected":false},"excerpt":{"rendered":"<p>FET\u00d6 soru\u015fturmas\u0131 S\u00fcper Lig&#8217;e de s\u0131\u00e7rad\u0131. Konyaspor Ba\u015fkan\u0131 Ahmet \u015ean ve eski milli futbolcu \u00d6mer \u00c7atk\u0131\u00e7&#8217;\u0131n da ByLock&#8217;\u00e7u oldu\u011fu ortaya \u00e7\u0131kt\u0131. Ahmet \u015ean&#8217;\u0131n da t\u0131pk\u0131 ge\u00e7ti\u011fimiz ay tutuklanan eski Fenerbah\u00e7eli futbolcu Bekir \u0130rteg\u00fcn gibi ByLock kullan\u0131c\u0131s\u0131 oldu\u011fu ortaya \u00e7\u0131kt\u0131. Atiker Konyaspor Ba\u015fkan\u0131 Ahmet \u015ean\u2019\u0131n evinde arama yap\u0131ld\u0131\u011f\u0131, cep telefonuna ve dijital verilere de el konuldu\u011fu &hellip;<\/p>\n","protected":false},"author":3,"featured_media":253886,"comment_status":"open","ping_status":"open","sticky":false,"template":"","format":"standard","meta":{"_acf_changed":false,"footnotes":""},"categories":[5005,349,6805],"tags":[209511,213405,11301],"class_list":["post-253885","post","type-post","status-publish","format-standard","has-post-thumbnail","hentry","category-manset","category-son-dakika","category-turkiye","tag-bylock","tag-konyaspor-baskani","tag-omer-catkic"],"acf":[],"_links":{"self":[{"href":"https:\/\/www.nationalturk.com\/tr\/wp-json\/wp\/v2\/posts\/253885","targetHints":{"allow":["GET"]}}],"collection":[{"href":"https:\/\/www.nationalturk.com\/tr\/wp-json\/wp\/v2\/posts"}],"about":[{"href":"https:\/\/www.nationalturk.com\/tr\/wp-json\/wp\/v2\/types\/post"}],"author":[{"embeddable":true,"href":"https:\/\/www.nationalturk.com\/tr\/wp-json\/wp\/v2\/users\/3"}],"replies":[{"embeddable":true,"href":"https:\/\/www.nationalturk.com\/tr\/wp-json\/wp\/v2\/comments?post=253885"}],"version-history":[{"count":0,"href":"https:\/\/www.nationalturk.com\/tr\/wp-json\/wp\/v2\/posts\/253885\/revisions"}],"wp:featuredmedia":[{"embeddable":true,"href":"https:\/\/www.nationalturk.com\/tr\/wp-json\/wp\/v2\/media\/253886"}],"wp:attachment":[{"href":"https:\/\/www.nationalturk.com\/tr\/wp-json\/wp\/v2\/media?parent=253885"}],"wp:term":[{"taxonomy":"category","embeddable":true,"href":"https:\/\/www.nationalturk.com\/tr\/wp-json\/wp\/v2\/categories?post=253885"},{"taxonomy":"post_tag","embeddable":true,"href":"https:\/\/www.nationalturk.com\/tr\/wp-json\/wp\/v2\/tags?post=253885"}],"curies":[{"name":"wp","href":"https:\/\/api.w.org\/{rel}","templated":true}]}}