{"id":253890,"date":"2017-08-22T12:09:33","date_gmt":"2017-08-22T09:09:33","guid":{"rendered":"http:\/\/www.nationalturk.com\/?p=253890"},"modified":"2017-08-22T12:11:39","modified_gmt":"2017-08-22T09:11:39","slug":"trump-yeni-afganistan-stratejisini-acikladi","status":"publish","type":"post","link":"https:\/\/www.nationalturk.com\/tr\/trump-yeni-afganistan-stratejisini-acikladi\/","title":{"rendered":"Trump yeni Afganistan stratejisini a\u00e7\u0131klad\u0131"},"content":{"rendered":"<div id=\"icerikDiv_25360617\" class=\"iliskiIcerik ltr\">\n<h2>ABD Ba\u015fkan\u0131 Donald Trump, \u00fclkesinin 16 y\u0131ld\u0131r sava\u015fta bulundu\u011fu Afganistan&#8217;dan h\u0131zl\u0131 bir \u015fekilde \u00e7ekilmesinin &#8220;\u00f6ng\u00f6r\u00fclebilir ve kabul edilemez&#8221; sonu\u00e7lar\u0131n\u0131 \u00f6nlemek i\u00e7in m\u00fccadele edilmesi\u00a0gerekti\u011fini s\u00f6yledi.<\/h2>\n<p>Trump, Virginia&#8217;daki Fort Myer askeri \u00fcss\u00fcnde yapt\u0131\u011f\u0131 konu\u015fmada, Afganistan ile ilgili yeni sava\u015f stratejisini a\u00e7\u0131klad\u0131.<\/p>\n<p>Donald Trump, &#8220;Afganistan ve daha geni\u015f b\u00f6lgede kar\u015f\u0131la\u015ft\u0131\u011f\u0131m\u0131z g\u00fcvenlik tehditlerinin \u00e7ok b\u00fcy\u00fck oldu\u011fu sonucuna vard\u0131m.&#8221; de\u011ferlendirmesinde bulundu.<\/p>\n<p>&#8220;Birlik say\u0131s\u0131ndan veya ileriki askeri faaliyet plan\u0131m\u0131z hakk\u0131nda konu\u015fmayaca\u011f\u0131z.&#8221; diyen Trump, geli\u015fig\u00fczel zaman \u00e7izelgelerinin de\u011fil, sahadaki ko\u015fullar\u0131n bundan sonraki stratejilerini y\u00f6nlendirece\u011fini kaydetti.<\/p>\n<p>Trump, ABD&#8217;nin Afganistan&#8217;dan h\u0131zl\u0131 bir \u015fekilde \u00e7ekilmesinin &#8220;\u00f6ng\u00f6r\u00fclebilir ve kabul edilemez&#8221; sonu\u00e7lar\u0131n\u0131 \u00f6nlemek i\u00e7in m\u00fccadeleyi s\u00fcrd\u00fcrmeleri gerekti\u011fini belirtti.<\/p>\n<p>Afganistan halk\u0131n\u0131n kendi\u00a0ulusunun g\u00fcvenli\u011fini sa\u011flayaca\u011f\u0131n\u0131 anlatan Trump, &#8220;Afganlar\u00a0kendi ulusunu in\u015fa edecek ve kendi gelece\u011fini belirleyecek. Onlar\u0131n ba\u015far\u0131l\u0131 olmas\u0131n\u0131 istiyoruz.&#8221; diye konu\u015ftu.<\/p>\n<p>Afganistan&#8217;dan h\u0131zl\u0131 \u00e7\u0131k\u0131\u015f\u0131n kabul edilemez oldu\u011funa ve bir iktidar bo\u015flu\u011fu olu\u015fturaca\u011f\u0131na de\u011finen Trump, ABD&#8217;nin &#8220;zafer&#8221; i\u00e7in bir yola ihtiyac\u0131 oldu\u011funu dile getirdi.<\/p>\n<p>Amerikan halk\u0131n\u0131n &#8220;zafer olmaks\u0131z\u0131n sava\u015f yorgunu&#8221; oldu\u011funu s\u00f6yleyen Trump, Amerikan halk\u0131n\u0131n hayal k\u0131r\u0131kl\u0131\u011f\u0131n\u0131 payla\u015ft\u0131\u011f\u0131n\u0131 ifade etti.<\/p>\n<p>ABD&#8217;nin bir k\u0131sm\u0131 zarar g\u00f6rd\u00fc\u011f\u00fc zaman halk\u0131n\u0131n tamam\u0131n\u0131n bundan zarar g\u00f6rece\u011fine i\u015faret eden Trump, &#8220;Ulusumuza sadakat, birbirimize sadakat ister. Amerika sevgisi, halk\u0131n\u0131n tamam\u0131n\u0131n sevgisini gerektirir.&#8221; a\u00e7\u0131klamas\u0131n\u0131 yapt\u0131.<\/p>\n<p>ABD&#8217;yi d\u0131\u015far\u0131daki d\u00fc\u015fmanlar\u0131na kar\u015f\u0131 savunmak i\u00e7in birlik olman\u0131n \u00f6nemine dikkati \u00e7eken Trump, Amerikal\u0131lar\u0131n hayat\u0131n\u0131 ve Amerika&#8217;n\u0131n \u00e7\u0131karlar\u0131n\u0131 koruma konusundaki kararl\u0131\u011f\u0131n\u0131 vurgulad\u0131.<\/p>\n<!-- Error, Advert is not available at this time due to schedule\/geolocation restrictions! -->\n<\/div>\n<div id=\"parentdivEtiket_25360617\" class=\"data_tags\"><\/div>\n","protected":false},"excerpt":{"rendered":"<p>ABD Ba\u015fkan\u0131 Donald Trump, \u00fclkesinin 16 y\u0131ld\u0131r sava\u015fta bulundu\u011fu Afganistan&#8217;dan h\u0131zl\u0131 bir \u015fekilde \u00e7ekilmesinin &#8220;\u00f6ng\u00f6r\u00fclebilir ve kabul edilemez&#8221; sonu\u00e7lar\u0131n\u0131 \u00f6nlemek i\u00e7in m\u00fccadele edilmesi\u00a0gerekti\u011fini s\u00f6yledi. Trump, Virginia&#8217;daki Fort Myer askeri \u00fcss\u00fcnde yapt\u0131\u011f\u0131 konu\u015fmada, Afganistan ile ilgili yeni sava\u015f stratejisini a\u00e7\u0131klad\u0131. Donald Trump, &#8220;Afganistan ve daha geni\u015f b\u00f6lgede kar\u015f\u0131la\u015ft\u0131\u011f\u0131m\u0131z g\u00fcvenlik tehditlerinin \u00e7ok b\u00fcy\u00fck oldu\u011fu sonucuna vard\u0131m.&#8221; de\u011ferlendirmesinde &hellip;<\/p>\n","protected":false},"author":3,"featured_media":253891,"comment_status":"open","ping_status":"open","sticky":false,"template":"","format":"standard","meta":{"_acf_changed":false,"footnotes":""},"categories":[5005],"tags":[6628,207774],"class_list":["post-253890","post","type-post","status-publish","format-standard","has-post-thumbnail","hentry","category-manset","tag-afganistan","tag-trump"],"acf":[],"_links":{"self":[{"href":"https:\/\/www.nationalturk.com\/tr\/wp-json\/wp\/v2\/posts\/253890","targetHints":{"allow":["GET"]}}],"collection":[{"href":"https:\/\/www.nationalturk.com\/tr\/wp-json\/wp\/v2\/posts"}],"about":[{"href":"https:\/\/www.nationalturk.com\/tr\/wp-json\/wp\/v2\/types\/post"}],"author":[{"embeddable":true,"href":"https:\/\/www.nationalturk.com\/tr\/wp-json\/wp\/v2\/users\/3"}],"replies":[{"embeddable":true,"href":"https:\/\/www.nationalturk.com\/tr\/wp-json\/wp\/v2\/comments?post=253890"}],"version-history":[{"count":0,"href":"https:\/\/www.nationalturk.com\/tr\/wp-json\/wp\/v2\/posts\/253890\/revisions"}],"wp:featuredmedia":[{"embeddable":true,"href":"https:\/\/www.nationalturk.com\/tr\/wp-json\/wp\/v2\/media\/253891"}],"wp:attachment":[{"href":"https:\/\/www.nationalturk.com\/tr\/wp-json\/wp\/v2\/media?parent=253890"}],"wp:term":[{"taxonomy":"category","embeddable":true,"href":"https:\/\/www.nationalturk.com\/tr\/wp-json\/wp\/v2\/categories?post=253890"},{"taxonomy":"post_tag","embeddable":true,"href":"https:\/\/www.nationalturk.com\/tr\/wp-json\/wp\/v2\/tags?post=253890"}],"curies":[{"name":"wp","href":"https:\/\/api.w.org\/{rel}","templated":true}]}}