{"id":254031,"date":"2017-08-25T06:33:16","date_gmt":"2017-08-25T03:33:16","guid":{"rendered":"http:\/\/www.nationalturk.com\/?p=254031"},"modified":"2017-08-25T06:35:17","modified_gmt":"2017-08-25T03:35:17","slug":"kocaman-buyuk-bir-hayal-kirikligi-ve-uzuntu-icindeyiz","status":"publish","type":"post","link":"https:\/\/www.nationalturk.com\/tr\/kocaman-buyuk-bir-hayal-kirikligi-ve-uzuntu-icindeyiz\/","title":{"rendered":"Kocaman: B\u00fcy\u00fck bir hayal k\u0131r\u0131kl\u0131\u011f\u0131 ve \u00fcz\u00fcnt\u00fc i\u00e7indeyiz"},"content":{"rendered":"<h2>Fenerbah\u00e7e Teknik Direkt\u00f6r\u00fc Aykut Kocaman, UEFA Avrupa Ligi play-off turunda Makedonya temsilcisi Vardar&#8217;a elendikleri i\u00e7in b\u00fcy\u00fck bir hayal k\u0131r\u0131kl\u0131\u011f\u0131 ya\u015fad\u0131\u011f\u0131n\u0131 s\u00f6yledi.<\/h2>\n<p>\u00dclker Stad\u0131&#8217;nda oynanan ve 2-1 yenilerek elendikleri r\u00f6van\u015f kar\u015f\u0131la\u015fmas\u0131n\u0131n ard\u0131ndan d\u00fczenlenen bas\u0131n toplant\u0131s\u0131nda konu\u015fan Kocaman, yapt\u0131\u011f\u0131 k\u0131sa a\u00e7\u0131klamada, \u015funlar\u0131 kaydetti:<\/p>\n<p>&#8220;B\u00fcy\u00fck bir hayal k\u0131r\u0131kl\u0131\u011f\u0131 ve \u00fcz\u00fcnt\u00fc i\u00e7indeyiz. Bu sezon g\u00f6reve gelmeden \u00f6nce vurgulad\u0131\u011f\u0131m \u015fey, iki sezondur stada gelmeyen Fenerbah\u00e7e taraftar\u0131n\u0131 yan\u0131m\u0131za \u00e7ekmekti. En b\u00fcy\u00fck hayal k\u0131r\u0131kl\u0131\u011f\u0131n\u0131 a\u00e7\u0131k\u00e7as\u0131 burada ya\u015f\u0131yorum. Taraftar\u0131m\u0131z bug\u00fcn de y\u00fcksek enerjiyle, en az\u0131ndan gol\u00fc att\u0131\u011f\u0131m\u0131z dakikaya kadar bize destek verdi ama a\u00e7\u0131k\u00e7as\u0131 biz i\u015fimizi yapamad\u0131k. Temel olarak en b\u00fcy\u00fck \u00fcz\u00fcnt\u00fcm ve hayal k\u0131r\u0131kl\u0131\u011f\u0131m budur. Att\u0131\u011f\u0131m\u0131z gole kadar do\u011fru oynad\u0131k. Golden sonraki turu ge\u00e7me arzusu, sahadaki da\u011f\u0131l\u0131m\u0131m\u0131z\u0131 bozdu. Hi\u00e7 istemedi\u011fimiz bir pozisyonda da gol\u00fc yedik.&#8221;<\/p>\n<p>Aykut Kocaman, soru kabul etmeden bas\u0131n toplant\u0131s\u0131n\u0131 bitirdi.<\/p>\n<!-- Error, Advert is not available at this time due to schedule\/geolocation restrictions! -->\n","protected":false},"excerpt":{"rendered":"<p>Fenerbah\u00e7e Teknik Direkt\u00f6r\u00fc Aykut Kocaman, UEFA Avrupa Ligi play-off turunda Makedonya temsilcisi Vardar&#8217;a elendikleri i\u00e7in b\u00fcy\u00fck bir hayal k\u0131r\u0131kl\u0131\u011f\u0131 ya\u015fad\u0131\u011f\u0131n\u0131 s\u00f6yledi. \u00dclker Stad\u0131&#8217;nda oynanan ve 2-1 yenilerek elendikleri r\u00f6van\u015f kar\u015f\u0131la\u015fmas\u0131n\u0131n ard\u0131ndan d\u00fczenlenen bas\u0131n toplant\u0131s\u0131nda konu\u015fan Kocaman, yapt\u0131\u011f\u0131 k\u0131sa a\u00e7\u0131klamada, \u015funlar\u0131 kaydetti: &#8220;B\u00fcy\u00fck bir hayal k\u0131r\u0131kl\u0131\u011f\u0131 ve \u00fcz\u00fcnt\u00fc i\u00e7indeyiz. Bu sezon g\u00f6reve gelmeden \u00f6nce vurgulad\u0131\u011f\u0131m \u015fey, &hellip;<\/p>\n","protected":false},"author":3,"featured_media":254033,"comment_status":"open","ping_status":"open","sticky":false,"template":"","format":"standard","meta":{"_acf_changed":false,"footnotes":""},"categories":[68731,26554,5005],"tags":[2255,849,4118,213261],"class_list":["post-254031","post","type-post","status-publish","format-standard","has-post-thumbnail","hentry","category-gunun-yorumu","category-haftanin-yorumu","category-manset","tag-aykut-kocaman","tag-fenerbahce","tag-uefa-avrupa-ligi","tag-vardar"],"acf":[],"_links":{"self":[{"href":"https:\/\/www.nationalturk.com\/tr\/wp-json\/wp\/v2\/posts\/254031","targetHints":{"allow":["GET"]}}],"collection":[{"href":"https:\/\/www.nationalturk.com\/tr\/wp-json\/wp\/v2\/posts"}],"about":[{"href":"https:\/\/www.nationalturk.com\/tr\/wp-json\/wp\/v2\/types\/post"}],"author":[{"embeddable":true,"href":"https:\/\/www.nationalturk.com\/tr\/wp-json\/wp\/v2\/users\/3"}],"replies":[{"embeddable":true,"href":"https:\/\/www.nationalturk.com\/tr\/wp-json\/wp\/v2\/comments?post=254031"}],"version-history":[{"count":0,"href":"https:\/\/www.nationalturk.com\/tr\/wp-json\/wp\/v2\/posts\/254031\/revisions"}],"wp:featuredmedia":[{"embeddable":true,"href":"https:\/\/www.nationalturk.com\/tr\/wp-json\/wp\/v2\/media\/254033"}],"wp:attachment":[{"href":"https:\/\/www.nationalturk.com\/tr\/wp-json\/wp\/v2\/media?parent=254031"}],"wp:term":[{"taxonomy":"category","embeddable":true,"href":"https:\/\/www.nationalturk.com\/tr\/wp-json\/wp\/v2\/categories?post=254031"},{"taxonomy":"post_tag","embeddable":true,"href":"https:\/\/www.nationalturk.com\/tr\/wp-json\/wp\/v2\/tags?post=254031"}],"curies":[{"name":"wp","href":"https:\/\/api.w.org\/{rel}","templated":true}]}}