{"id":254071,"date":"2017-08-28T11:30:18","date_gmt":"2017-08-28T08:30:18","guid":{"rendered":"http:\/\/www.nationalturk.com\/?p=254071"},"modified":"2017-08-28T11:30:18","modified_gmt":"2017-08-28T08:30:18","slug":"yarbaydan-feto-itirafi","status":"publish","type":"post","link":"https:\/\/www.nationalturk.com\/tr\/yarbaydan-feto-itirafi\/","title":{"rendered":"Yarbaydan FET\u00d6 itiraf\u0131"},"content":{"rendered":"<h2>FET\u00d6 15 Temmuz 2016&#8217;daki darbe giri\u015fiminden 13 ay sonra Antalya&#8217;da yakalanan Yurtta Sulh Konseyi \u00fcyesi eski kurmay yarbay \u00d6zcan Karacan, emniyette verdi\u011fi ifadesinde \u00f6rg\u00fctle g\u00f6n\u00fcl ba\u011f\u0131 oldu\u011funu kabul etti.<\/h2>\n<p>Darbe giri\u015fiminden sonra firar eden ve 16 A\u011fustos&#8217;ta Antalya&#8217;n\u0131n Muratpa\u015fa il\u00e7esinde g\u00f6zalt\u0131na al\u0131nan eski Kara Havac\u0131l\u0131k Komutanl\u0131\u011f\u0131 Taarruz Helikopter Tabur Komutan\u0131 kurmay yarbay Karacan&#8217;\u0131n emniyet ifadesi ortaya \u00e7\u0131kt\u0131.<\/p>\n<p>\u0130fadesinde Kara Harp Okulundan 1997&#8217;de te\u011fmen r\u00fctbesiyle mezun oldu\u011funu anlatan Karacan, \u00e7ocukluk y\u0131llar\u0131ndan itibaren sevilen, zeki ve sayg\u0131l\u0131 biri oldu\u011fu i\u00e7in FET\u00d6 mensuplar\u0131nca yak\u0131n takibe al\u0131nd\u0131\u011f\u0131n\u0131 belirtti.<\/p>\n<p>FET\u00d6 ile ilk temas\u0131n\u0131n askeri lise y\u0131llar\u0131na dayand\u0131\u011f\u0131n\u0131 kaydeden Karacan, &#8220;Benimle g\u00f6n\u00fcl ba\u011f\u0131 kurabilmeleri Harp Okulu birinci s\u0131n\u0131f\u0131n sonlar\u0131na denk gelmektedir. Onlar\u0131n tam \u00fcyesi olmamakla birlikte benimle temas etmeyi hep s\u00fcrd\u00fcrd\u00fcler. Harp Okulu 3. s\u0131n\u0131ftan itibaren evlere gelmemi istediler. Ben o evlerde, abi denilen insanlar\u0131n arkas\u0131nda vakti girdiyse namaz k\u0131lm\u0131\u015f\u0131md\u0131r. Bunlar benim hayat\u0131mda hi\u00e7 engel olu\u015fturmad\u0131. Kararlar\u0131mda \u00f6nc\u00fc ve ya fikir veren duruma da gelemediler. Ailem benim FET\u00d6 mensubu oldu\u011fumu kesinlikle bilmemektedir.&#8221; ifadelerini kulland\u0131.<\/p>\n<h3>&#8220;Ankes\u00f6rl\u00fc telefondan bana ula\u015f\u0131yorlard\u0131&#8221;<\/h3>\n<p>\u00d6rg\u00fctte tan\u0131d\u0131\u011f\u0131 isimler ve \u00f6rg\u00fcttekiler ile ileti\u015fimi nas\u0131l sa\u011flad\u0131\u011f\u0131 sorulan Karacan, yap\u0131 i\u00e7erisine dahil olduktan sonra kendisinden sorumlu ilk abisinin kod isminin Cemal oldu\u011funu belirtti.<\/p>\n<p>\u00d6rg\u00fct mensuplar\u0131yla s\u0131k olmasa da g\u00f6r\u00fc\u015fmelerine devam etti\u011fini aktaran Karacan, &#8220;Onlar benimle irtibat\u0131 kesmeyerek g\u00f6n\u00fcl ba\u011f\u0131m\u0131 koparmama bir t\u00fcrl\u00fc m\u00fcsaade etmediler. Benim onlara uzak olmama ra\u011fmen bir t\u00fcrl\u00fc kopamama sebebi kendilerinde g\u00f6rd\u00fc\u011f\u00fcm samimi davran\u0131\u015flar ve bu insanlar\u0131n bir g\u00fcn k\u00f6t\u00fc bir \u015fey yapabilecekleri veya yapmam\u0131 isteyeceklerini hi\u00e7 d\u00fc\u015f\u00fcnmedi\u011fimden kaynaklanmaktad\u0131r. Bunlar, kulland\u0131\u011f\u0131m cep telefonumdan ankes\u00f6rl\u00fc telefonla arayarak bana ula\u015f\u0131yorlard\u0131 ve bulu\u015fma isteklerini iletiyorlard\u0131. Bug\u00fcne kadar telefonuma herhangi bir program y\u00fckleme olay\u0131m olmad\u0131.&#8221; \u015feklinde savunma yapt\u0131.<\/p>\n<h4>\u00a0&#8220;Darbe bilgilerini \u00dcnsal Pa\u015fa&#8217;dan ald\u0131m&#8221;<\/h4>\n<p>Darbeye ili\u015fkin emirleri kimden ald\u0131\u011f\u0131 sorulan Karacan, s\u00f6z konusu emirleri kendisine eski Kara Havac\u0131l\u0131k Okul Komutan\u0131 tu\u011fgeneral \u00dcnsal Co\u015fkun&#8217;un verdi\u011fini dile getirdi. 15 Temmuz&#8217;da n\u00f6bet\u00e7i olmamas\u0131na ra\u011fmen n\u00f6betinin de\u011fi\u015ftirildi\u011fini ifade eden Karacan, \u015funlar\u0131 kaydetti:<\/p>\n<p>&#8220;Ben darbe ile ilgili t\u00fcm bilgileri \u00dcnsal Co\u015fkun Pa\u015fa&#8217;dan ald\u0131m ancak darbe yap\u0131yoruz gibi bir s\u00f6ylemde bulunmad\u0131. Bana, u\u00e7acak helikopterler ve pilotlar\u0131n koordine edilmesi emrini verdi. 2016 y\u0131l\u0131 Ramazan Bayram\u0131&#8217;ndan sonra ailemle tatil planlam\u0131\u015ft\u0131m. Malatya&#8217;dayken 6 veya 7 Temmuz&#8217;da ankes\u00f6rl\u00fc bir telefondan arand\u0131m. Arayan ki\u015fi benden sorumlu olan Abdullah kod isimli \u015fah\u0131st\u0131. Benden tatilimi kesip, hemen Ankara&#8217;ya gelmemi istedi. Tabii benim cemaat ba\u011flant\u0131mdan haberi olmayan e\u015fim ve kom\u015fumdan bu ani durumu saklayabilmek i\u00e7in alay komutan\u0131m\u0131z taraf\u0131ndan arand\u0131\u011f\u0131m\u0131 s\u00f6yledim. Onlar bu yalan beyana mesle\u011fimin ve gelece\u011fimin tehlikeye girmemesi d\u00fc\u015f\u00fcncesiyle olsa gerek inand\u0131lar. Ankara&#8217;ya geldikten sonra ailemi eve yerle\u015ftirdim. \u015eahs\u0131n evi Dikmen&#8217;deydi. Evinin yak\u0131nlar\u0131nda d\u0131\u015far\u0131da bana &#8216;\u00dcnsal Pa\u015fa size bir emir verecek, onu \u00fczmeyeceksiniz.&#8217; dedi. Pazartesi, \u00dcnsal Pa\u015fa&#8217;n\u0131n odas\u0131na gittim. Yan\u0131mda Halil G\u00fcl&#8217;\u00fcn oldu\u011funu hat\u0131rl\u0131yorum. Kendisi bana u\u00e7u\u015f faaliyetinin olaca\u011f\u0131n\u0131, \u00e7ok miktarda helikopterin u\u00e7aca\u011f\u0131n\u0131 ve ihtiyac\u0131 olaca\u011f\u0131n\u0131 ifade etti. Benim taburum listesi \u00fczerinde muhtemelen kendi de\u011ferlendirmelerinin oldu\u011funu, de\u011ferlendirdi\u011fim baz\u0131 isimlere olumlu manada \u00e7ek koyarak, bana olan itimad\u0131n\u0131n tam oldu\u011funu ifade ederek, bana g\u00f6revi tam bir ketumiyet ve askeri disiplin i\u00e7erisinde verdi.&#8221;<\/p>\n<!-- Error, Advert is not available at this time due to schedule\/geolocation restrictions! -->\n<h4>Darbe toplant\u0131s\u0131na kat\u0131lm\u0131\u015f<\/h4>\n<p>Emniyet ifadesinde, darbeye haz\u0131rl\u0131k ama\u00e7l\u0131 yap\u0131lan toplant\u0131lardan da bahseden Karacan, 13 ve 14 Temmuz 2016&#8217;da Yenimahalle&#8217;de ger\u00e7ekle\u015ftirilen toplant\u0131larda \u0130lkay Ate\u015f, Taha Fatih \u00c7elik, Murat Bolat, Okan Kocakurt ve \u00d6zel Kuvvetler personeli ile sivil \u015fah\u0131slar\u0131n bulundu\u011funu beyan etti. Karacan, toplant\u0131da konu\u015fulanlar\u0131 ise \u015fu s\u00f6zlerle aktard\u0131:<\/p>\n<p>&#8220;Toplant\u0131n\u0131n yap\u0131ld\u0131\u011f\u0131 eve bizden \u00f6nce gelmi\u015f \u00d6zel Kuvvetlerden oldu\u011funu d\u00fc\u015f\u00fcnd\u00fc\u011f\u00fcm ki\u015filerle toplant\u0131 yapt\u0131k. M\u0130T binas\u0131na gidilecek, Ba\u015fbakanl\u0131\u011fa gidilecek ve \u0130\u00e7i\u015fleri Bakanl\u0131\u011f\u0131na gidilecek. Buralara karadan kendilerinin gidece\u011fini, bizden de bir sonraki g\u00fcn net olarak ifade edecekleri saatte \u00fczerilerinde olmam\u0131z istendi. Al\u00e7ak u\u00e7u\u015f yaparak yerdeki personelin direncinin erken k\u0131r\u0131lmas\u0131n\u0131 sa\u011flayarak olas\u0131 bir \u00e7at\u0131\u015fmay\u0131 \u00f6nleyip kan d\u00f6k\u00fclmesinin engellenmesini istediler. Yine bu toplant\u0131da tim komutanlar\u0131n\u0131n bir sonraki g\u00fcn, yani 15 Temmuz gecesi saat 23.00&#8217;te Kara Havac\u0131l\u0131k&#8217;ta taraf\u0131m\u0131zdan tahsis edilecek bir odada son detay brifingin yap\u0131lmas\u0131 \u00f6ng\u00f6r\u00fclerek toplant\u0131 sonland\u0131r\u0131ld\u0131.&#8221;<\/p>\n<h5>\u00a0FET\u00d6&#8217;y\u00fc kabul etti<\/h5>\n<p>Darbe giri\u015fiminin alt\u0131nda FET\u00d6&#8217;n\u00fcn oldu\u011funu kabul eden ve pi\u015fman oldu\u011funu belirten Karacan, \u015funlar\u0131 s\u00f6yledi:<\/p>\n<p>&#8220;Ben bu faaliyetin bir FET\u00d6 refleksi ile ba\u015flad\u0131\u011f\u0131n\u0131 d\u00fc\u015f\u00fcnmeme ra\u011fmen geriye kalan t\u00fcm faaliyetlerin askeri hiyerar\u015fi ve Genelkurmay Ba\u015fkan\u0131 seviyesinde oldu\u011funu d\u00fc\u015f\u00fcnerek hareket ettim. Bu s\u00fcre\u00e7te normal d\u00fc\u015f\u00fcnen insanlar nas\u0131l olur da bizim beynimizi bir tane \u00f6rg\u00fcte teslim etti\u011fimizi d\u00fc\u015f\u00fcnmektedir. Olaylar \u00f6yle karga\u015fa i\u00e7erisinde cereyan ettiki daha \u00f6nce say\u0131s\u0131z operasyona g\u00f6z\u00fcn\u00fc k\u0131rpmadan girdi\u011fim amirlerimle bu faaliyetin i\u00e7erisinde yer ald\u0131m. 16 Temmuz sabah\u0131 bizi t\u00fcm T\u00fcrkiye \u00f6n\u00fcnde hain konumuna d\u00fc\u015f\u00fcreceklerini hi\u00e7 de\u011ferlendirmedim. Yap\u0131lan t\u00fcm faaliyetlerden dolay\u0131 pi\u015fman\u0131m. \u015eu andaki bilgi seviyemle ve d\u00fc\u015f\u00fcncemle olsam, her ne olursa olsun \u00fclkemizi karanl\u0131k gelece\u011fe s\u00fcr\u00fckleyecek bu vahim olay\u0131n i\u00e7inde yer almazd\u0131m.&#8221;<\/p>\n<h6>\u00dc\u00e7 davada yarg\u0131lan\u0131yor<\/h6>\n<p>Antalya&#8217;da yakalanan eski Kara Havac\u0131l\u0131k Komutanl\u0131\u011f\u0131 Taarruz Helikopter Tabur Komutan\u0131 eski kurmay yarbay \u00d6zcan Karacan, darbe giri\u015fimine ili\u015fkin a\u00e7\u0131lan \u00fc\u00e7 davan\u0131n firari san\u0131\u011f\u0131 konumundayd\u0131.<\/p>\n<p>Genelkurmay \u00c7at\u0131, Cumhurba\u015fkan\u0131 Recep Tayyip Erdo\u011fan&#8217;a y\u00f6nelik suikast giri\u015fimi ve 2 polisin \u015fehit edildi\u011fi sald\u0131r\u0131ya ili\u015fkin Mu\u011fla&#8217;da g\u00f6r\u00fclen dava ile Kara Havac\u0131l\u0131k Komutanl\u0131\u011f\u0131ndaki olaylara ili\u015fkin a\u00e7\u0131lan davan\u0131n san\u0131klar\u0131 aras\u0131nda yer alan Karacan, darbecilerin haz\u0131rlad\u0131\u011f\u0131 s\u00f6zde Yurtta Sulh Konseyi listesinde 31. s\u0131rada bulunuyor.<\/p>\n<p>Ankara&#8217;da darbeye haz\u0131rl\u0131k faaliyetlerine de kat\u0131ld\u0131\u011f\u0131 tespit edilen Karacan&#8217;\u0131n darbe gecesi i\u00e7in m\u00fchimmat depolanmas\u0131 emrini verdi\u011fi de ortaya \u00e7\u0131kt\u0131. Darbe giri\u015fimi g\u00fcn\u00fc saat 13.00 s\u0131ralar\u0131nda, hafta sonu jandarma ile ortak go\u0308steri tatbikat\u0131 yap\u0131lacag\u0306\u0131 gerek\u00e7esiyle 800 adet 20 milimetrelik top mu\u0308himmat\u0131n\u0131n depolanmas\u0131n\u0131 sa\u011flad\u0131\u011f\u0131 belirlenen Karacan&#8217;\u0131n, ayr\u0131ca Malatya 2. Kara Havac\u0131l\u0131k Alay Komutanl\u0131\u011f\u0131ndan darbe giri\u015fiminde kullan\u0131lmak \u00fczere m\u00fchimmat, personel ve helikopterlerin Ankara&#8217;ya g\u00f6nderilmesi talimat\u0131n\u0131 verdi\u011fi tespit edildi. Bu kapsamda bin 500 m\u00fchimmat, 2 helikopterle Ankara&#8217;ya ula\u015ft\u0131r\u0131ld\u0131.<\/p>\n<h5>Tutuklanmas\u0131na karar verilmi\u015fti<\/h5>\n<p>Karacan, 16 A\u011fustos&#8217;ta yakalanmas\u0131n\u0131n ard\u0131ndan 25 A\u011fustos&#8217;ta Ankara 17. A\u011f\u0131r Ceza Mahkemesince Sincan&#8217;da g\u00f6r\u00fclen Kara Havac\u0131l\u0131k Komutanl\u0131\u011f\u0131 darbe davas\u0131n\u0131n duru\u015fmas\u0131na getirildi.<\/p>\n<p>Savunmas\u0131n\u0131 haz\u0131rlamas\u0131 i\u00e7in s\u00fcre verilen Karacan&#8217;\u0131n, Kara Havac\u0131l\u0131k Komutanl\u0131\u011f\u0131 darbe davas\u0131 ile Genelkurmay \u00c7at\u0131 davas\u0131 kapsam\u0131nda tutuklanmas\u0131na karar verilmi\u015fti.<\/p>\n<!-- Error, Advert is not available at this time due to schedule\/geolocation restrictions! -->\n","protected":false},"excerpt":{"rendered":"<p>FET\u00d6 15 Temmuz 2016&#8217;daki darbe giri\u015fiminden 13 ay sonra Antalya&#8217;da yakalanan Yurtta Sulh Konseyi \u00fcyesi eski kurmay yarbay \u00d6zcan Karacan, emniyette verdi\u011fi ifadesinde \u00f6rg\u00fctle g\u00f6n\u00fcl ba\u011f\u0131 oldu\u011funu kabul etti. Darbe giri\u015fiminden sonra firar eden ve 16 A\u011fustos&#8217;ta Antalya&#8217;n\u0131n Muratpa\u015fa il\u00e7esinde g\u00f6zalt\u0131na al\u0131nan eski Kara Havac\u0131l\u0131k Komutanl\u0131\u011f\u0131 Taarruz Helikopter Tabur Komutan\u0131 kurmay yarbay Karacan&#8217;\u0131n emniyet ifadesi &hellip;<\/p>\n","protected":false},"author":3,"featured_media":254074,"comment_status":"open","ping_status":"open","sticky":false,"template":"","format":"standard","meta":{"_acf_changed":false,"footnotes":""},"categories":[5005,6805],"tags":[14377,212027],"class_list":["post-254071","post","type-post","status-publish","format-standard","has-post-thumbnail","hentry","category-manset","category-turkiye","tag-darbe","tag-ozcan-karacan"],"acf":[],"_links":{"self":[{"href":"https:\/\/www.nationalturk.com\/tr\/wp-json\/wp\/v2\/posts\/254071","targetHints":{"allow":["GET"]}}],"collection":[{"href":"https:\/\/www.nationalturk.com\/tr\/wp-json\/wp\/v2\/posts"}],"about":[{"href":"https:\/\/www.nationalturk.com\/tr\/wp-json\/wp\/v2\/types\/post"}],"author":[{"embeddable":true,"href":"https:\/\/www.nationalturk.com\/tr\/wp-json\/wp\/v2\/users\/3"}],"replies":[{"embeddable":true,"href":"https:\/\/www.nationalturk.com\/tr\/wp-json\/wp\/v2\/comments?post=254071"}],"version-history":[{"count":0,"href":"https:\/\/www.nationalturk.com\/tr\/wp-json\/wp\/v2\/posts\/254071\/revisions"}],"wp:featuredmedia":[{"embeddable":true,"href":"https:\/\/www.nationalturk.com\/tr\/wp-json\/wp\/v2\/media\/254074"}],"wp:attachment":[{"href":"https:\/\/www.nationalturk.com\/tr\/wp-json\/wp\/v2\/media?parent=254071"}],"wp:term":[{"taxonomy":"category","embeddable":true,"href":"https:\/\/www.nationalturk.com\/tr\/wp-json\/wp\/v2\/categories?post=254071"},{"taxonomy":"post_tag","embeddable":true,"href":"https:\/\/www.nationalturk.com\/tr\/wp-json\/wp\/v2\/tags?post=254071"}],"curies":[{"name":"wp","href":"https:\/\/api.w.org\/{rel}","templated":true}]}}