{"id":254107,"date":"2017-08-29T14:30:30","date_gmt":"2017-08-29T11:30:30","guid":{"rendered":"http:\/\/www.nationalturk.com\/?p=254107"},"modified":"2017-08-29T14:30:30","modified_gmt":"2017-08-29T11:30:30","slug":"netanyahu-yahudi-yerlesimlerinin-kaldirilmasina-izin-vermeyecegim","status":"publish","type":"post","link":"https:\/\/www.nationalturk.com\/tr\/netanyahu-yahudi-yerlesimlerinin-kaldirilmasina-izin-vermeyecegim\/","title":{"rendered":"Netanyahu: Yahudi yerle\u015fimlerinin kald\u0131r\u0131lmas\u0131na izin vermeyece\u011fim"},"content":{"rendered":"<h2>\u0130srail Ba\u015fbakan\u0131 Binyamin Netanyahu, i\u015fgal alt\u0131ndaki Bat\u0131 \u015eeria&#8217;da bulunan yasa d\u0131\u015f\u0131 Yahudi yerle\u015fim birimlerinin hi\u00e7birinin kald\u0131r\u0131lmas\u0131na izin vermeyece\u011fini s\u00f6yledi.<\/h2>\n<p>\u0130srail&#8217;in &#8220;Maariv&#8221; gazetesinin haberine g\u00f6re Netanyahu, d\u00fcn Bat\u0131 \u015eeria&#8217;da Yahudi yerle\u015fim birimleri olu\u015fturulmaya ba\u015flamas\u0131n\u0131n 50&#8217;nci y\u0131l d\u00f6n\u00fcm\u00fc m\u00fcnasebetiyle yapt\u0131\u011f\u0131 konu\u015fmada, &#8220;\u0130srail&#8217;in Yahuda ve Samara&#8217;ya (Bat\u0131 \u015eeria) do\u011fru uzanan topraklardaki hi\u00e7bir yerle\u015fim yerinin kald\u0131r\u0131lmas\u0131na izin vermeyece\u011fim.&#8221; dedi.<\/p>\n<p>\u0130srail tarihinde Yahudi yerle\u015fim birimleri i\u00e7in en \u00e7ok \u00e7al\u0131\u015fan h\u00fck\u00fcmet olduklar\u0131n\u0131 belirten Netanyahu, &#8220;Yerle\u015fim yerlerinin kald\u0131r\u0131lmas\u0131n\u0131n bar\u0131\u015fa bir katk\u0131s\u0131 olmayacak. Gazze \u015eeridi&#8217;nden \u00e7\u0131kmam\u0131zla roketlere maruz kald\u0131k, ancak daha fazlas\u0131na m\u00fcsaade etmeyece\u011fiz. Bu topraklar\u0131 \u00f6nemsiyoruz ve stratejik m\u00fclk\u00fcm\u00fcz olarak korumaya devam edece\u011fiz.&#8221; diye konu\u015ftu.<\/p>\n<p>&#8220;Netanyahu&#8217;nun s\u00f6zleri ABD&#8217;nin \u00e7abalar\u0131na ihanet&#8221;<br \/>\n\u00d6te yandan Filistin D\u0131\u015fi\u015fleri Bakanl\u0131\u011f\u0131, Netanyahu&#8217;nun s\u00f6zlerine tepki g\u00f6sterdi. Bakanl\u0131ktan yap\u0131lan yaz\u0131l\u0131 a\u00e7\u0131klamada, &#8220;\u0130srail Ba\u015fbakan\u0131&#8217;n\u0131n Bat\u0131 \u015eeria&#8217;daki Yahudi yerle\u015fim yerlerinin kal\u0131c\u0131 olaca\u011f\u0131n\u0131 s\u00f6ylemesi, bar\u0131\u015f m\u00fczakerelerin yeniden ba\u015flamas\u0131 i\u00e7in ABD&#8217;nin y\u00fcr\u00fctt\u00fc\u011f\u00fc \u00e7abalara ihanet anlam\u0131na geliyor.&#8221; ifadeleri kullan\u0131ld\u0131.<\/p>\n<p>Yerle\u015fim birimlerinin, imzalanan anla\u015fmalar ve uluslararas\u0131 kararlara g\u00f6re b\u00fct\u00fcn y\u00f6nleriyle hukuka ayk\u0131r\u0131 oldu\u011funu vurgulanan a\u00e7\u0131klamada, \u015funlar kaydedildi:<\/p>\n<p>&#8220;ABD Ba\u015fkan\u0131 Donald Trump&#8217;\u0131n ba\u015fdan\u0131\u015fman\u0131 ve damad\u0131 Jared Kushner ba\u015fkanl\u0131\u011f\u0131ndaki heyetin b\u00f6lgeye ger\u00e7ekle\u015ftirdi\u011fi ziyaretin ard\u0131ndan d\u00fcn Birle\u015fmi\u015f Milletler (BM) Genel Sekreteri Antonio Guterres ile bir araya gelen Netanyahu, bar\u0131\u015f m\u00fczakerelerin yeniden ba\u015flat\u0131lmas\u0131 y\u00f6n\u00fcndeki \u00e7al\u0131\u015fmalara sald\u0131r\u0131lar\u0131n\u0131 art\u0131rd\u0131. Netanyahu h\u00fck\u00fcmeti taraf\u0131ndan Filistin topraklar\u0131nda ve \u00f6zellikle de Kud\u00fcs&#8217;te yap\u0131lan t\u00fcm uygulamalar ge\u00e7ersizdir ve hi\u00e7bir h\u00fckm\u00fc de yoktur.&#8221;<\/p>\n<!-- Error, Advert is not available at this time due to schedule\/geolocation restrictions! -->\n","protected":false},"excerpt":{"rendered":"<p>\u0130srail Ba\u015fbakan\u0131 Binyamin Netanyahu, i\u015fgal alt\u0131ndaki Bat\u0131 \u015eeria&#8217;da bulunan yasa d\u0131\u015f\u0131 Yahudi yerle\u015fim birimlerinin hi\u00e7birinin kald\u0131r\u0131lmas\u0131na izin vermeyece\u011fini s\u00f6yledi. \u0130srail&#8217;in &#8220;Maariv&#8221; gazetesinin haberine g\u00f6re Netanyahu, d\u00fcn Bat\u0131 \u015eeria&#8217;da Yahudi yerle\u015fim birimleri olu\u015fturulmaya ba\u015flamas\u0131n\u0131n 50&#8217;nci y\u0131l d\u00f6n\u00fcm\u00fc m\u00fcnasebetiyle yapt\u0131\u011f\u0131 konu\u015fmada, &#8220;\u0130srail&#8217;in Yahuda ve Samara&#8217;ya (Bat\u0131 \u015eeria) do\u011fru uzanan topraklardaki hi\u00e7bir yerle\u015fim yerinin kald\u0131r\u0131lmas\u0131na izin vermeyece\u011fim.&#8221; dedi. &hellip;<\/p>\n","protected":false},"author":4,"featured_media":254108,"comment_status":"open","ping_status":"open","sticky":false,"template":"","format":"standard","meta":{"_acf_changed":false,"footnotes":""},"categories":[6665,6155,5005,6772,349],"tags":[28543,7362,11334,1555,110277],"class_list":["post-254107","post","type-post","status-publish","format-standard","has-post-thumbnail","hentry","category-dunya","category-gundem","category-manset","category-ortadogu","category-son-dakika","tag-binyamin-netanyahu","tag-filistin","tag-gazze-seridi","tag-israil","tag-netanyahu"],"acf":[],"_links":{"self":[{"href":"https:\/\/www.nationalturk.com\/tr\/wp-json\/wp\/v2\/posts\/254107","targetHints":{"allow":["GET"]}}],"collection":[{"href":"https:\/\/www.nationalturk.com\/tr\/wp-json\/wp\/v2\/posts"}],"about":[{"href":"https:\/\/www.nationalturk.com\/tr\/wp-json\/wp\/v2\/types\/post"}],"author":[{"embeddable":true,"href":"https:\/\/www.nationalturk.com\/tr\/wp-json\/wp\/v2\/users\/4"}],"replies":[{"embeddable":true,"href":"https:\/\/www.nationalturk.com\/tr\/wp-json\/wp\/v2\/comments?post=254107"}],"version-history":[{"count":0,"href":"https:\/\/www.nationalturk.com\/tr\/wp-json\/wp\/v2\/posts\/254107\/revisions"}],"wp:featuredmedia":[{"embeddable":true,"href":"https:\/\/www.nationalturk.com\/tr\/wp-json\/wp\/v2\/media\/254108"}],"wp:attachment":[{"href":"https:\/\/www.nationalturk.com\/tr\/wp-json\/wp\/v2\/media?parent=254107"}],"wp:term":[{"taxonomy":"category","embeddable":true,"href":"https:\/\/www.nationalturk.com\/tr\/wp-json\/wp\/v2\/categories?post=254107"},{"taxonomy":"post_tag","embeddable":true,"href":"https:\/\/www.nationalturk.com\/tr\/wp-json\/wp\/v2\/tags?post=254107"}],"curies":[{"name":"wp","href":"https:\/\/api.w.org\/{rel}","templated":true}]}}