{"id":254145,"date":"2017-08-31T16:27:12","date_gmt":"2017-08-31T13:27:12","guid":{"rendered":"http:\/\/www.nationalturk.com\/?p=254145"},"modified":"2017-08-31T16:29:04","modified_gmt":"2017-08-31T13:29:04","slug":"emniyet-vatan-sasmazin-goruntuleri-icin-harekete-gecti","status":"publish","type":"post","link":"https:\/\/www.nationalturk.com\/tr\/emniyet-vatan-sasmazin-goruntuleri-icin-harekete-gecti\/","title":{"rendered":"Emniyet, Vatan \u015ea\u015fmaz&#8217;\u0131n g\u00f6r\u00fcnt\u00fcleri i\u00e7in harekete ge\u00e7ti"},"content":{"rendered":"<h2>Emniyet Genel M\u00fcd\u00fcrl\u00fc\u011f\u00fcnce oyuncu ve sunucu Vatan \u015ea\u015fmaz&#8217;\u0131n \u00f6ld\u00fcr\u00fclmesi ve eski manken Filiz Aker&#8217;in intihar\u0131 ile sonu\u00e7lanan olaya ili\u015fkin g\u00f6r\u00fcnt\u00fclerin sosyal medyadan yay\u0131nlamas\u0131 \u00fczerine harekete ge\u00e7ti.<\/h2>\n<p>Emniyet Genel M\u00fcd\u00fcrl\u00fc\u011f\u00fcn, Vatan \u015ea\u015fmaz&#8217;\u0131n \u00f6ld\u00fcr\u00fclmesi ve eski manken Filiz Aker&#8217;in intihar etmesi olay\u0131n\u0131n sosyal medyaya yans\u0131yan ilk g\u00f6r\u00fcnt\u00fclerini ara\u015ft\u0131rmak \u00fczere ba\u015fm\u00fcfetti\u015f g\u00f6revlendirildi.<\/p>\n<p>Emniyet Genel M\u00fcd\u00fcrl\u00fc\u011f\u00fcnden yap\u0131lan yaz\u0131l\u0131 a\u00e7\u0131klamada, \u0130stanbul&#8217;da bir otel odas\u0131nda \u015ea\u015fmaz ve Aker&#8217;in \u00f6l\u00fcm\u00fc ile sonu\u00e7lanan olay\u0131n ilk g\u00f6r\u00fcnt\u00fclerinin sosyal medya hesaplar\u0131ndan payla\u015f\u0131ld\u0131\u011f\u0131 hat\u0131rlat\u0131ld\u0131.<\/p>\n<p>A\u00e7\u0131klamada, &#8220;Emniyet Genel M\u00fcd\u00fcrl\u00fc\u011f\u00fcnce konunun ara\u015ft\u0131r\u0131lmas\u0131 i\u00e7in Polis Ba\u015fm\u00fcfetti\u015fi g\u00f6revlendirilmi\u015ftir.&#8221; denildi.<\/p>\n<!-- Error, Advert is not available at this time due to schedule\/geolocation restrictions! -->\n","protected":false},"excerpt":{"rendered":"<p>Emniyet Genel M\u00fcd\u00fcrl\u00fc\u011f\u00fcnce oyuncu ve sunucu Vatan \u015ea\u015fmaz&#8217;\u0131n \u00f6ld\u00fcr\u00fclmesi ve eski manken Filiz Aker&#8217;in intihar\u0131 ile sonu\u00e7lanan olaya ili\u015fkin g\u00f6r\u00fcnt\u00fclerin sosyal medyadan yay\u0131nlamas\u0131 \u00fczerine harekete ge\u00e7ti. Emniyet Genel M\u00fcd\u00fcrl\u00fc\u011f\u00fcn, Vatan \u015ea\u015fmaz&#8217;\u0131n \u00f6ld\u00fcr\u00fclmesi ve eski manken Filiz Aker&#8217;in intihar etmesi olay\u0131n\u0131n sosyal medyaya yans\u0131yan ilk g\u00f6r\u00fcnt\u00fclerini ara\u015ft\u0131rmak \u00fczere ba\u015fm\u00fcfetti\u015f g\u00f6revlendirildi. Emniyet Genel M\u00fcd\u00fcrl\u00fc\u011f\u00fcnden yap\u0131lan yaz\u0131l\u0131 a\u00e7\u0131klamada, &hellip;<\/p>\n","protected":false},"author":3,"featured_media":254151,"comment_status":"open","ping_status":"open","sticky":false,"template":"","format":"standard","meta":{"_acf_changed":false,"footnotes":""},"categories":[5005,6805],"tags":[74783,33385,99106],"class_list":["post-254145","post","type-post","status-publish","format-standard","has-post-thumbnail","hentry","category-manset","category-turkiye","tag-emniyet","tag-filiz-aker","tag-vatan-sasmaz"],"acf":[],"_links":{"self":[{"href":"https:\/\/www.nationalturk.com\/tr\/wp-json\/wp\/v2\/posts\/254145","targetHints":{"allow":["GET"]}}],"collection":[{"href":"https:\/\/www.nationalturk.com\/tr\/wp-json\/wp\/v2\/posts"}],"about":[{"href":"https:\/\/www.nationalturk.com\/tr\/wp-json\/wp\/v2\/types\/post"}],"author":[{"embeddable":true,"href":"https:\/\/www.nationalturk.com\/tr\/wp-json\/wp\/v2\/users\/3"}],"replies":[{"embeddable":true,"href":"https:\/\/www.nationalturk.com\/tr\/wp-json\/wp\/v2\/comments?post=254145"}],"version-history":[{"count":0,"href":"https:\/\/www.nationalturk.com\/tr\/wp-json\/wp\/v2\/posts\/254145\/revisions"}],"wp:featuredmedia":[{"embeddable":true,"href":"https:\/\/www.nationalturk.com\/tr\/wp-json\/wp\/v2\/media\/254151"}],"wp:attachment":[{"href":"https:\/\/www.nationalturk.com\/tr\/wp-json\/wp\/v2\/media?parent=254145"}],"wp:term":[{"taxonomy":"category","embeddable":true,"href":"https:\/\/www.nationalturk.com\/tr\/wp-json\/wp\/v2\/categories?post=254145"},{"taxonomy":"post_tag","embeddable":true,"href":"https:\/\/www.nationalturk.com\/tr\/wp-json\/wp\/v2\/tags?post=254145"}],"curies":[{"name":"wp","href":"https:\/\/api.w.org\/{rel}","templated":true}]}}