{"id":254284,"date":"2017-09-07T15:02:17","date_gmt":"2017-09-07T12:02:17","guid":{"rendered":"http:\/\/www.nationalturk.com\/?p=254284"},"modified":"2017-09-07T15:16:15","modified_gmt":"2017-09-07T12:16:15","slug":"son-dakika-aymden-hdpye-ret","status":"publish","type":"post","link":"https:\/\/www.nationalturk.com\/tr\/son-dakika-aymden-hdpye-ret\/","title":{"rendered":"Son Dakika: AYM&#8217;den HDP&#8217;ye ret"},"content":{"rendered":"<p><img loading=\"lazy\" decoding=\"async\" src=\"http:\/\/www.nationalturk.com\/tr\/wp-content\/uploads\/2017\/06\/son-dakika-yatay-2.jpg\" alt=\"\" width=\"708\" height=\"408\" class=\"alignleft size-full wp-image-251905\" title=\"\"><\/p>\n<h2>Anayasa Mahkemesi Genel Kurulu, HDP \u015e\u0131rnak Milletvekili Faysal Sar\u0131y\u0131ld\u0131z ile Van Milletvekili Tu\u011fba Hezer \u00d6zt\u00fcrk&#8217;\u00fcn milletvekilliklerinin d\u00fc\u015f\u00fcr\u00fclmesine ili\u015fkin TBMM Genel Kurulu&#8217;nda al\u0131nan karar\u0131n iptal istemini oy birli\u011fiyle reddetti. \/ Son Dakika&#8230;<\/h2>\n<p>HDP \u015e\u0131rnak Milletvekili Aycan \u0130rmez, Sar\u0131y\u0131ld\u0131z ve \u00d6zt\u00fcrk&#8217;\u00fcn milletvekilliklerinin d\u00fc\u015f\u00fcr\u00fclmesine ili\u015fkin karar\u0131n iptali istemiyle Anayasa Mahkemesine ba\u015fvurdu.<\/p>\n<p>Ba\u015fvuruyu g\u00fcndem toplant\u0131s\u0131nda ele alan Anayasa Mahkemesi Genel Kurulu, TBMM Genel Kurulunun Sar\u0131y\u0131ld\u0131z ve \u00d6zt\u00fcrk&#8217;\u00fcn milletvekilliklerini d\u00fc\u015f\u00fcren karar\u0131n\u0131n anayasa, ilgili kanun ve i\u00e7t\u00fcz\u00fc\u011fe uygun oldu\u011funa h\u00fckmederek, iptal istemini reddetti.<\/p>\n<p>324 kabul 20 ret oyuyla milletvekillikleri d\u00fc\u015f\u00fcr\u00fcld\u00fc<br \/>\nFaysal Sar\u0131y\u0131ld\u0131z ve Tu\u011fba Hezer \u00d6zt\u00fcrk&#8217;\u00fcn milletvekillikleri &#8220;devams\u0131zl\u0131k&#8221; nedeniyle d\u00fc\u015f\u00fcr\u00fclm\u00fc\u015ft\u00fc.<\/p>\n<p>Her iki ismin ekim, kas\u0131m ve aral\u0131k 2016&#8217;da, be\u015fer birle\u015fimi a\u015fan devams\u0131zl\u0131klar\u0131 nedeniyle milletvekilliklerinin d\u00fc\u015f\u00fcr\u00fclmesi y\u00f6n\u00fcndeki TBMM tezkereleri 27 Temmuz&#8217;da oylanm\u0131\u015ft\u0131.<\/p>\n<p>Sar\u0131y\u0131ld\u0131z ve \u00d6zt\u00fcrk&#8217;\u00fcn milletvekillikleri, TBMM Genel Kurulundaki oylama sonucunda TBMM i\u00e7t\u00fcz\u00fc\u011f\u00fc gere\u011fi \u00fcye tam say\u0131s\u0131n\u0131n salt \u00e7o\u011funlu\u011fu olan 276&#8217;n\u0131n \u00fczerinde oyla d\u00fc\u015f\u00fcr\u00fclm\u00fc\u015ft\u00fc.<\/p>\n<p>Faysal Sar\u0131y\u0131ld\u0131z i\u00e7in yap\u0131lan oylamaya 357 milletvekili kat\u0131lm\u0131\u015f, 328 kabul, 29 ret oyu verilmi\u015fti. Tu\u011fba Hezer \u00d6zt\u00fcrk hakk\u0131ndaki oylamada 344 milletvekili yer alm\u0131\u015f, 324 kabul, 20 ret oyu kullan\u0131lm\u0131\u015ft\u0131.<\/p>\n<p>Anayasa&#8217;n\u0131n 85. maddesine g\u00f6re, milletvekilli\u011finin d\u00fc\u015fmesine Anayasa&#8217;n\u0131n 84. maddesinin 1, 3 veya 4. f\u0131kralar\u0131na g\u00f6re karar verilmesi hallerinde, Meclis Genel Kurulu karar\u0131n\u0131n al\u0131nd\u0131\u011f\u0131 tarihten ba\u015flayarak 7 g\u00fcn i\u00e7erisinde ilgili milletvekili veya bir di\u011fer milletvekili, karar\u0131n Anayasa, kanun veya i\u00e7t\u00fcz\u00fc\u011fe ayk\u0131r\u0131l\u0131\u011f\u0131 iddias\u0131yla iptali i\u00e7in Anayasa Mahkemesine ba\u015fvurabiliyor. Anayasa Mahkemesi, iptal istemini 15 g\u00fcn i\u00e7inde kesin karara ba\u011fl\u0131yor.<\/p>\n<p>Y\u00fcksek Mahkemenin bu karar\u0131yla Sar\u0131y\u0131ld\u0131z ve \u00d6zt\u00fcrk&#8217;\u00fcn milletvekilliklerinin d\u00fc\u015fmesi karar\u0131 kesinle\u015fti.<\/p>\n<!-- Error, Advert is not available at this time due to schedule\/geolocation restrictions! -->\n","protected":false},"excerpt":{"rendered":"<p>Anayasa Mahkemesi Genel Kurulu, HDP \u015e\u0131rnak Milletvekili Faysal Sar\u0131y\u0131ld\u0131z ile Van Milletvekili Tu\u011fba Hezer \u00d6zt\u00fcrk&#8217;\u00fcn milletvekilliklerinin d\u00fc\u015f\u00fcr\u00fclmesine ili\u015fkin TBMM Genel Kurulu&#8217;nda al\u0131nan karar\u0131n iptal istemini oy birli\u011fiyle reddetti. \/ Son Dakika&#8230; HDP \u015e\u0131rnak Milletvekili Aycan \u0130rmez, Sar\u0131y\u0131ld\u0131z ve \u00d6zt\u00fcrk&#8217;\u00fcn milletvekilliklerinin d\u00fc\u015f\u00fcr\u00fclmesine ili\u015fkin karar\u0131n iptali istemiyle Anayasa Mahkemesine ba\u015fvurdu. Ba\u015fvuruyu g\u00fcndem toplant\u0131s\u0131nda ele alan Anayasa Mahkemesi &hellip;<\/p>\n","protected":false},"author":4,"featured_media":252059,"comment_status":"open","ping_status":"open","sticky":false,"template":"","format":"standard","meta":{"_acf_changed":false,"footnotes":""},"categories":[763],"tags":[113758,146668,27382,212821],"class_list":["post-254284","post","type-post","status-publish","format-standard","has-post-thumbnail","hentry","category-gunun-olayi","tag-faysal-sariyildiz","tag-hdp","tag-son-dakika","tag-tugba-hezer-ozturk"],"acf":[],"_links":{"self":[{"href":"https:\/\/www.nationalturk.com\/tr\/wp-json\/wp\/v2\/posts\/254284","targetHints":{"allow":["GET"]}}],"collection":[{"href":"https:\/\/www.nationalturk.com\/tr\/wp-json\/wp\/v2\/posts"}],"about":[{"href":"https:\/\/www.nationalturk.com\/tr\/wp-json\/wp\/v2\/types\/post"}],"author":[{"embeddable":true,"href":"https:\/\/www.nationalturk.com\/tr\/wp-json\/wp\/v2\/users\/4"}],"replies":[{"embeddable":true,"href":"https:\/\/www.nationalturk.com\/tr\/wp-json\/wp\/v2\/comments?post=254284"}],"version-history":[{"count":0,"href":"https:\/\/www.nationalturk.com\/tr\/wp-json\/wp\/v2\/posts\/254284\/revisions"}],"wp:featuredmedia":[{"embeddable":true,"href":"https:\/\/www.nationalturk.com\/tr\/wp-json\/wp\/v2\/media\/252059"}],"wp:attachment":[{"href":"https:\/\/www.nationalturk.com\/tr\/wp-json\/wp\/v2\/media?parent=254284"}],"wp:term":[{"taxonomy":"category","embeddable":true,"href":"https:\/\/www.nationalturk.com\/tr\/wp-json\/wp\/v2\/categories?post=254284"},{"taxonomy":"post_tag","embeddable":true,"href":"https:\/\/www.nationalturk.com\/tr\/wp-json\/wp\/v2\/tags?post=254284"}],"curies":[{"name":"wp","href":"https:\/\/api.w.org\/{rel}","templated":true}]}}