{"id":254548,"date":"2017-09-15T12:06:40","date_gmt":"2017-09-15T09:06:40","guid":{"rendered":"http:\/\/www.nationalturk.com\/?p=254548"},"modified":"2017-09-15T12:23:54","modified_gmt":"2017-09-15T09:23:54","slug":"son-dakika-astanada-idlib-anlasmasi","status":"publish","type":"post","link":"https:\/\/www.nationalturk.com\/tr\/son-dakika-astanada-idlib-anlasmasi\/","title":{"rendered":"Son Dakika: Astana&#8217;da \u0130dlib anla\u015fmas\u0131"},"content":{"rendered":"<h2>Astana&#8217;da taraflar, \u0130dlib&#8217;te olu\u015fturulacak &#8220;\u00e7at\u0131\u015fmas\u0131zl\u0131k b\u00f6lgesi&#8221;nin s\u0131n\u0131rlar\u0131 konusunda anla\u015fmaya vard\u0131. \/ Son Dakika.<\/h2>\n<p>Kazakistan&#8217;\u0131n ba\u015fkenti Astana&#8217;da 6&#8217;nc\u0131s\u0131 d\u00fczenlenen Suriye konulu toplant\u0131da taraflar, T\u00fcrkiye s\u0131n\u0131r\u0131ndaki \u0130dlib ilinde olu\u015fturulacak &#8220;\u00e7at\u0131\u015fmas\u0131zl\u0131k b\u00f6lgesi&#8221;yle ilgili anla\u015fmaya vard\u0131. <\/p>\n<p>Toplant\u0131ya kat\u0131lan kaynaklardan al\u0131nan bilgiye g\u00f6re, ate\u015fkesin garant\u00f6r\u00fc T\u00fcrkiye, Rusya ve \u0130ran heyetleri, d\u00fcn ve bug\u00fcn ger\u00e7ekle\u015ftirdikleri g\u00f6r\u00fc\u015fmeler sonucunda, \u0130dlib ilinde kurulacak 4&#8217;\u00fcnc\u00fc \u00e7at\u0131\u015fmas\u0131zl\u0131k b\u00f6lgesinin s\u0131n\u0131rlar\u0131n\u0131 belirledi. <\/p>\n<p>Kaynaklar, \u0130dlib b\u00f6lgesine hangi g\u00fc\u00e7lerin konu\u015flanaca\u011f\u0131na ili\u015fkin g\u00f6r\u00fc\u015fmelerin s\u00fcrece\u011fini bildirdi.<\/p>\n<p>Anla\u015fman\u0131n k\u0131sa s\u00fcre i\u00e7inde deklarasyona yans\u0131mas\u0131 bekleniyor.<\/p>\n<p>D\u00f6rt &#8220;\u00e7at\u0131\u015fmas\u0131zl\u0131k b\u00f6lgesi&#8221;<br \/>\nAstana&#8217;da 3-4 May\u0131s&#8217;ta d\u00fczenlenen 4&#8217;\u00fcnc\u00fc toplant\u0131da T\u00fcrkiye, Rusya ve \u0130ran, rejim g\u00fc\u00e7leri ve muhalifler aras\u0131nda \u00e7at\u0131\u015fmalar\u0131n en yo\u011fun oldu\u011fu alanlarda &#8220;\u00e7at\u0131\u015fmas\u0131zl\u0131k b\u00f6lgeleri&#8221; olu\u015fturulmas\u0131na karar vermi\u015fti.<\/p>\n<p>Be\u015fincisi 4-5 Temmuz&#8217;da ger\u00e7ekle\u015ftirilen di\u011fer toplant\u0131da ise garant\u00f6r \u00fclkeler, Ortak \u00c7al\u0131\u015fma Grubu&#8217;nun \u00e7at\u0131\u015fmas\u0131zl\u0131k b\u00f6lgelerinin s\u0131n\u0131rlar\u0131 \u00fczerine \u00e7al\u0131\u015fmas\u0131na devam etmesi karar\u0131 alm\u0131\u015ft\u0131.<\/p>\n<p>Toplant\u0131 s\u0131ras\u0131nda ABD ve Rusya&#8217;n\u0131n, Suriye&#8217;nin g\u00fcneyindeki Dera ve Kuneytra illerini kapsayan \u00e7at\u0131\u015fmas\u0131zl\u0131k b\u00f6lgesinde, ABD&#8217;nin de s\u00f6z sahibi olaca\u011f\u0131 bir g\u00fcvenli b\u00f6lge kurmak i\u00e7in ayr\u0131 bir anla\u015fma yapt\u0131\u011f\u0131 ortaya \u00e7\u0131km\u0131\u015ft\u0131. Y\u00fcr\u00fcrl\u00fc\u011fe 9 Temmuz&#8217;da giren ate\u015fkesi denetlemek i\u00e7in Rus askeri polisi b\u00f6lgeye konu\u015flanm\u0131\u015ft\u0131.<\/p>\n<p>Rusya Savunma Bakanl\u0131\u011f\u0131, 22 Temmuz&#8217;da da \u015eam&#8217;\u0131n do\u011fusunda rejimin ku\u015fatmada tuttu\u011fu Do\u011fu Guta b\u00f6lgesinde ate\u015fkes i\u00e7in anla\u015f\u0131ld\u0131\u011f\u0131n\u0131 ilan etmi\u015fti.<\/p>\n<p>Rusya, 3 A\u011fustos&#8217;ta Humus&#8217;ta ate\u015fkes sa\u011fland\u0131\u011f\u0131n\u0131 duyurmu\u015f ancak anla\u015fmaya b\u00f6lgede n\u00fcfuzu s\u0131n\u0131rl\u0131 tek bir muhalif grubun imza att\u0131\u011f\u0131 \u00f6\u011frenilmi\u015fti.\u200b<\/p>\n<!-- Error, Advert is not available at this time due to schedule\/geolocation restrictions! -->\n","protected":false},"excerpt":{"rendered":"<p>Astana&#8217;da taraflar, \u0130dlib&#8217;te olu\u015fturulacak &#8220;\u00e7at\u0131\u015fmas\u0131zl\u0131k b\u00f6lgesi&#8221;nin s\u0131n\u0131rlar\u0131 konusunda anla\u015fmaya vard\u0131. \/ Son Dakika. Kazakistan&#8217;\u0131n ba\u015fkenti Astana&#8217;da 6&#8217;nc\u0131s\u0131 d\u00fczenlenen Suriye konulu toplant\u0131da taraflar, T\u00fcrkiye s\u0131n\u0131r\u0131ndaki \u0130dlib ilinde olu\u015fturulacak &#8220;\u00e7at\u0131\u015fmas\u0131zl\u0131k b\u00f6lgesi&#8221;yle ilgili anla\u015fmaya vard\u0131. Toplant\u0131ya kat\u0131lan kaynaklardan al\u0131nan bilgiye g\u00f6re, ate\u015fkesin garant\u00f6r\u00fc T\u00fcrkiye, Rusya ve \u0130ran heyetleri, d\u00fcn ve bug\u00fcn ger\u00e7ekle\u015ftirdikleri g\u00f6r\u00fc\u015fmeler sonucunda, \u0130dlib ilinde kurulacak 4&#8217;\u00fcnc\u00fc &hellip;<\/p>\n","protected":false},"author":4,"featured_media":254550,"comment_status":"open","ping_status":"open","sticky":false,"template":"","format":"standard","meta":{"_acf_changed":false,"footnotes":""},"categories":[6770,6665,6155,5005,6772,349],"tags":[42281,75558,27382,806],"class_list":["post-254548","post","type-post","status-publish","format-standard","has-post-thumbnail","hentry","category-avrupa","category-dunya","category-gundem","category-manset","category-ortadogu","category-son-dakika","tag-astana","tag-idlib","tag-son-dakika","tag-suriye"],"acf":[],"_links":{"self":[{"href":"https:\/\/www.nationalturk.com\/tr\/wp-json\/wp\/v2\/posts\/254548","targetHints":{"allow":["GET"]}}],"collection":[{"href":"https:\/\/www.nationalturk.com\/tr\/wp-json\/wp\/v2\/posts"}],"about":[{"href":"https:\/\/www.nationalturk.com\/tr\/wp-json\/wp\/v2\/types\/post"}],"author":[{"embeddable":true,"href":"https:\/\/www.nationalturk.com\/tr\/wp-json\/wp\/v2\/users\/4"}],"replies":[{"embeddable":true,"href":"https:\/\/www.nationalturk.com\/tr\/wp-json\/wp\/v2\/comments?post=254548"}],"version-history":[{"count":0,"href":"https:\/\/www.nationalturk.com\/tr\/wp-json\/wp\/v2\/posts\/254548\/revisions"}],"wp:featuredmedia":[{"embeddable":true,"href":"https:\/\/www.nationalturk.com\/tr\/wp-json\/wp\/v2\/media\/254550"}],"wp:attachment":[{"href":"https:\/\/www.nationalturk.com\/tr\/wp-json\/wp\/v2\/media?parent=254548"}],"wp:term":[{"taxonomy":"category","embeddable":true,"href":"https:\/\/www.nationalturk.com\/tr\/wp-json\/wp\/v2\/categories?post=254548"},{"taxonomy":"post_tag","embeddable":true,"href":"https:\/\/www.nationalturk.com\/tr\/wp-json\/wp\/v2\/tags?post=254548"}],"curies":[{"name":"wp","href":"https:\/\/api.w.org\/{rel}","templated":true}]}}