{"id":254658,"date":"2017-09-18T12:14:20","date_gmt":"2017-09-18T09:14:20","guid":{"rendered":"http:\/\/www.nationalturk.com\/?p=254658"},"modified":"2017-09-18T12:14:20","modified_gmt":"2017-09-18T09:14:20","slug":"meb-mustesari-tekinden-teog-aciklamasi-geldi","status":"publish","type":"post","link":"https:\/\/www.nationalturk.com\/tr\/meb-mustesari-tekinden-teog-aciklamasi-geldi\/","title":{"rendered":"MEB M\u00fcste\u015far\u0131 Tekin&#8217;den &#8216;TEOG&#8217; A\u00e7\u0131klamas\u0131 Geldi"},"content":{"rendered":"<p><img loading=\"lazy\" decoding=\"async\" class=\"alignnone wp-image-254659\" src=\"http:\/\/www.nationalturk.com\/tr\/wp-content\/uploads\/2017\/09\/meb-mustesari-tekin-teog-800x450.jpg\" alt=\"MEB M\u00fcste\u015far\u0131 Tekin TEOG\" width=\"606\" height=\"341\" title=\"\" srcset=\"https:\/\/www.nationalturk.com\/tr\/wp-content\/uploads\/2017\/09\/meb-mustesari-tekin-teog-800x450.jpg 800w, https:\/\/www.nationalturk.com\/tr\/wp-content\/uploads\/2017\/09\/meb-mustesari-tekin-teog.jpg 864w\" sizes=\"auto, (max-width: 606px) 100vw, 606px\" \/><\/p>\n<h2>Milli E\u011fitim Bakanl\u0131\u011f\u0131 M\u00fcste\u015far\u0131 Tekin, Cumhurba\u015fkan\u0131 Erdo\u011fan&#8217;\u0131n TEOG sistemi ile ilgili a\u00e7\u0131klamalar\u0131 hakk\u0131nda, &#8220;\u00c7al\u0131\u015fma verilerini, Cumhurba\u015fkan\u0131m\u0131z\u0131n onaylar\u0131n\u0131 ald\u0131ktan sonra, kamuoyuyla da payla\u015fm\u0131\u015f oluruz.&#8221; dedi.<\/h2>\n<p>&nbsp;<\/p>\n<p class=\"selectionShareable\">Milli E\u011fitim Bakanl\u0131\u011f\u0131 M\u00fcste\u015far\u0131 Yusuf Tekin, Cumhurba\u015fkan\u0131 Recep Tayyip Erdo\u011fan&#8217;\u0131n\u00a0Temel E\u011fitimden Orta\u00f6\u011fretime Ge\u00e7i\u015f\u00a0(TEOG) sistemiyle ilgili a\u00e7\u0131klamalar\u0131n\u0131n ard\u0131ndan Bakanl\u0131kta bir \u00e7al\u0131\u015fma grubu olu\u015fturuldu\u011funu, \u00e7al\u0131\u015fma verilerinin Erdo\u011fan&#8217;\u0131n onay\u0131n\u0131n ard\u0131ndan kamuoyuyla payla\u015f\u0131laca\u011f\u0131n\u0131 bildirdi.<\/p>\n<p class=\"selectionShareable\">Tekin, Kanal 24 Televizyonu&#8217;ndaki canl\u0131 yay\u0131nda g\u00fcndeme ili\u015fkin sorular\u0131 yan\u0131tlad\u0131.<\/p>\n<p class=\"selectionShareable\">Yusuf Tekin, 70 bin kurumda 18 milyona yak\u0131n \u00f6\u011frenci ve 1 milyona yak\u0131n \u00f6\u011fretmenle yeni e\u011fitim \u00f6\u011fretim d\u00f6neminin ba\u015flad\u0131\u011f\u0131n\u0131 belirterek, yeni d\u00f6nemin ba\u015far\u0131l\u0131 ge\u00e7mesi temennisinde bulundu.<\/p>\n<p class=\"selectionShareable\">Cumhurba\u015fkan\u0131 Erdo\u011fan&#8217;\u0131n Temel E\u011fitimden Orta\u00f6\u011fretime Ge\u00e7i\u015f (TEOG) sistemiyle ilgili a\u00e7\u0131klamalar\u0131n\u0131n hat\u0131rlat\u0131lmas\u0131 ve &#8220;TEOG kalk\u0131yor mu? Cumhurba\u015fkan\u0131m\u0131z ABD&#8217;ye giderken &#8216;Kalkacak&#8217; dedi&#8221; sorusuna kar\u015f\u0131l\u0131k Tekin, &#8220;Cumhurba\u015fkan\u0131m\u0131z b\u00f6yle s\u00f6yledi\u011fine g\u00f6re kalkacakt\u0131r.&#8221; ifadesini kulland\u0131.<\/p>\n<p class=\"selectionShareable\">Cumhurba\u015fkan\u0131 Erdo\u011fan&#8217;\u0131n 2013&#8217;te Ba\u015fbakan iken SBS ile ilgili talimatlar verdi\u011fini aktaran Tekin, o d\u00f6nemde liselere ge\u00e7i\u015fte, merkezi bir s\u0131nav olmadan yerle\u015fme modeline do\u011fru bir y\u00f6nelme, buna ili\u015fkin bir programlama i\u00e7in kendilerini talimatland\u0131rd\u0131\u011f\u0131n\u0131 dile getirdi.<\/p>\n<p class=\"selectionShareable\">Tekin, \u015f\u00f6yle konu\u015ftu:<\/p>\n<p class=\"selectionShareable\">&#8220;\u015eunu kabul etmek laz\u0131m, ideal olan \u015fey, orta\u00f6\u011fretime ge\u00e7i\u015f s\u00fcrecinde, ilkokul, ortaokul \u00e7a\u011f\u0131ndaki \u00e7ocuklar\u0131, herhangi bir s\u0131nav bask\u0131s\u0131 ile bask\u0131lamadan, bir stres alt\u0131na sokmadan lise e\u011fitimine devam etmesini temin etmek. \u0130deal olan bu. Ama T\u00fcrkiye&#8217;nin kendine \u00f6zg\u00fc ko\u015fullar\u0131, lise say\u0131s\u0131n\u0131n fazlal\u0131\u011f\u0131, liseler aras\u0131ndaki e\u011fitim anlam\u0131ndaki kategorile\u015ftirme gibi fakt\u00f6rler g\u00f6z \u00f6n\u00fcnde bulundu\u011funda T\u00fcrkiye, kendi \u00f6znel ko\u015fullar\u0131 itibar\u0131yla b\u00f6yle bir s\u0131nav s\u00fcreci \u00e7\u00f6z\u00fcm olarak \u00fcretmi\u015f. Ama bu ideal ve do\u011fru \u00e7\u00f6z\u00fcm de\u011fil.<\/p>\n<p class=\"selectionShareable\">Say\u0131n Cumhurba\u015fkan\u0131m\u0131z\u0131n 2013&#8217;ten beri talimatlar\u0131 bu y\u00f6nde. Yak\u0131n bir zamanda, liselere ge\u00e7i\u015fte s\u0131navs\u0131z bir d\u00f6nemin ba\u015flayaca\u011f\u0131n\u0131 \u00fcmit ediyorum. Bu talimat sonras\u0131 zaten Bakanl\u0131kta bir \u00e7al\u0131\u015fma grubu olu\u015fturduk. \u00c7al\u0131\u015fmaya ba\u015flad\u0131k. \u00c7al\u0131\u015fma verilerini, say\u0131n Bakan\u0131m\u0131za, say\u0131n Ba\u015fbakan\u0131m\u0131za arz edip Cumhurba\u015fkan\u0131m\u0131z\u0131n onaylar\u0131n\u0131 ald\u0131ktan sonra, kamuoyuyla da payla\u015fm\u0131\u015f oluruz.&#8221;<\/p>\n<p class=\"selectionShareable\">&#8220;O zaman net olan \u015fey TEOG kalkacak&#8221; ifadesi \u00fczerine Tekin, &#8220;Evet. Say\u0131n Cumhurba\u015fkan\u0131m\u0131z\u0131n da talimatlar\u0131 bu y\u00f6nde zaten.&#8221; diye konu\u015ftu.<\/p>\n<p class=\"selectionShareable\">TEOG sisteminde kas\u0131m ay\u0131ndaki ortak s\u0131nav\u0131n yap\u0131l\u0131p yap\u0131lmayaca\u011f\u0131na ili\u015fkin soruya da Tekin, &#8220;Bu sorulara say\u0131n Bakan\u0131m\u0131z\u0131n ve Ba\u015fbakan\u0131m\u0131z\u0131n onay\u0131n\u0131 ald\u0131ktan sonra cevap vermek do\u011fru olacakt\u0131r. Biz, b\u00fcrokrat olarak haz\u0131rlad\u0131\u011f\u0131m\u0131z modeli, makam\u0131n onay\u0131na sunar\u0131z ard\u0131ndan kamuoyuyla payla\u015f\u0131l\u0131r.&#8221; cevab\u0131n\u0131 verdi.<\/p>\n<p class=\"selectionShareable\">Tekin, kas\u0131m ay\u0131ndaki s\u0131nav\u0131n yap\u0131l\u0131p yap\u0131lmayaca\u011f\u0131n\u0131n ne zaman netle\u015fece\u011fine ili\u015fkin de &#8220;Say\u0131n Bakan\u0131m\u0131z, muhtemelen \u00e7ar\u015famba g\u00fcn\u00fc veya yar\u0131n bu konuyla ilgili bir a\u00e7\u0131klama yapacakt\u0131r.&#8221; ifadesini kulland\u0131.<\/p>\n<p class=\"selectionShareable\">&#8220;Net olan \u015fey \u015fu, TEOG kalkacak. Yap\u0131lsa bile kas\u0131m ay\u0131nda son kez yap\u0131lacak. Do\u011fru mu?&#8221; s\u00f6zlerine kar\u015f\u0131l\u0131k Tekin, &#8220;Do\u011fru.&#8221; de\u011ferlendirmesinde bulundu.<\/p>\n","protected":false},"excerpt":{"rendered":"<p>Milli E\u011fitim Bakanl\u0131\u011f\u0131 M\u00fcste\u015far\u0131 Tekin, Cumhurba\u015fkan\u0131 Erdo\u011fan&#8217;\u0131n TEOG sistemi ile ilgili a\u00e7\u0131klamalar\u0131 hakk\u0131nda, &#8220;\u00c7al\u0131\u015fma verilerini, Cumhurba\u015fkan\u0131m\u0131z\u0131n onaylar\u0131n\u0131 ald\u0131ktan sonra, kamuoyuyla da payla\u015fm\u0131\u015f oluruz.&#8221; dedi. &nbsp; Milli E\u011fitim Bakanl\u0131\u011f\u0131 M\u00fcste\u015far\u0131 Yusuf Tekin, Cumhurba\u015fkan\u0131 Recep Tayyip Erdo\u011fan&#8217;\u0131n\u00a0Temel E\u011fitimden Orta\u00f6\u011fretime Ge\u00e7i\u015f\u00a0(TEOG) sistemiyle ilgili a\u00e7\u0131klamalar\u0131n\u0131n ard\u0131ndan Bakanl\u0131kta bir \u00e7al\u0131\u015fma grubu olu\u015fturuldu\u011funu, \u00e7al\u0131\u015fma verilerinin Erdo\u011fan&#8217;\u0131n onay\u0131n\u0131n ard\u0131ndan kamuoyuyla payla\u015f\u0131laca\u011f\u0131n\u0131 bildirdi. &hellip;<\/p>\n","protected":false},"author":9192196,"featured_media":254659,"comment_status":"open","ping_status":"open","sticky":false,"template":"","format":"standard","meta":{"_acf_changed":false,"footnotes":""},"categories":[6805],"tags":[31896,787,151845],"class_list":["post-254658","post","type-post","status-publish","format-standard","has-post-thumbnail","hentry","category-turkiye","tag-cumhurbaskani","tag-recep-tayyip-erdogan","tag-teog"],"acf":[],"_links":{"self":[{"href":"https:\/\/www.nationalturk.com\/tr\/wp-json\/wp\/v2\/posts\/254658","targetHints":{"allow":["GET"]}}],"collection":[{"href":"https:\/\/www.nationalturk.com\/tr\/wp-json\/wp\/v2\/posts"}],"about":[{"href":"https:\/\/www.nationalturk.com\/tr\/wp-json\/wp\/v2\/types\/post"}],"author":[{"embeddable":true,"href":"https:\/\/www.nationalturk.com\/tr\/wp-json\/wp\/v2\/users\/9192196"}],"replies":[{"embeddable":true,"href":"https:\/\/www.nationalturk.com\/tr\/wp-json\/wp\/v2\/comments?post=254658"}],"version-history":[{"count":0,"href":"https:\/\/www.nationalturk.com\/tr\/wp-json\/wp\/v2\/posts\/254658\/revisions"}],"wp:featuredmedia":[{"embeddable":true,"href":"https:\/\/www.nationalturk.com\/tr\/wp-json\/wp\/v2\/media\/254659"}],"wp:attachment":[{"href":"https:\/\/www.nationalturk.com\/tr\/wp-json\/wp\/v2\/media?parent=254658"}],"wp:term":[{"taxonomy":"category","embeddable":true,"href":"https:\/\/www.nationalturk.com\/tr\/wp-json\/wp\/v2\/categories?post=254658"},{"taxonomy":"post_tag","embeddable":true,"href":"https:\/\/www.nationalturk.com\/tr\/wp-json\/wp\/v2\/tags?post=254658"}],"curies":[{"name":"wp","href":"https:\/\/api.w.org\/{rel}","templated":true}]}}