{"id":254874,"date":"2017-09-25T17:48:44","date_gmt":"2017-09-25T14:48:44","guid":{"rendered":"http:\/\/www.nationalturk.com\/?p=254874"},"modified":"2017-09-25T17:48:44","modified_gmt":"2017-09-25T14:48:44","slug":"kerkukte-son-dakika-gelismesi","status":"publish","type":"post","link":"https:\/\/www.nationalturk.com\/tr\/kerkukte-son-dakika-gelismesi\/","title":{"rendered":"Kerk\u00fck&#8217;te son dakika geli\u015fmesi"},"content":{"rendered":"<h2>T\u00fcrkiye&#8217;nin ve pek \u00e7ok \u00fclkenin kar\u015f\u0131 \u00e7\u0131kt\u0131\u011f\u0131 referandum s\u00fcrerken bu ak\u015fam Kerk\u00fck&#8217;te soka\u011fa \u00e7\u0131kma yasa\u011f\u0131 ilan edildi.<\/h2>\n<p>\u00d6te yandan, Irak&#8217;\u0131n Kerk\u00fck kentinde T\u00fcrkmen ve Araplar\u0131n boykot etti\u011fi anayasaya ayk\u0131r\u0131 Irak K\u00fcrt B\u00f6lgesel Y\u00f6netimi&#8217;nin (IKBY) yapt\u0131\u011f\u0131 tart\u0131\u015fmal\u0131 referandumun bitmesine \u00e7ok az bir zaman kala ara\u00e7lar\u0131n trafi\u011fe \u00e7\u0131kmas\u0131 yasakland\u0131.<\/p>\n<p>Kerk\u00fck Polis M\u00fcd\u00fcrl\u00fc\u011f\u00fc Bas\u0131n Sorumlusu Afrasyav Kamil, AA muhabirine yapt\u0131\u011f\u0131 a\u00e7\u0131klamada, kent merkezinde ara\u00e7la trafi\u011fe \u00e7\u0131k\u0131lmas\u0131n\u0131n yasakland\u0131\u011f\u0131n\u0131 ifade etti.<\/p>\n<p>B\u00f6ylesi bir karar\u0131n neden al\u0131nd\u0131\u011f\u0131na da de\u011finen Kamil, tart\u0131\u015fmal\u0131 referandumun bitmesinden sonra olas\u0131 bir provokasyonun \u00f6n\u00fcne ge\u00e7ilmesi i\u00e7in ara\u00e7lar\u0131n trafi\u011fe \u00e7\u0131kmas\u0131n\u0131n saat 16.00&#8217;dan sonra yasakland\u0131\u011f\u0131n\u0131 ve yar\u0131n sabah saatlerine kadar bunun ge\u00e7erli oldu\u011funu kaydetti.<\/p>\n<!-- Error, Advert is not available at this time due to schedule\/geolocation restrictions! -->\n","protected":false},"excerpt":{"rendered":"<p>T\u00fcrkiye&#8217;nin ve pek \u00e7ok \u00fclkenin kar\u015f\u0131 \u00e7\u0131kt\u0131\u011f\u0131 referandum s\u00fcrerken bu ak\u015fam Kerk\u00fck&#8217;te soka\u011fa \u00e7\u0131kma yasa\u011f\u0131 ilan edildi. \u00d6te yandan, Irak&#8217;\u0131n Kerk\u00fck kentinde T\u00fcrkmen ve Araplar\u0131n boykot etti\u011fi anayasaya ayk\u0131r\u0131 Irak K\u00fcrt B\u00f6lgesel Y\u00f6netimi&#8217;nin (IKBY) yapt\u0131\u011f\u0131 tart\u0131\u015fmal\u0131 referandumun bitmesine \u00e7ok az bir zaman kala ara\u00e7lar\u0131n trafi\u011fe \u00e7\u0131kmas\u0131 yasakland\u0131. Kerk\u00fck Polis M\u00fcd\u00fcrl\u00fc\u011f\u00fc Bas\u0131n Sorumlusu Afrasyav Kamil, AA &hellip;<\/p>\n","protected":false},"author":4,"featured_media":251563,"comment_status":"open","ping_status":"open","sticky":false,"template":"","format":"standard","meta":{"_acf_changed":false,"footnotes":""},"categories":[763,349],"tags":[138238,7359,41590,24218,27382],"class_list":["post-254874","post","type-post","status-publish","format-standard","has-post-thumbnail","hentry","category-gunun-olayi","category-son-dakika","tag-ikby","tag-irak","tag-kerkuk","tag-referandum","tag-son-dakika"],"acf":[],"_links":{"self":[{"href":"https:\/\/www.nationalturk.com\/tr\/wp-json\/wp\/v2\/posts\/254874","targetHints":{"allow":["GET"]}}],"collection":[{"href":"https:\/\/www.nationalturk.com\/tr\/wp-json\/wp\/v2\/posts"}],"about":[{"href":"https:\/\/www.nationalturk.com\/tr\/wp-json\/wp\/v2\/types\/post"}],"author":[{"embeddable":true,"href":"https:\/\/www.nationalturk.com\/tr\/wp-json\/wp\/v2\/users\/4"}],"replies":[{"embeddable":true,"href":"https:\/\/www.nationalturk.com\/tr\/wp-json\/wp\/v2\/comments?post=254874"}],"version-history":[{"count":0,"href":"https:\/\/www.nationalturk.com\/tr\/wp-json\/wp\/v2\/posts\/254874\/revisions"}],"wp:featuredmedia":[{"embeddable":true,"href":"https:\/\/www.nationalturk.com\/tr\/wp-json\/wp\/v2\/media\/251563"}],"wp:attachment":[{"href":"https:\/\/www.nationalturk.com\/tr\/wp-json\/wp\/v2\/media?parent=254874"}],"wp:term":[{"taxonomy":"category","embeddable":true,"href":"https:\/\/www.nationalturk.com\/tr\/wp-json\/wp\/v2\/categories?post=254874"},{"taxonomy":"post_tag","embeddable":true,"href":"https:\/\/www.nationalturk.com\/tr\/wp-json\/wp\/v2\/tags?post=254874"}],"curies":[{"name":"wp","href":"https:\/\/api.w.org\/{rel}","templated":true}]}}