{"id":254927,"date":"2017-09-27T11:58:57","date_gmt":"2017-09-27T08:58:57","guid":{"rendered":"http:\/\/www.nationalturk.com\/?p=254927"},"modified":"2017-09-27T11:58:57","modified_gmt":"2017-09-27T08:58:57","slug":"2-israil-askeri-tatbikatta-oldu","status":"publish","type":"post","link":"https:\/\/www.nationalturk.com\/tr\/2-israil-askeri-tatbikatta-oldu\/","title":{"rendered":"2 \u0130srail askeri tatbikatta \u00f6ld\u00fc"},"content":{"rendered":"<h2>\u0130\u015fgal alt\u0131ndaki Golan Tepeleri\u2019nde tatbikat yapan \u0130srail ordusunda meydana gelen &#8220;kazada&#8221; 2 \u0130srail askerinin \u00f6ld\u00fc\u011f\u00fc, 4\u2019\u00fcn\u00fcn yaraland\u0131\u011f\u0131 bildirildi.<\/h2>\n<p>\u0130srail ordusundan yap\u0131lan yaz\u0131l\u0131 a\u00e7\u0131klamada, Golan Tepeleri\u2019ndeki askeri tatbikat s\u0131ras\u0131nda bir askeri arac\u0131n devrilmesi sonucu biri subay 2 \u0130srail askerinin \u00f6ld\u00fc\u011f\u00fc, 4\u2019\u00fcn\u00fcn de yaraland\u0131\u011f\u0131 kaydedildi.<\/p>\n<p>A\u00e7\u0131klamada, yaral\u0131 askerlerin hava ve kara yoluyla b\u00f6lgedeki hastanelere nakledildi\u011fi, Kara Kuvvetleri Komutan\u0131 Kobi Barak\u2019\u0131n olayla ilgili ara\u015ft\u0131rma komisyonu kurulmas\u0131 emrini verdi\u011fi belirtildi.<\/p>\n<p>\u0130srail ordusu, 1967\u2019de i\u015fgal etti\u011fi Golan Tepeleri\u2019nde geni\u015f \u00e7apl\u0131 askeri tatbikat d\u00fczenliyor.<\/p>\n<p>\u0130srail ayr\u0131ca i\u00e7 sava\u015f\u0131n ba\u015flad\u0131\u011f\u0131 2011&#8217;den bu yana zaman zaman Suriye ve Golan Tepeleri&#8217;nden, topraklar\u0131na roket at\u0131ld\u0131\u011f\u0131n\u0131 ileri s\u00fcrerek, \u0130ran destekli Hizbullah g\u00fc\u00e7lerine ve rejime ait askeri noktalara sald\u0131r\u0131lar d\u00fczenliyor.<\/p>\n<!-- Error, Advert is not available at this time due to schedule\/geolocation restrictions! -->\n","protected":false},"excerpt":{"rendered":"<p>\u0130\u015fgal alt\u0131ndaki Golan Tepeleri\u2019nde tatbikat yapan \u0130srail ordusunda meydana gelen &#8220;kazada&#8221; 2 \u0130srail askerinin \u00f6ld\u00fc\u011f\u00fc, 4\u2019\u00fcn\u00fcn yaraland\u0131\u011f\u0131 bildirildi. \u0130srail ordusundan yap\u0131lan yaz\u0131l\u0131 a\u00e7\u0131klamada, Golan Tepeleri\u2019ndeki askeri tatbikat s\u0131ras\u0131nda bir askeri arac\u0131n devrilmesi sonucu biri subay 2 \u0130srail askerinin \u00f6ld\u00fc\u011f\u00fc, 4\u2019\u00fcn\u00fcn de yaraland\u0131\u011f\u0131 kaydedildi. A\u00e7\u0131klamada, yaral\u0131 askerlerin hava ve kara yoluyla b\u00f6lgedeki hastanelere nakledildi\u011fi, Kara Kuvvetleri &hellip;<\/p>\n","protected":false},"author":4,"featured_media":254928,"comment_status":"open","ping_status":"open","sticky":false,"template":"","format":"standard","meta":{"_acf_changed":false,"footnotes":""},"categories":[6665,6155,5005,6772,349],"tags":[115551,1981,1555],"class_list":["post-254927","post","type-post","status-publish","format-standard","has-post-thumbnail","hentry","category-dunya","category-gundem","category-manset","category-ortadogu","category-son-dakika","tag-golan-tepeleri","tag-iran","tag-israil"],"acf":[],"_links":{"self":[{"href":"https:\/\/www.nationalturk.com\/tr\/wp-json\/wp\/v2\/posts\/254927","targetHints":{"allow":["GET"]}}],"collection":[{"href":"https:\/\/www.nationalturk.com\/tr\/wp-json\/wp\/v2\/posts"}],"about":[{"href":"https:\/\/www.nationalturk.com\/tr\/wp-json\/wp\/v2\/types\/post"}],"author":[{"embeddable":true,"href":"https:\/\/www.nationalturk.com\/tr\/wp-json\/wp\/v2\/users\/4"}],"replies":[{"embeddable":true,"href":"https:\/\/www.nationalturk.com\/tr\/wp-json\/wp\/v2\/comments?post=254927"}],"version-history":[{"count":0,"href":"https:\/\/www.nationalturk.com\/tr\/wp-json\/wp\/v2\/posts\/254927\/revisions"}],"wp:featuredmedia":[{"embeddable":true,"href":"https:\/\/www.nationalturk.com\/tr\/wp-json\/wp\/v2\/media\/254928"}],"wp:attachment":[{"href":"https:\/\/www.nationalturk.com\/tr\/wp-json\/wp\/v2\/media?parent=254927"}],"wp:term":[{"taxonomy":"category","embeddable":true,"href":"https:\/\/www.nationalturk.com\/tr\/wp-json\/wp\/v2\/categories?post=254927"},{"taxonomy":"post_tag","embeddable":true,"href":"https:\/\/www.nationalturk.com\/tr\/wp-json\/wp\/v2\/tags?post=254927"}],"curies":[{"name":"wp","href":"https:\/\/api.w.org\/{rel}","templated":true}]}}