{"id":255070,"date":"2017-10-02T11:17:52","date_gmt":"2017-10-02T08:17:52","guid":{"rendered":"http:\/\/www.nationalturk.com\/?p=255070"},"modified":"2017-10-02T11:17:52","modified_gmt":"2017-10-02T08:17:52","slug":"son-sampiyon-zirveden-uzaklasiyor","status":"publish","type":"post","link":"https:\/\/www.nationalturk.com\/tr\/son-sampiyon-zirveden-uzaklasiyor\/","title":{"rendered":"Son \u015fampiyon zirveden uzakla\u015f\u0131yor"},"content":{"rendered":"<h2>S\u00fcper Lig&#8217;in 7. haftas\u0131nda evinde Trabzonspor ile 2-2 berabere kalan Be\u015fikta\u015f, zirvenin 5 puan gerisine d\u00fc\u015ft\u00fc.<\/h2>\n<p>Ligin 6. haftas\u0131nda derbi ma\u00e7ta Fenerbah\u00e7e&#8217;ye 2-1 ma\u011flup olan siyah-beyazl\u0131 ekip, Trabzonspor kar\u015f\u0131s\u0131nda da puan kayb\u0131 ya\u015fad\u0131.<\/p>\n<p>Rakibi kar\u015f\u0131s\u0131nda iki defa \u00f6ne ge\u00e7mesine ra\u011fmen \u00fcst\u00fcnl\u00fc\u011f\u00fcn\u00fc koruyamayan Be\u015fikta\u015f, sahadan beraberlikle ayr\u0131ld\u0131. \u00dcst \u00fcste 2 haftada 5 puan yitiren siyah-beayzl\u0131 ekip, 19 puanla lider durumda bulunan Galatasaray&#8217;\u0131n 5 puan gerisine d\u00fc\u015fmekten kurtulamad\u0131. Be\u015fikta\u015f, bu beraberlikle 14 puana y\u00fckseldi.<\/p>\n<p>2 haftada 4 gol yedi<br \/>\nBe\u015fikta\u015f, son haftalarda savunmada d\u00fc\u015f\u00fc\u015f ya\u015f\u0131yor.<\/p>\n<p>Ge\u00e7en hafta Fenerbah\u00e7e&#8217;nin 2 gol\u00fcne engel olamayan siyah-beyazl\u0131 ekip, Trabzonspor kar\u015f\u0131s\u0131nda da kalesinde 2 gol g\u00f6rd\u00fc.<\/p>\n<p>\u0130\u00e7 sahada yenilmezlik 31 ma\u00e7a \u00e7\u0131kt\u0131<br \/>\nBe\u015fikta\u015f, ligde i\u00e7 sahadaki yenilmezli\u011fini 31 ma\u00e7a \u00e7\u0131kard\u0131.<\/p>\n<p>Siyah-beyazl\u0131 ekip, evinde yapt\u0131\u011f\u0131 son 31 lig ma\u00e7\u0131nda yenilgi g\u00f6rmedi. S\u00fcper Lig&#8217;de ev sahibi oldu\u011fu bir ma\u00e7ta son yenilgisini 2015-2016 sezonunun 13. haftas\u0131nda, 3. \u0130stanbul Ba\u015fak\u015fehir Fatih Terim Stad\u0131&#8217;nda Teleset Mobilya Akhisarspor&#8217;a 2-0 ma\u011flup olarak alan siyah-beyazl\u0131 tak\u0131m, bu yenilginin ard\u0131ndan oynad\u0131\u011f\u0131 31 i\u00e7 saha m\u00fccadelesinde rakiplerine galibiyet \u015fans\u0131 vermedi.<\/p>\n<p>Son 5 ma\u00e7ta iki\u015fer gol att\u0131<\/p>\n<h3><a href=\"http:\/\/www.wts.com.tr\/monaco-besiktas-maci.html\" target=\"_blank\" rel=\"noopener\">Monaco Be\u015fikta\u015f ma\u00e7\u0131n\u0131 ka\u00e7\u0131rmay\u0131n!<\/a><\/h3>\n<p>Be\u015fikta\u015f, Vodafone Park&#8217;taki son 5 resmi ma\u00e7\u0131nda iki\u015fer gol att\u0131.<\/p>\n<p>Bu sezon Antalyaspor&#8217;a 2 gol atarak bu serisine ba\u015flayan siyah-beyazl\u0131 tak\u0131m, ligde Bursaspor ve Atiker Konyaspor kar\u015f\u0131la\u015fmalar\u0131n ard\u0131ndan UEFA \u015eampiyonlar Ligi&#8217;nde Leipzig kar\u015f\u0131s\u0131nda iki\u015fer golle sevindi. Be\u015fikta\u015f, son olarak Trabzonspor kar\u015f\u0131s\u0131nda fileleri iki kez havaland\u0131rd\u0131.<\/p>\n<p>Talisca, 4 ma\u00e7 sonra gol att\u0131<\/p>\n<!-- Error, Advert is not available at this time due to schedule\/geolocation restrictions! -->\n<p>Be\u015fikta\u015f&#8217;\u0131 1-0 \u00f6ne ge\u00e7iren gol\u00fc atan Anderson Talisca, 4 ma\u00e7 sonra ligde bu sevinci ya\u015fad\u0131.<\/p>\n<p>Ligin 2. haftas\u0131nda Kas\u0131mpa\u015fa filelerini havaland\u0131ran ancak sonraki Bursaspor, Kardemir Karab\u00fckspor, Atiker Konyaspor ve Fenerbah\u00e7e kar\u015f\u0131la\u015fmalar\u0131nda suskun kalan Talisca, 13. dakikada Trabzonspor kar\u015f\u0131s\u0131nda gol\u00fc buldu.<\/p>\n<p>\u015eampiyonlar Ligi&#8217;nde de 2 gol\u00fc bulunan Talisca, bu sezon resmi ma\u00e7larda 4. kez fileleri havaland\u0131rd\u0131.<\/p>\n<p>Lens, ilk gol sevincini ya\u015fad\u0131<br \/>\nSiyah-beyazl\u0131 ekibe 2-1 \u00fcst\u00fcnl\u00fc\u011f\u00fc getiren gol\u00fc atan Jeremain Lens, bu sezon ilk gol sevincini ya\u015fad\u0131.<\/p>\n<p>Sezonun ilk ma\u00e7lar\u0131nda etkisiz kalan ve fazla ilk 11&#8217;de oynama \u015fans\u0131 bulamayan Lens, 58. dakikada \u015f\u0131k bir vuru\u015fla fileleri havaland\u0131rd\u0131.<\/p>\n<p>Fabricio&#8217;dan kritik kurtar\u0131\u015flar<br \/>\nSiyah-beyazl\u0131 ekipte kaleci Fabricio Agosto Ramirez, 2 gol birden yemesine ra\u011fmen zaman zaman kritik kurtar\u0131\u015flara imza att\u0131.<\/p>\n<p>Fabricio, tak\u0131m\u0131n\u0131n savunmada eksik yakaland\u0131\u011f\u0131 anlarda ba\u015far\u0131l\u0131 kurtar\u0131\u015flar\u0131yla rakiplerine 3. gol \u015fans\u0131n\u0131 vermedi.<\/p>\n<p>Trabzonspor&#8217;da da puan kay\u0131plar\u0131 s\u00fcrd\u00fc<br \/>\nTrabzonspor, iki kez geriye d\u00fc\u015ft\u00fc\u011f\u00fc ma\u00e7ta beraberli\u011fi sa\u011flamas\u0131na ra\u011fmen son haftalardaki puan kayb\u0131n\u0131 s\u00fcrd\u00fcrd\u00fc.<\/p>\n<p>Ligde son galibiyetini 4. haftada Gen\u00e7lerbirli\u011fi&#8217;ni 3-1 yenerek alan bordo-mavili ekip, son 3 haftada 7 puan kayb\u0131 ya\u015fad\u0131. Medipol Ba\u015fak\u015fehir ile 2-2 berabere kalan ve ge\u00e7en hafta evinde Aytemiz Alanyaspor&#8217;a 4-3 ma\u011flup olan Trabzonspor, Be\u015fikta\u015f ile 2-2 berabere kald\u0131. Bordo-mavili ekip ligde puan\u0131n\u0131 9&#8217;a y\u00fckseltti.<\/p>\n<p>Olcay \u015eahan, gol\u00fcne sevinmedi<br \/>\nTrabzonspor ad\u0131na skoru 1-1 beraberli\u011fe getiren Olcay \u015eahan, att\u0131\u011f\u0131 gol\u00fcn ard\u0131ndan herhangi bir sevin\u00e7 g\u00f6sterisi yapmad\u0131.<\/p>\n<p>Olcay, att\u0131\u011f\u0131 gol sonras\u0131 kale arkas\u0131ndaki Be\u015fikta\u015fl\u0131 taraftarlar\u0131 selamlamakla yetindi. Siyah-beyazl\u0131 taraftarlar da Olcay \u015eahan&#8217;\u0131 bu hareketinden dolay\u0131 alk\u0131\u015flad\u0131.<\/p>\n<!-- Error, Advert is not available at this time due to schedule\/geolocation restrictions! -->\n","protected":false},"excerpt":{"rendered":"<p>S\u00fcper Lig&#8217;in 7. haftas\u0131nda evinde Trabzonspor ile 2-2 berabere kalan Be\u015fikta\u015f, zirvenin 5 puan gerisine d\u00fc\u015ft\u00fc. Ligin 6. haftas\u0131nda derbi ma\u00e7ta Fenerbah\u00e7e&#8217;ye 2-1 ma\u011flup olan siyah-beyazl\u0131 ekip, Trabzonspor kar\u015f\u0131s\u0131nda da puan kayb\u0131 ya\u015fad\u0131. Rakibi kar\u015f\u0131s\u0131nda iki defa \u00f6ne ge\u00e7mesine ra\u011fmen \u00fcst\u00fcnl\u00fc\u011f\u00fcn\u00fc koruyamayan Be\u015fikta\u015f, sahadan beraberlikle ayr\u0131ld\u0131. \u00dcst \u00fcste 2 haftada 5 puan yitiren siyah-beayzl\u0131 ekip, &hellip;<\/p>\n","protected":false},"author":4,"featured_media":255071,"comment_status":"open","ping_status":"open","sticky":false,"template":"","format":"standard","meta":{"_acf_changed":false,"footnotes":""},"categories":[6774,5005,6194],"tags":[1748,47318,209262,209060,4117],"class_list":["post-255070","post","type-post","status-publish","format-standard","has-post-thumbnail","hentry","category-futbol","category-manset","category-spor","tag-besiktas","tag-besiktas-trabzonspor-maci","tag-jeremain-lens","tag-talisca","tag-trabzonspor"],"acf":[],"_links":{"self":[{"href":"https:\/\/www.nationalturk.com\/tr\/wp-json\/wp\/v2\/posts\/255070","targetHints":{"allow":["GET"]}}],"collection":[{"href":"https:\/\/www.nationalturk.com\/tr\/wp-json\/wp\/v2\/posts"}],"about":[{"href":"https:\/\/www.nationalturk.com\/tr\/wp-json\/wp\/v2\/types\/post"}],"author":[{"embeddable":true,"href":"https:\/\/www.nationalturk.com\/tr\/wp-json\/wp\/v2\/users\/4"}],"replies":[{"embeddable":true,"href":"https:\/\/www.nationalturk.com\/tr\/wp-json\/wp\/v2\/comments?post=255070"}],"version-history":[{"count":0,"href":"https:\/\/www.nationalturk.com\/tr\/wp-json\/wp\/v2\/posts\/255070\/revisions"}],"wp:featuredmedia":[{"embeddable":true,"href":"https:\/\/www.nationalturk.com\/tr\/wp-json\/wp\/v2\/media\/255071"}],"wp:attachment":[{"href":"https:\/\/www.nationalturk.com\/tr\/wp-json\/wp\/v2\/media?parent=255070"}],"wp:term":[{"taxonomy":"category","embeddable":true,"href":"https:\/\/www.nationalturk.com\/tr\/wp-json\/wp\/v2\/categories?post=255070"},{"taxonomy":"post_tag","embeddable":true,"href":"https:\/\/www.nationalturk.com\/tr\/wp-json\/wp\/v2\/tags?post=255070"}],"curies":[{"name":"wp","href":"https:\/\/api.w.org\/{rel}","templated":true}]}}