{"id":255194,"date":"2017-10-05T11:34:00","date_gmt":"2017-10-05T08:34:00","guid":{"rendered":"http:\/\/www.nationalturk.com\/?p=255194"},"modified":"2017-10-05T11:34:00","modified_gmt":"2017-10-05T08:34:00","slug":"erdogandan-yeni-melih-gokcek-aciklamasi","status":"publish","type":"post","link":"https:\/\/www.nationalturk.com\/tr\/erdogandan-yeni-melih-gokcek-aciklamasi\/","title":{"rendered":"Erdo\u011fan&#8217;dan yeni Melih G\u00f6k\u00e7ek a\u00e7\u0131klamas\u0131!"},"content":{"rendered":"<h2>Cumhurba\u015fkan\u0131 Erdo\u011fan Melih G\u00f6k\u00e7ek&#8217;in istifas\u0131n\u0131n istendi\u011fi y\u00f6n\u00fcndeki haberlere ili\u015fkin Tahran d\u00f6n\u00fc\u015f\u00fcnde yeni bir a\u00e7\u0131klama yapt\u0131.<\/h2>\n<p>Cumhurba\u015fkan\u0131 Recep Tayyip Erdo\u011fan Tahran ziyareti s\u0131ras\u0131nda u\u00e7akta g\u00f6t\u00fcrd\u00fc\u011f\u00fc gazetecilerin sorular\u0131n\u0131 da yan\u0131tlad\u0131.<\/p>\n<p>Ankara B\u00fcy\u00fck\u015fehir Belediye Ba\u015fkan\u0131 Melih G\u00f6k\u00e7ek\u2019in istifas\u0131n\u0131n istendi\u011fine ili\u015fkin iddialar\u0131 da yorumlayan Erdo\u011fan \u201cBelediyelerde iyi niyet i\u00e7erisinde mesele \u00e7\u00f6z\u00fcl\u00fcr. Davaya inananlar gerekirse istifa ederler. Bir makama getirilirken iyi de makam\u0131 bo\u015faltmas\u0131 istenirken niye yad\u0131rgan\u0131yor. \u2018\u015eerefim var\u2019 dersen, partinin \u015ferefi var kusura bakma. Partinin \u015ferefi daha \u00f6nemli. Yerel se\u00e7ime haz\u0131rl\u0131k yapmal\u0131y\u0131z.\u201d dedi.<\/p>\n<p>Erdo\u011fan, \u00f6nceki g\u00fcn gazetecilere Meclis kulisinde yapt\u0131\u011f\u0131 a\u00e7\u0131klamada ise Melih G\u00f6k\u00e7ek ve \u2018istifa listesi\u2019nde ismi ge\u00e7en di\u011fer ba\u015fkanlar i\u00e7in \u201c\u015eu an yok ancak olmayaca\u011f\u0131 anlam\u0131na gelmez\u201d demi\u015fti.<\/p>\n<!-- Error, Advert is not available at this time due to schedule\/geolocation restrictions! -->\n","protected":false},"excerpt":{"rendered":"<p>Cumhurba\u015fkan\u0131 Erdo\u011fan Melih G\u00f6k\u00e7ek&#8217;in istifas\u0131n\u0131n istendi\u011fi y\u00f6n\u00fcndeki haberlere ili\u015fkin Tahran d\u00f6n\u00fc\u015f\u00fcnde yeni bir a\u00e7\u0131klama yapt\u0131. Cumhurba\u015fkan\u0131 Recep Tayyip Erdo\u011fan Tahran ziyareti s\u0131ras\u0131nda u\u00e7akta g\u00f6t\u00fcrd\u00fc\u011f\u00fc gazetecilerin sorular\u0131n\u0131 da yan\u0131tlad\u0131. Ankara B\u00fcy\u00fck\u015fehir Belediye Ba\u015fkan\u0131 Melih G\u00f6k\u00e7ek\u2019in istifas\u0131n\u0131n istendi\u011fine ili\u015fkin iddialar\u0131 da yorumlayan Erdo\u011fan \u201cBelediyelerde iyi niyet i\u00e7erisinde mesele \u00e7\u00f6z\u00fcl\u00fcr. Davaya inananlar gerekirse istifa ederler. Bir makama getirilirken &hellip;<\/p>\n","protected":false},"author":4,"featured_media":254607,"comment_status":"open","ping_status":"open","sticky":false,"template":"","format":"standard","meta":{"_acf_changed":false,"footnotes":""},"categories":[6155,5005,6202,349],"tags":[1688,1981,13480,787,3603],"class_list":["post-255194","post","type-post","status-publish","format-standard","has-post-thumbnail","hentry","category-gundem","category-manset","category-politika","category-son-dakika","tag-ankara","tag-iran","tag-melih-gokcek","tag-recep-tayyip-erdogan","tag-tahran"],"acf":[],"_links":{"self":[{"href":"https:\/\/www.nationalturk.com\/tr\/wp-json\/wp\/v2\/posts\/255194","targetHints":{"allow":["GET"]}}],"collection":[{"href":"https:\/\/www.nationalturk.com\/tr\/wp-json\/wp\/v2\/posts"}],"about":[{"href":"https:\/\/www.nationalturk.com\/tr\/wp-json\/wp\/v2\/types\/post"}],"author":[{"embeddable":true,"href":"https:\/\/www.nationalturk.com\/tr\/wp-json\/wp\/v2\/users\/4"}],"replies":[{"embeddable":true,"href":"https:\/\/www.nationalturk.com\/tr\/wp-json\/wp\/v2\/comments?post=255194"}],"version-history":[{"count":0,"href":"https:\/\/www.nationalturk.com\/tr\/wp-json\/wp\/v2\/posts\/255194\/revisions"}],"wp:featuredmedia":[{"embeddable":true,"href":"https:\/\/www.nationalturk.com\/tr\/wp-json\/wp\/v2\/media\/254607"}],"wp:attachment":[{"href":"https:\/\/www.nationalturk.com\/tr\/wp-json\/wp\/v2\/media?parent=255194"}],"wp:term":[{"taxonomy":"category","embeddable":true,"href":"https:\/\/www.nationalturk.com\/tr\/wp-json\/wp\/v2\/categories?post=255194"},{"taxonomy":"post_tag","embeddable":true,"href":"https:\/\/www.nationalturk.com\/tr\/wp-json\/wp\/v2\/tags?post=255194"}],"curies":[{"name":"wp","href":"https:\/\/api.w.org\/{rel}","templated":true}]}}