{"id":255216,"date":"2017-10-05T15:54:15","date_gmt":"2017-10-05T12:54:15","guid":{"rendered":"http:\/\/www.nationalturk.com\/?p=255216"},"modified":"2017-10-05T15:54:15","modified_gmt":"2017-10-05T12:54:15","slug":"muglada-5-terorist-olduruldu-bakan-soylu-pkklilari-yeni-bir-sizma-yontemi-pesinde","status":"publish","type":"post","link":"https:\/\/www.nationalturk.com\/tr\/muglada-5-terorist-olduruldu-bakan-soylu-pkklilari-yeni-bir-sizma-yontemi-pesinde\/","title":{"rendered":"Mu\u011fla&#8217;da 5 ter\u00f6rist \u00f6ld\u00fcr\u00fcld\u00fc! Bakan Soylu: PKK&#8217;l\u0131lar\u0131 yeni bir s\u0131zma y\u00f6ntemi pe\u015finde"},"content":{"rendered":"<h2>Mu\u011fla&#8217;n\u0131n K\u00f6yce\u011fiz il\u00e7esinde g\u00fcvenlik g\u00fc\u00e7lerince d\u00fczenlenen operasyonda 5 PKK&#8217;l\u0131 ter\u00f6rist etkisiz hale getirildi.<\/h2>\n<p>Al\u0131nan bilgiye g\u00f6re, elde edilen istihbarat \u00fczerine harekete ge\u00e7en polis ve jandarma ekipleri, K\u00f6yce\u011fiz il\u00e7esi Toparlar b\u00f6lgesindeki ormanl\u0131k alanda olduklar\u0131 tespit edilen 7 ki\u015filik PKK&#8217;l\u0131 ter\u00f6rist grubuna y\u00f6nelik ortakla\u015fa operasyon ba\u015flatt\u0131.<\/p>\n<p>\u00c7\u0131kan \u00e7at\u0131\u015fmada 5 ter\u00f6rist \u00f6l\u00fc ele ge\u00e7irilirken, 2&#8217;sinin daha yakalanmas\u0131 i\u00e7in \u00e7al\u0131\u015fma y\u00fcr\u00fct\u00fcl\u00fcyor.<\/p>\n<p>\u00c7at\u0131\u015fmada bir askerin de aya\u011f\u0131ndan hafif \u015fekilde yaraland\u0131\u011f\u0131 belirtildi.<\/p>\n<p>B\u00f6lgeyi \u00e7embere alan Mu\u011fla Z\u0131pk\u0131nlar Komando Taburu ile Bornava Komando Tugay\u0131 ve Polis \u00d6zel Harekat ekiplerinin operasyonunun s\u00fcrd\u00fc\u011f\u00fc kaydedildi.<\/p>\n<p>D\u00fcn de Seydikemer \u0130l\u00e7esi yak\u0131nlar\u0131nda yol kontrol\u00fcnde 4 ter\u00f6rist ve 3 i\u015fbirlik\u00e7isi yakalanm\u0131\u015ft\u0131.<\/p>\n<p>Yetkililer, bu iki ter\u00f6rist grubunun birbirinden ba\u011f\u0131ms\u0131z hareket etti\u011finin belirlendi\u011fi bilgisini verdi.<\/p>\n<!-- Error, Advert is not available at this time due to schedule\/geolocation restrictions! -->\n<p>\u0130\u00e7i\u015fleri Bakan\u0131 S\u00fcleyman Soylu, PKK&#8217;l\u0131 ter\u00f6ristlerin, T\u00fcrkiye&#8217;ye s\u0131zma konusunda yeni bir y\u00f6ntem aray\u0131\u015f\u0131na girdi\u011fini belirterek, &#8220;Lazkiye \u00fczerinden, deniz \u00fczerinden, Mu\u011fla, K\u00f6yce\u011fiz, Fethiye, \u0130zmir civar\u0131na s\u0131zma konusunda ter\u00f6r \u00f6rg\u00fct\u00fc liderleri talimat verdiler.&#8221; dedi.<\/p>\n<p>N\u00fcfus Hizmetleri Kanunu ile Baz\u0131 Kanunlarda De\u011fi\u015fiklik Yap\u0131lmas\u0131na Dair Kanun Tasar\u0131s\u0131, TBMM \u0130\u00e7i\u015fleri Komisyonunda g\u00f6r\u00fc\u015f\u00fcl\u00fcyor.<\/p>\n<p>MHP Mu\u011fla Milletvekili Mehmet Erdo\u011fan, d\u00fcn Mu\u011fla&#8217;n\u0131n Seydikemer il\u00e7esinde ter\u00f6ristlerin yakaland\u0131\u011f\u0131n\u0131, bug\u00fcn de K\u00f6yce\u011fiz&#8217;de ter\u00f6ristlerin etkisiz hale getirildi\u011fini belirterek, Bakan Soylu&#8217;dan bu konuda a\u00e7\u0131klama istedi.<\/p>\n<p>Soylu, toplant\u0131da yapt\u0131\u011f\u0131 konu\u015fmada, ter\u00f6r \u00f6rg\u00fct\u00fcn\u00fcn, \u00f6n\u00fc t\u0131kand\u0131k\u00e7a yeni y\u00f6ntemler bulmaya \u00e7al\u0131\u015ft\u0131\u011f\u0131na i\u015faret ederek, gerek devletin ve h\u00fck\u00fcmetin teknolojik anlamda att\u0131\u011f\u0131 ad\u0131mlar\u0131n gerekse ter\u00f6rle m\u00fccadelede ortaya konulan kararl\u0131l\u0131\u011f\u0131n, ter\u00f6rle m\u00fccadele eden g\u00fcvenlik g\u00fc\u00e7lerine ciddi anlamda moral verdi\u011fini s\u00f6yledi.<\/p>\n<p>\u00dclkenin, birlik ve beraberlik a\u00e7\u0131s\u0131ndan da ter\u00f6rle m\u00fccadele a\u00e7\u0131s\u0131ndan da \u00f6nemli bir s\u00fcre\u00e7 ge\u00e7irdi\u011fini ifade eden Soylu, T\u00fcrkiye&#8217;nin istihbarat kabiliyeti konusunda da ciddi ad\u0131mlar att\u0131klar\u0131n\u0131 vurgulad\u0131. Soylu, &#8220;Gerek temel koordinasyonumuzda gerek saha koordinasyonumuzda \u00e7ok y\u00fcksek derecede bir i\u015fbirli\u011fi ve tutarl\u0131l\u0131k s\u00f6z konusudur.&#8221; diye konu\u015ftu.<\/p>\n<p>Ter\u00f6r \u00f6rg\u00fct\u00fcn\u00fcn, Irak, \u0130ran ve Suriye \u00fczerinden T\u00fcrkiye&#8217;ye ter\u00f6rist s\u0131zd\u0131rarak, yurt i\u00e7inde ya\u015fad\u0131\u011f\u0131 zaafiyeti ortadan kald\u0131rmaya \u00e7al\u0131\u015ft\u0131\u011f\u0131n\u0131 dile getiren Soylu, \u0130ran ve Suriye s\u0131n\u0131r\u0131na kurulan duvar hatlar\u0131n\u0131n yan\u0131 s\u0131ra gerek \u015fehir i\u00e7leri gerek s\u0131n\u0131rlarda ciddi anlamda \u00f6nlem almaya \u00e7al\u0131\u015ft\u0131klar\u0131n\u0131 s\u00f6yledi.<\/p>\n<p>\u00d6rg\u00fct\u00fcn, \u00e7e\u015fitli y\u00f6ntemlerle T\u00fcrkiye&#8217;nin insicam\u0131n\u0131 bozmaya \u00e7al\u0131\u015ft\u0131\u011f\u0131n\u0131 belirten Soylu, ter\u00f6r \u00f6rg\u00fct\u00fcn\u00fcn, \u00f6zellikle uzun zamand\u0131r Amanoslar \u00fczerinden Ege&#8217;de ve Akdeniz&#8217;e s\u0131zmaya \u00e7al\u0131\u015ft\u0131\u011f\u0131n\u0131, \u00fclkenin ekonomik ve turizm tesislerine sald\u0131rmay\u0131 planlad\u0131\u011f\u0131n\u0131 kaydetti.<\/p>\n<p>&#8211; &#8220;Bunu burada ilk kez s\u00f6yleyece\u011fim&#8221;<\/p>\n<!-- Error, Advert is not available at this time due to schedule\/geolocation restrictions! -->\n<p>Kendilerinin de bunu engellemeyebilmek i\u00e7in \u00e7aba sarf etti\u011fini aktaran Soylu, &#8220;Bunu burada ilk kez s\u00f6yleyece\u011fim. Ter\u00f6r \u00f6rg\u00fct\u00fc, son y\u00f6ntem olarak da Irak&#8217;\u0131n kuzeyinden, \u0130ran&#8217;dan ve Afrin hatt\u0131ndan s\u0131zmalardan sonra ba\u015fka bir y\u00f6ntem aray\u0131\u015f\u0131na girdi. Aray\u0131\u015f\u0131 \u015fu; Lazkiye \u00fczerinden, deniz \u00fczerinden, Mu\u011fla, K\u00f6yce\u011fiz, Fethiye, \u0130zmir civar\u0131na s\u0131zma konusunda ter\u00f6r \u00f6rg\u00fct\u00fc liderleri talimat verdiler. A\u00e7\u0131k denizlere bir gemiyle gelip, oradan filikalarla, kay\u0131klarla, botlarla sahile gelmek konusunda&#8230;&#8221; a\u00e7\u0131klamas\u0131nda bulundu.<\/p>\n<p>Mu\u011fla&#8217;da son iki g\u00fcndeki operasyonlara da de\u011finen Soylu, g\u00fcvenlik g\u00fc\u00e7lerinin bu yeni yolun \u00f6n\u00fcn\u00fc t\u0131kayabilmek i\u00e7in \u00e7al\u0131\u015ft\u0131\u011f\u0131n\u0131 anlatt\u0131.<\/p>\n<p>&#8211; Karadeniz&#8217;de talimatla yasa d\u0131\u015f\u0131 g\u00f6\u00e7<\/p>\n<p>Soylu, 13 A\u011fustos&#8217; a Karadeniz&#8217;den yasa d\u0131\u015f\u0131 g\u00f6\u00e7 olay\u0131na rastlanmad\u0131\u011f\u0131n\u0131 da belirten Soylu, &#8220;13 A\u011fustostan itibaren Karadeniz hatt\u0131nda enterasan bir \u015fekilde, bir talimatla birlikte g\u00f6\u00e7 ba\u015flad\u0131.&#8221; diye konu\u015ftu.<\/p>\n<p>Al\u0131nan \u00f6nlemler neticesinde, 12 Eyl\u00fcl tarihinden itibaren \u015fu anda Karadeniz&#8217;den bu t\u00fcr g\u00f6\u00e7 olaylar\u0131n\u0131n ya\u015fanmad\u0131\u011f\u0131n\u0131 belirten Soylu, T\u00fcrkiye&#8217;nin bu \u015fekilde zaafiyete u\u011frat\u0131larak, ba\u015fka tehditlerle de sarmalanmaya \u00e7al\u0131\u015f\u0131ld\u0131\u011f\u0131na dikkati \u00e7ekti.<\/p>\n<p>Ter\u00f6r \u00f6rg\u00fctlerinin bo\u015f durmad\u0131\u011f\u0131n\u0131 ve onlar\u0131n att\u0131klar\u0131 ad\u0131mlara g\u00f6re \u00f6nleyici tedbirler almaya \u00e7al\u0131\u015ft\u0131klar\u0131n\u0131 aktaran Soylu, T\u00fcrkiye&#8217;nin bu konudaki kabiliyet ve kapasitesinin her ge\u00e7en g\u00fcn y\u00fckseldi\u011fini belirtti.<\/p>\n<p>&#8211; &#8220;Kat\u0131l\u0131m son 30 y\u0131l\u0131n en d\u00fc\u015f\u00fck seviyesinde&#8221;<\/p>\n<p>B\u00f6l\u00fcc\u00fc ter\u00f6r \u00f6rg\u00fct\u00fc PKK&#8217;n\u0131n T\u00fcrkiye i\u00e7inden \u00f6rg\u00fcte eleman dev\u015firemedi\u011fine i\u015faret eden Soylu, ge\u00e7en y\u0131ldan bu y\u0131la kadar bu oran\u0131n y\u00fczde 86 azald\u0131\u011f\u0131n\u0131 s\u00f6yledi. Soylu, bu y\u0131l \u00f6rg\u00fcte toplam 96 ki\u015finin kat\u0131ld\u0131\u011f\u0131n\u0131 tespit ettiklerini aktararak, ge\u00e7en sene ise bu rakam\u0131n 600&#8217;\u00fcn \u00fczerinde oldu\u011funu ifade etti.<\/p>\n<p>\u0130\u00e7i\u015fleri Bakan\u0131 Soylu, ter\u00f6r \u00f6rg\u00fct\u00fcne kat\u0131l\u0131m\u0131n, son 30 y\u0131l\u0131n en d\u00fc\u015f\u00fck d\u00fczeyinde oldu\u011funu kaydetti.<\/p>\n<!-- Error, Advert is not available at this time due to schedule\/geolocation restrictions! -->\n","protected":false},"excerpt":{"rendered":"<p>Mu\u011fla&#8217;n\u0131n K\u00f6yce\u011fiz il\u00e7esinde g\u00fcvenlik g\u00fc\u00e7lerince d\u00fczenlenen operasyonda 5 PKK&#8217;l\u0131 ter\u00f6rist etkisiz hale getirildi. Al\u0131nan bilgiye g\u00f6re, elde edilen istihbarat \u00fczerine harekete ge\u00e7en polis ve jandarma ekipleri, K\u00f6yce\u011fiz il\u00e7esi Toparlar b\u00f6lgesindeki ormanl\u0131k alanda olduklar\u0131 tespit edilen 7 ki\u015filik PKK&#8217;l\u0131 ter\u00f6rist grubuna y\u00f6nelik ortakla\u015fa operasyon ba\u015flatt\u0131. \u00c7\u0131kan \u00e7at\u0131\u015fmada 5 ter\u00f6rist \u00f6l\u00fc ele ge\u00e7irilirken, 2&#8217;sinin daha yakalanmas\u0131 i\u00e7in &hellip;<\/p>\n","protected":false},"author":4,"featured_media":255217,"comment_status":"open","ping_status":"open","sticky":false,"template":"","format":"standard","meta":{"_acf_changed":false,"footnotes":""},"categories":[763],"tags":[1681,33599,702,5592,161590,40322],"class_list":["post-255216","post","type-post","status-publish","format-standard","has-post-thumbnail","hentry","category-gunun-olayi","tag-izmir","tag-koycegiz","tag-mugla","tag-pkk","tag-seydikemer","tag-suleyman-soylu"],"acf":[],"_links":{"self":[{"href":"https:\/\/www.nationalturk.com\/tr\/wp-json\/wp\/v2\/posts\/255216","targetHints":{"allow":["GET"]}}],"collection":[{"href":"https:\/\/www.nationalturk.com\/tr\/wp-json\/wp\/v2\/posts"}],"about":[{"href":"https:\/\/www.nationalturk.com\/tr\/wp-json\/wp\/v2\/types\/post"}],"author":[{"embeddable":true,"href":"https:\/\/www.nationalturk.com\/tr\/wp-json\/wp\/v2\/users\/4"}],"replies":[{"embeddable":true,"href":"https:\/\/www.nationalturk.com\/tr\/wp-json\/wp\/v2\/comments?post=255216"}],"version-history":[{"count":0,"href":"https:\/\/www.nationalturk.com\/tr\/wp-json\/wp\/v2\/posts\/255216\/revisions"}],"wp:featuredmedia":[{"embeddable":true,"href":"https:\/\/www.nationalturk.com\/tr\/wp-json\/wp\/v2\/media\/255217"}],"wp:attachment":[{"href":"https:\/\/www.nationalturk.com\/tr\/wp-json\/wp\/v2\/media?parent=255216"}],"wp:term":[{"taxonomy":"category","embeddable":true,"href":"https:\/\/www.nationalturk.com\/tr\/wp-json\/wp\/v2\/categories?post=255216"},{"taxonomy":"post_tag","embeddable":true,"href":"https:\/\/www.nationalturk.com\/tr\/wp-json\/wp\/v2\/tags?post=255216"}],"curies":[{"name":"wp","href":"https:\/\/api.w.org\/{rel}","templated":true}]}}